{"id":39512,"date":"2025-08-21T15:55:31","date_gmt":"2025-08-21T13:55:31","guid":{"rendered":"https:\/\/www.forum-soegel.de\/information\/?p=39512"},"modified":"2025-08-21T15:55:31","modified_gmt":"2025-08-21T13:55:31","slug":"zufriedenstellendes-ergebnis-in-2024-herausfordernde-zeiten","status":"publish","type":"post","link":"https:\/\/www.forum-soegel.de\/information\/2025\/08\/zufriedenstellendes-ergebnis-in-2024-herausfordernde-zeiten\/","title":{"rendered":"Zufriedenstellendes Ergebnis in 2024 \u2013 Herausfordernde Zeiten"},"content":{"rendered":"\n<p><strong>Generalversammlung der Raiffeisenbank Ems-Vechte eG<\/strong><\/p>\n\n\n\n<p>Mit einer Bilanzsumme von 762 Mio. Euro steigerte die Raiffeisenbank Ems-Vechte eG ihr Ergebnis erneut. Aufsichtsratsvorsitzende Irmgard Rolfes-Hinson ging bei der Generalversammlung vor 233 G\u00e4sten auf H\u00f6hepunkte wie das 125. Jubil\u00e4um und die Fusion mit der Raiffeisen-Waren Ringe-Wielen-Georgsdorf eG ein. Vorstandsmitglied Josef Mescher stellte die Zahlen im Bankbereich vor. Die Mitgliederzahl wuchs im Gesch\u00e4ftsjahr 2024 auf 6.808 Mitglieder an. Auch die Bilanzsumme konnte um \u00fcber 42 Mio. Euro auf insgesamt 762.384.145,82 Euro gesteigert werden. Zur Vorstellung der F\u00f6rderbilanz spannte Mescher den Bogen zum Gr\u00fcndungsvater der Raiffeisenbanken: \u201eSchon im 19. Jahrhundert pr\u00e4gte Friedrich Wilhelm Raiffeisen das Motto: Das Geld des Dorfes dem Dorfe.\u201c Mit \u00fcber 56 Mio. Euro bleibt die Wertsch\u00f6pfung in Form von Geh\u00e4ltern und Weiterbildungsma\u00dfnahmen f\u00fcr Mitarbeiter, Investitionen in Standorte, Spenden, Steuerzahlungen sowie Warenr\u00fcckverg\u00fctung und Dividendenzahlung in der Region. Die wesentlichen Zahlen im Warenbereich Raiffeisen Ems-Vechte stellte Vorstandsmitglied Albert Weersmann vor. Der Warenumsatz im Gesch\u00e4ftsjahr 2024 hat sich um rund 41 Mio. Euro reduziert; der Warenumschlag steigerte sich um 3 Prozent auf 1.116 Tonnen. Gegen\u00fcber R\u00fcckg\u00e4ngen in den Sparten Rind und Schwein konnte der Bereich Gefl\u00fcgel gesteigert werden. Auch im Bereich D\u00fcngemittelumsatz, Pflanzenschutz und Saatgut gab es unterschiedliche Entwicklungen.<\/p>\n\n\n\n<p>Vorstandsmitglied Holger Terhalle berichtete \u00fcber die Investitionen wie die Inbetriebnahme einer neuen Rohwarensiloanlage in D\u00f6rpen. In Lathen konnte ein neuer Raiffeisen-Markt er\u00f6ffnet werden. In Klein Ber\u00dfen liefen 2024 Bauarbeiten f\u00fcr einen neuen Agrarstandort, sodass im Juni 2025 zum Tag der offenen T\u00fcr eingeladen wurde. Am Standort Laar richtete die Genossenschaft neue B\u00fcror\u00e4umlichkeiten ein und schaffte neue Sozialr\u00e4ume im Futterwerk. Weiter ging Terhalle auf die Entwicklung der Tochtergesellschaften ein. \u201eMit knapp 1,8 Mio. Euro haben unsere Tochterunternehmen und Beteiligungen wieder einen wesentlichen Anteil zum Unternehmensergebnis von 5,7 Mio. Euro beigetragen\u201c.<\/p>\n\n\n\n<p>Die Satzungs\u00e4nderungen stellte Vorstandsmitglied Andreas Terfehr vor. Dabei machte er deutlich, dass es sich um vorsorgliche Satzungs\u00e4nderungen handele: \u201eSeien Sie versichert, dass wir Sie auch in Zukunft schriftlich einladen und Pr\u00e4senzgeneralversammlungen bevorzugen werden.\u201c \u00dcber die Aussch\u00fcttung der Dividende an die Mitglieder wurde mit 3 Prozent und damit 491.376,14 Euro f\u00fcr das Gesch\u00e4ftsjahr 2024 entschieden. In den Aufsichtsrat wiedergew\u00e4hlt wurden Irmgard Rolfes-Hinson, Heinrich Behnen, Berthold Holterhus, Henning Lucas und Geert Kamerhuis sowie neu gew\u00e4hlt Imko Reiners. Zum Warenbeirat geh\u00f6ren weiter Heiner Ostermann, Johann Blenke, Heinrich Kr\u00fcssel, Ralf Jansen, Bernhard Vahlhaus sowie neu Hermann Wiebeziek. Die Aufsichtsratsvorsitzende bedankte sich bei dem ausgeschiedenen Aufsichtsrat G\u00fcnter Schlarmann und w\u00fcnschte ihm f\u00fcr den neuen Lebensabschnitt alles Gute.<\/p>\n\n\n\n<p>Text\/Foto: Kim Karotki (Raiffeisenbank Ems-Vechte eG)<\/p>\n\n\n\n<figure data-wp-context=\"{&quot;imageId&quot;:&quot;69f23b5259e4c&quot;}\" data-wp-interactive=\"core\/image\" data-wp-key=\"69f23b5259e4c\" class=\"wp-block-image size-large wp-lightbox-container\"><img loading=\"lazy\" decoding=\"async\" width=\"1024\" height=\"683\" data-wp-class--hide=\"state.isContentHidden\" data-wp-class--show=\"state.isContentVisible\" data-wp-init=\"callbacks.setButtonStyles\" data-wp-on--click=\"actions.showLightbox\" data-wp-on--load=\"callbacks.setButtonStyles\" data-wp-on-window--resize=\"callbacks.setButtonStyles\" src=\"https:\/\/www.forum-soegel.de\/information\/wp-content\/uploads\/2025\/08\/Zufriedenstellendes-Ergebnis-in-herausfordernden-Zeiten-1024x683.jpg\" alt=\"\" class=\"wp-image-39513\" srcset=\"https:\/\/www.forum-soegel.de\/information\/wp-content\/uploads\/2025\/08\/Zufriedenstellendes-Ergebnis-in-herausfordernden-Zeiten-1024x683.jpg 1024w, https:\/\/www.forum-soegel.de\/information\/wp-content\/uploads\/2025\/08\/Zufriedenstellendes-Ergebnis-in-herausfordernden-Zeiten-300x200.jpg 300w, https:\/\/www.forum-soegel.de\/information\/wp-content\/uploads\/2025\/08\/Zufriedenstellendes-Ergebnis-in-herausfordernden-Zeiten-768x512.jpg 768w, https:\/\/www.forum-soegel.de\/information\/wp-content\/uploads\/2025\/08\/Zufriedenstellendes-Ergebnis-in-herausfordernden-Zeiten-1536x1024.jpg 1536w, https:\/\/www.forum-soegel.de\/information\/wp-content\/uploads\/2025\/08\/Zufriedenstellendes-Ergebnis-in-herausfordernden-Zeiten-2048x1365.jpg 2048w\" sizes=\"auto, (max-width: 1024px) 100vw, 1024px\" \/><button\n\t\t\tclass=\"lightbox-trigger\"\n\t\t\ttype=\"button\"\n\t\t\taria-haspopup=\"dialog\"\n\t\t\taria-label=\"Vergr\u00f6\u00dfern\"\n\t\t\tdata-wp-init=\"callbacks.initTriggerButton\"\n\t\t\tdata-wp-on--click=\"actions.showLightbox\"\n\t\t\tdata-wp-style--right=\"state.imageButtonRight\"\n\t\t\tdata-wp-style--top=\"state.imageButtonTop\"\n\t\t>\n\t\t\t<svg xmlns=\"http:\/\/www.w3.org\/2000\/svg\" width=\"12\" height=\"12\" fill=\"none\" viewBox=\"0 0 12 12\">\n\t\t\t\t<path fill=\"#fff\" d=\"M2 0a2 2 0 0 0-2 2v2h1.5V2a.5.5 0 0 1 .5-.5h2V0H2Zm2 10.5H2a.5.5 0 0 1-.5-.5V8H0v2a2 2 0 0 0 2 2h2v-1.5ZM8 12v-1.5h2a.5.5 0 0 0 .5-.5V8H12v2a2 2 0 0 1-2 2H8Zm2-12a2 2 0 0 1 2 2v2h-1.5V2a.5.5 0 0 0-.5-.5H8V0h2Z\" \/>\n\t\t\t<\/svg>\n\t\t<\/button><figcaption class=\"wp-element-caption\">Feierlicher Abschluss: (v. l.) Holger Terhalle, Andreas Terfehr, Irmgard Rolfes-Hinson, G\u00fcnter Schlarmann, Imko Reiners, Hermann Wiebeziek, stellvertretender Aufsichtsratsvorsitzender Heinrich Behnen, Albert Weersmann und Josef Mescher.<br>\u00a0<\/figcaption><\/figure>\n","protected":false},"excerpt":{"rendered":"Generalversammlung der Raiffeisenbank Ems-Vechte eG Mit einer Bilanzsumme von 762 Mio. Euro steigerte die Raiffeisenbank Ems-Vechte eG ihr Ergebnis erneut. Aufsichtsratsvorsitzende Irmgard Rolfes-Hinson ging bei der Generalversammlung vor 233 G\u00e4sten auf H\u00f6hepunkte wie das 125. Jubil\u00e4um und die Fusion mit der Raiffeisen-Waren Ringe-Wielen-Georgsdorf eG ein. Vorstandsmitglied Josef Mescher stellte die Zahlen im Bankbereich vor. Die [&hellip;]\n","protected":false},"author":2,"featured_media":0,"comment_status":"closed","ping_status":"closed","sticky":false,"template":"","format":"standard","meta":{"ngg_post_thumbnail":0,"footnotes":""},"categories":[4],"tags":[],"class_list":["post-39512","post","type-post","status-publish","format-standard","hentry","category-aus-der-geschaftswelt"],"_links":{"self":[{"href":"https:\/\/www.forum-soegel.de\/information\/wp-json\/wp\/v2\/posts\/39512","targetHints":{"allow":["GET"]}}],"collection":[{"href":"https:\/\/www.forum-soegel.de\/information\/wp-json\/wp\/v2\/posts"}],"about":[{"href":"https:\/\/www.forum-soegel.de\/information\/wp-json\/wp\/v2\/types\/post"}],"author":[{"embeddable":true,"href":"https:\/\/www.forum-soegel.de\/information\/wp-json\/wp\/v2\/users\/2"}],"replies":[{"embeddable":true,"href":"https:\/\/www.forum-soegel.de\/information\/wp-json\/wp\/v2\/comments?post=39512"}],"version-history":[{"count":1,"href":"https:\/\/www.forum-soegel.de\/information\/wp-json\/wp\/v2\/posts\/39512\/revisions"}],"predecessor-version":[{"id":39514,"href":"https:\/\/www.forum-soegel.de\/information\/wp-json\/wp\/v2\/posts\/39512\/revisions\/39514"}],"wp:attachment":[{"href":"https:\/\/www.forum-soegel.de\/information\/wp-json\/wp\/v2\/media?parent=39512"}],"wp:term":[{"taxonomy":"category","embeddable":true,"href":"https:\/\/www.forum-soegel.de\/information\/wp-json\/wp\/v2\/categories?post=39512"},{"taxonomy":"post_tag","embeddable":true,"href":"https:\/\/www.forum-soegel.de\/information\/wp-json\/wp\/v2\/tags?post=39512"}],"curies":[{"name":"wp","href":"https:\/\/api.w.org\/{rel}","templated":true}]}}