{"id":39475,"date":"2025-08-21T15:21:00","date_gmt":"2025-08-21T13:21:00","guid":{"rendered":"https:\/\/www.forum-soegel.de\/information\/?p=39475"},"modified":"2025-08-21T15:21:00","modified_gmt":"2025-08-21T13:21:00","slug":"soegel-rockt-begeistert-mit-queen-tribute-der-extraklasse","status":"publish","type":"post","link":"https:\/\/www.forum-soegel.de\/information\/2025\/08\/soegel-rockt-begeistert-mit-queen-tribute-der-extraklasse\/","title":{"rendered":"\u201eS\u00f6gel rockt!\u201c begeistert mit Queen-Tribute der Extraklasse"},"content":{"rendered":"\n<figure data-wp-context=\"{&quot;imageId&quot;:&quot;69f4b8a661343&quot;}\" data-wp-interactive=\"core\/image\" data-wp-key=\"69f4b8a661343\" class=\"wp-block-image size-large wp-lightbox-container\"><img loading=\"lazy\" decoding=\"async\" width=\"1024\" height=\"702\" data-wp-class--hide=\"state.isContentHidden\" data-wp-class--show=\"state.isContentVisible\" data-wp-init=\"callbacks.setButtonStyles\" data-wp-on--click=\"actions.showLightbox\" data-wp-on--load=\"callbacks.setButtonStyles\" data-wp-on-window--resize=\"callbacks.setButtonStyles\" src=\"https:\/\/www.forum-soegel.de\/information\/wp-content\/uploads\/2025\/08\/Openair-queen-1-1024x702.jpg\" alt=\"\" class=\"wp-image-39476\" srcset=\"https:\/\/www.forum-soegel.de\/information\/wp-content\/uploads\/2025\/08\/Openair-queen-1-1024x702.jpg 1024w, https:\/\/www.forum-soegel.de\/information\/wp-content\/uploads\/2025\/08\/Openair-queen-1-300x206.jpg 300w, https:\/\/www.forum-soegel.de\/information\/wp-content\/uploads\/2025\/08\/Openair-queen-1-768x526.jpg 768w, https:\/\/www.forum-soegel.de\/information\/wp-content\/uploads\/2025\/08\/Openair-queen-1-1536x1052.jpg 1536w, https:\/\/www.forum-soegel.de\/information\/wp-content\/uploads\/2025\/08\/Openair-queen-1.jpg 2048w\" sizes=\"auto, (max-width: 1024px) 100vw, 1024px\" \/><button\n\t\t\tclass=\"lightbox-trigger\"\n\t\t\ttype=\"button\"\n\t\t\taria-haspopup=\"dialog\"\n\t\t\taria-label=\"Vergr\u00f6\u00dfern\"\n\t\t\tdata-wp-init=\"callbacks.initTriggerButton\"\n\t\t\tdata-wp-on--click=\"actions.showLightbox\"\n\t\t\tdata-wp-style--right=\"state.imageButtonRight\"\n\t\t\tdata-wp-style--top=\"state.imageButtonTop\"\n\t\t>\n\t\t\t<svg xmlns=\"http:\/\/www.w3.org\/2000\/svg\" width=\"12\" height=\"12\" fill=\"none\" viewBox=\"0 0 12 12\">\n\t\t\t\t<path fill=\"#fff\" d=\"M2 0a2 2 0 0 0-2 2v2h1.5V2a.5.5 0 0 1 .5-.5h2V0H2Zm2 10.5H2a.5.5 0 0 1-.5-.5V8H0v2a2 2 0 0 0 2 2h2v-1.5ZM8 12v-1.5h2a.5.5 0 0 0 .5-.5V8H12v2a2 2 0 0 1-2 2H8Zm2-12a2 2 0 0 1 2 2v2h-1.5V2a.5.5 0 0 0-.5-.5H8V0h2Z\" \/>\n\t\t\t<\/svg>\n\t\t<\/button><\/figure>\n\n\n\n<p>Am Samstag, den 28. Juni, verwandelte sich der Heimathof S\u00f6gel bei traumhaftem Sommerwetter in eine B\u00fchne der Rockgeschichte. Beim ausverkauften Open-Air-Event \u201eS\u00f6gel rockt!\u201c feierten knapp 500 Queen-Fans ausgelassen die Musik der legend\u00e4ren Band \u2013 dargeboten von niemand Geringerem als der international erfolgreichen Tribute-Band MerQury. Die Tickets waren bereits zu Weihnachten vergriffen \u2013 ein deutliches Zeichen f\u00fcr die ungebrochene Faszination an Freddie Mercury &amp; Co. und f\u00fcr das Renommee, das sich das Open Air auf dem Heimathof inzwischen erarbeitet hat.<\/p>\n\n\n\n<p>Den Auftakt des Abends machte das Acoustic Duo Chrisses, das mit gef\u00fchlvollen Kl\u00e4ngen das Publikum auf die Rocknacht einstimmte. Der musikalische H\u00f6hepunkt folgte mit dem Auftritt von MerQury, einer der weltweit gefragtesten Queen-Tribute-Bands. Seit ihrer Gr\u00fcndung 1991 hat die Formation mit ihren vier Absolventen der Dresdner Hochschule f\u00fcr Musik und einem charismatischen britischen Frontmann \u00fcber 2500 Shows in mehr als 20 L\u00e4ndern gespielt. Auch in S\u00f6gel \u00fcberzeugten sie mit musikalischer Pr\u00e4zision, mitrei\u00dfender Show und authentischer Queen-Energie.<\/p>\n\n\n\n<p>F\u00fcr das leibliche Wohl und dem Getr\u00e4nkeverkauf sorgte die Kolpingfamilie S\u00f6gel-Stavern&nbsp;tatkr\u00e4ftig unterst\u00fctzt von zahlreichen ehrenamtlichen Helferinnen und Helfern.<\/p>\n\n\n\n<p>Jannis Kuper, Mitorganisator des Open Airs, betonte: \u201eOhne das gro\u00dfartige Engagement unserer Ehrenamtlichen w\u00e4re ein solches Event nicht machbar.\u201c Auch Christian L\u00f6gering&nbsp;von der S\u00f6gel Marketing GmbH, dem offiziellen Veranstalter, zeigte sich \u00e4u\u00dferst zufrieden mit dem Ablauf und der Resonanz des Abends.<\/p>\n\n\n\n<p>Ein besonderer Dank gilt den Sponsoren&nbsp;\u2013 Sparkasse Emsland, Bitburger, Wittrock, Deutsche Bank Immobilien sowie der Gemeinde S\u00f6gel die das Event finanziell und organisatorisch unterst\u00fctzten.<\/p>\n\n\n\n<p>Text: S\u00f6gel Marketing<\/p>\n\n\n\n<p>Fotos: Bernhard Schepers, Jannis Kuper<\/p>\n\n\n\n<figure data-wp-context=\"{&quot;imageId&quot;:&quot;69f4b8a6620b9&quot;}\" data-wp-interactive=\"core\/image\" data-wp-key=\"69f4b8a6620b9\" class=\"wp-block-image size-large wp-lightbox-container\"><img loading=\"lazy\" decoding=\"async\" width=\"1024\" height=\"771\" data-wp-class--hide=\"state.isContentHidden\" data-wp-class--show=\"state.isContentVisible\" data-wp-init=\"callbacks.setButtonStyles\" data-wp-on--click=\"actions.showLightbox\" data-wp-on--load=\"callbacks.setButtonStyles\" data-wp-on-window--resize=\"callbacks.setButtonStyles\" src=\"https:\/\/www.forum-soegel.de\/information\/wp-content\/uploads\/2025\/08\/Openair-queen-2-1024x771.jpg\" alt=\"\" class=\"wp-image-39477\" srcset=\"https:\/\/www.forum-soegel.de\/information\/wp-content\/uploads\/2025\/08\/Openair-queen-2-1024x771.jpg 1024w, https:\/\/www.forum-soegel.de\/information\/wp-content\/uploads\/2025\/08\/Openair-queen-2-300x226.jpg 300w, https:\/\/www.forum-soegel.de\/information\/wp-content\/uploads\/2025\/08\/Openair-queen-2-768x578.jpg 768w, https:\/\/www.forum-soegel.de\/information\/wp-content\/uploads\/2025\/08\/Openair-queen-2-1536x1156.jpg 1536w, https:\/\/www.forum-soegel.de\/information\/wp-content\/uploads\/2025\/08\/Openair-queen-2-2048x1542.jpg 2048w\" sizes=\"auto, (max-width: 1024px) 100vw, 1024px\" \/><button\n\t\t\tclass=\"lightbox-trigger\"\n\t\t\ttype=\"button\"\n\t\t\taria-haspopup=\"dialog\"\n\t\t\taria-label=\"Vergr\u00f6\u00dfern\"\n\t\t\tdata-wp-init=\"callbacks.initTriggerButton\"\n\t\t\tdata-wp-on--click=\"actions.showLightbox\"\n\t\t\tdata-wp-style--right=\"state.imageButtonRight\"\n\t\t\tdata-wp-style--top=\"state.imageButtonTop\"\n\t\t>\n\t\t\t<svg xmlns=\"http:\/\/www.w3.org\/2000\/svg\" width=\"12\" height=\"12\" fill=\"none\" viewBox=\"0 0 12 12\">\n\t\t\t\t<path fill=\"#fff\" d=\"M2 0a2 2 0 0 0-2 2v2h1.5V2a.5.5 0 0 1 .5-.5h2V0H2Zm2 10.5H2a.5.5 0 0 1-.5-.5V8H0v2a2 2 0 0 0 2 2h2v-1.5ZM8 12v-1.5h2a.5.5 0 0 0 .5-.5V8H12v2a2 2 0 0 1-2 2H8Zm2-12a2 2 0 0 1 2 2v2h-1.5V2a.5.5 0 0 0-.5-.5H8V0h2Z\" \/>\n\t\t\t<\/svg>\n\t\t<\/button><figcaption class=\"wp-element-caption\">Jannis Kuper (2.v.r.) mit der Band MerQury und einigen ehrenamtlichen Helferinnen<\/figcaption><\/figure>\n","protected":false},"excerpt":{"rendered":"Am Samstag, den 28. Juni, verwandelte sich der Heimathof S\u00f6gel bei traumhaftem Sommerwetter in eine B\u00fchne der Rockgeschichte. Beim ausverkauften Open-Air-Event \u201eS\u00f6gel rockt!\u201c feierten knapp 500 Queen-Fans ausgelassen die Musik der legend\u00e4ren Band \u2013 dargeboten von niemand Geringerem als der international erfolgreichen Tribute-Band MerQury. Die Tickets waren bereits zu Weihnachten vergriffen \u2013 ein deutliches Zeichen [&hellip;]\n","protected":false},"author":2,"featured_media":0,"comment_status":"closed","ping_status":"closed","sticky":false,"template":"","format":"standard","meta":{"ngg_post_thumbnail":0,"footnotes":""},"categories":[3],"tags":[],"class_list":["post-39475","post","type-post","status-publish","format-standard","hentry","category-aktuelles-aus-der-region"],"_links":{"self":[{"href":"https:\/\/www.forum-soegel.de\/information\/wp-json\/wp\/v2\/posts\/39475","targetHints":{"allow":["GET"]}}],"collection":[{"href":"https:\/\/www.forum-soegel.de\/information\/wp-json\/wp\/v2\/posts"}],"about":[{"href":"https:\/\/www.forum-soegel.de\/information\/wp-json\/wp\/v2\/types\/post"}],"author":[{"embeddable":true,"href":"https:\/\/www.forum-soegel.de\/information\/wp-json\/wp\/v2\/users\/2"}],"replies":[{"embeddable":true,"href":"https:\/\/www.forum-soegel.de\/information\/wp-json\/wp\/v2\/comments?post=39475"}],"version-history":[{"count":1,"href":"https:\/\/www.forum-soegel.de\/information\/wp-json\/wp\/v2\/posts\/39475\/revisions"}],"predecessor-version":[{"id":39478,"href":"https:\/\/www.forum-soegel.de\/information\/wp-json\/wp\/v2\/posts\/39475\/revisions\/39478"}],"wp:attachment":[{"href":"https:\/\/www.forum-soegel.de\/information\/wp-json\/wp\/v2\/media?parent=39475"}],"wp:term":[{"taxonomy":"category","embeddable":true,"href":"https:\/\/www.forum-soegel.de\/information\/wp-json\/wp\/v2\/categories?post=39475"},{"taxonomy":"post_tag","embeddable":true,"href":"https:\/\/www.forum-soegel.de\/information\/wp-json\/wp\/v2\/tags?post=39475"}],"curies":[{"name":"wp","href":"https:\/\/api.w.org\/{rel}","templated":true}]}}