{"id":3912,"date":"2010-12-01T00:31:14","date_gmt":"2010-11-30T23:31:14","guid":{"rendered":"https:\/\/www.forum-soegel.de\/information\/?p=3912"},"modified":"2010-11-27T17:34:04","modified_gmt":"2010-11-27T16:34:04","slug":"%e2%80%9ewir-sind-einzigartig-in-deutschland%e2%80%9c","status":"publish","type":"post","link":"https:\/\/www.forum-soegel.de\/information\/2010\/12\/%e2%80%9ewir-sind-einzigartig-in-deutschland%e2%80%9c\/","title":{"rendered":"\u201eWir sind einzigartig in Deutschland\u201c,"},"content":{"rendered":"<p>erkl\u00e4rte der Vorsitzende des Vereines \u201eForum S\u00f6gel\u201c Bernd Eggert seinen G\u00e4sten vom CDU-Ortsverband mit der Bundestagsabgeordneten Gitta Connemann das Alleinstellungsmerkmal der Institution. Zu Gast war ebenfalls die Klasse 4c mit Klassenlehrerin Gisela Henze. Die Kombination von Geschichtswerkstatt und Zukunftswerkstatt gebe es bisher nur in S\u00f6gel, so Eggert. \u201eDarauf sind wir stolz!\u201c<\/p>\n<p>Mehr als tausend Arbeitsstunden sind nach Aussagen von Eggert ehrenamtlich eingebracht worden, um die Zukunfts- und Geschichtswerkstatt in dieser Form an der Sigiltrastra\u00dfe pr\u00e4sentieren zu k\u00f6nnen. Die Einrichtung soll dazu beitragen, das h\u00e4ufig mangelnde Wissen der Sch\u00fclerinnen und Sch\u00fcler \u00fcber ihre Heimat aufzubessern. Aber auch viele interessierte Erwachsene seien bereits zu Gast in der Werkstatt gewesen.<\/p>\n<p>Dazu sagten die Initiatoren Bernhard Schulte und Hermann Wichmann, dass das Lernen von Geschichte und Zukunft\u00a0 zum Erlebnis wird. Hier d\u00fcrfen Sch\u00fclerinnen und Sch\u00fcler selbst Hand anlegen. Einzelne Stationen in der Werkstatt w\u00fcrden dazu auffordern.<\/p>\n<p>Eggert wies auch darauf hin, dass der Verein eine hervorragende Unterst\u00fctzung durch die Gemeinde S\u00f6gel\u00a0und durch die BBS Meppen-gewerbliche Fachrichtung- erfahren w\u00fcrde. \u201eZudem haben wir sehr aktive Mitglieder, die alle gerne mit anpacken. Erst durch diese Konstellation ist es uns m\u00f6glich, so erfolgreich arbeiten zu k\u00f6nnen.\u201c<\/p>\n<p>Eingehend auf die Frage Connemanns zur Motivation im Verein berichtete Eggert, dass die aktiven Mitglieder allesamt an der Geschichte S\u00f6gels interessiert seien und gerne mit Sch\u00fclern arbeiten w\u00fcrden.<\/p>\n<p>Gitta Connemann zeigte sich sehr beeindruckt von der Einrichtung. &#8222;Das ist einmalig, was Sie hier machen, ich habe viel gelernt&#8220;, gibt sie zu. Und weiter: &#8220; Geschichte und Zukunft so eindrucksvoll zu verkn\u00fcpfen, das hat mich begeistert&#8220;, sagte Connemann ihre Verwendung f\u00fcr das Projekt zu.<\/p>\n<p>Gleiches best\u00e4tigte Simone Kla\u00dfen, Vorsitzende des CDU-Ortsverbandes: \u201eHier wird gute Arbeit geleistet, wir finden den Verein sehr unterst\u00fctzenswert!\u201c<\/p>\n<p>Gemeinsam machten sich die G\u00e4ste mit den Sch\u00fclern auf den Weg durch die Ausstellung und lernten auch gleich Wissenswertes beispielsweise \u00fcber die Bauweise von alten Bauernh\u00e4usern, das Erkennen von Altersringen an B\u00e4umen und der geschichtliche Bezug zu den jeweiligen Jahren und Vieles mehr.<\/p>\n<p>Text:IC Foto: KS<\/p>\n<p><a href=\"https:\/\/www.forum-soegel.de\/information\/wp-content\/uploads\/2010\/12\/Connemann-Geschichts-und-Zukunftswerkstatt.jpg\"><img loading=\"lazy\" decoding=\"async\" class=\"alignnone size-thumbnail wp-image-3914\" title=\"Connemann Geschichts und Zukunftswerkstatt\" src=\"https:\/\/www.forum-soegel.de\/information\/wp-content\/uploads\/2010\/12\/Connemann-Geschichts-und-Zukunftswerkstatt-150x150.jpg\" alt=\"\" width=\"150\" height=\"150\" \/><\/a><\/p>\n","protected":false},"excerpt":{"rendered":"erkl\u00e4rte der Vorsitzende des Vereines \u201eForum S\u00f6gel\u201c Bernd Eggert seinen G\u00e4sten vom CDU-Ortsverband mit der Bundestagsabgeordneten Gitta Connemann das Alleinstellungsmerkmal der Institution. Zu Gast war ebenfalls die Klasse 4c mit Klassenlehrerin Gisela Henze. Die Kombination von Geschichtswerkstatt und Zukunftswerkstatt gebe es bisher nur in S\u00f6gel, so Eggert. \u201eDarauf sind wir stolz!\u201c Mehr als tausend Arbeitsstunden [&hellip;]\n","protected":false},"author":2,"featured_media":0,"comment_status":"closed","ping_status":"closed","sticky":false,"template":"","format":"standard","meta":{"ngg_post_thumbnail":0,"footnotes":""},"categories":[5],"tags":[156],"class_list":["post-3912","post","type-post","status-publish","format-standard","hentry","category-was-machen-die-vereine","tag-forum-sogel"],"_links":{"self":[{"href":"https:\/\/www.forum-soegel.de\/information\/wp-json\/wp\/v2\/posts\/3912","targetHints":{"allow":["GET"]}}],"collection":[{"href":"https:\/\/www.forum-soegel.de\/information\/wp-json\/wp\/v2\/posts"}],"about":[{"href":"https:\/\/www.forum-soegel.de\/information\/wp-json\/wp\/v2\/types\/post"}],"author":[{"embeddable":true,"href":"https:\/\/www.forum-soegel.de\/information\/wp-json\/wp\/v2\/users\/2"}],"replies":[{"embeddable":true,"href":"https:\/\/www.forum-soegel.de\/information\/wp-json\/wp\/v2\/comments?post=3912"}],"version-history":[{"count":3,"href":"https:\/\/www.forum-soegel.de\/information\/wp-json\/wp\/v2\/posts\/3912\/revisions"}],"predecessor-version":[{"id":3916,"href":"https:\/\/www.forum-soegel.de\/information\/wp-json\/wp\/v2\/posts\/3912\/revisions\/3916"}],"wp:attachment":[{"href":"https:\/\/www.forum-soegel.de\/information\/wp-json\/wp\/v2\/media?parent=3912"}],"wp:term":[{"taxonomy":"category","embeddable":true,"href":"https:\/\/www.forum-soegel.de\/information\/wp-json\/wp\/v2\/categories?post=3912"},{"taxonomy":"post_tag","embeddable":true,"href":"https:\/\/www.forum-soegel.de\/information\/wp-json\/wp\/v2\/tags?post=3912"}],"curies":[{"name":"wp","href":"https:\/\/api.w.org\/{rel}","templated":true}]}}