{"id":3900,"date":"2010-12-01T00:16:14","date_gmt":"2010-11-30T23:16:14","guid":{"rendered":"https:\/\/www.forum-soegel.de\/information\/?p=3900"},"modified":"2010-11-27T17:25:13","modified_gmt":"2010-11-27T16:25:13","slug":"20-jahriges-jubilaum-des-vereins-kinder-und-jugendhilfe-fur-europa-e-v","status":"publish","type":"post","link":"https:\/\/www.forum-soegel.de\/information\/2010\/12\/20-jahriges-jubilaum-des-vereins-kinder-und-jugendhilfe-fur-europa-e-v\/","title":{"rendered":"20- j\u00e4hriges Jubil\u00e4um des Vereins &#8222;Kinder- und Jugendhilfe f\u00fcr Europa e.V.&#8220;"},"content":{"rendered":"<p>Zum 20-j\u00e4hrigem Jubil\u00e4um des S\u00f6geler Vereins &#8222;Kinder- und Jugendhilfe\u00a0<\/p>\n<p>f\u00fcr Europa e. V.&#8220; hielt der Beirat des Parit\u00e4tischen Jugendwerks<\/p>\n<p>Niedersachsen \u00a0seine Beiratssitzung am 02. Nov. 2010 bei seiner Mitglieder Organisation \u00a0&#8222;Auf dem Poskeberg&#8220; in S\u00f6gel ab.\u00a0\u00a0\u00a0\u00a0<\/p>\n<p>Dem Parit\u00e4tischen Jugendwerk Niedersachsen geh\u00f6ren derzeit 112 Organisationen an.<\/p>\n<p>Der Verein Kinder- und Jugendhilfe f\u00fcr Europa e. V. f\u00f6rdert den Jugend-<\/p>\n<p>austausch mit benachteiligten Kindern, Jugendlichen und jungen Erwachsenen innerhalb Europas. Freizeitma\u00dfnahmen fanden bisher unter<\/p>\n<p>erlebnisp\u00e4dagogischen Gesichtspunkten in Deutschland, in den Niederlanden, in<\/p>\n<p>Frankreich, in Griechenland, in Rum\u00e4nien, in Finnland und in Portugal statt.<\/p>\n<p>In der Regel arbeiten wir mit den Jugend\u00e4mtern oder Jugendorganisationen<\/p>\n<p>vor\u00a0 Ort.<\/p>\n<p>Ein weiterer Schwerpunkt der Vereinsarbeit\u00a0 ist in der Integration von<\/p>\n<p>Benachteiligten in das Gemeinwesen wiederzufinden.<\/p>\n<p>Der Verein finanziert seine Arbeit durch Spenden, Sponsoren, Teilnehmerbeitr\u00e4ge, EU-Mittel und kommunale Zusch\u00fcsse.<\/p>\n<p>Text\/Foto: Hans Joachim Niermann<\/p>\n<div id=\"attachment_3901\" style=\"width: 310px\" class=\"wp-caption alignnone\"><a href=\"https:\/\/www.forum-soegel.de\/information\/wp-content\/uploads\/2010\/11\/20-j\u00e4hriges1.jpg\"><img loading=\"lazy\" decoding=\"async\" aria-describedby=\"caption-attachment-3901\" class=\"size-medium wp-image-3901 \" title=\"20 j\u00e4hriges1\" src=\"https:\/\/www.forum-soegel.de\/information\/wp-content\/uploads\/2010\/11\/20-j\u00e4hriges1-300x215.jpg\" alt=\"\" width=\"300\" height=\"215\" srcset=\"https:\/\/www.forum-soegel.de\/information\/wp-content\/uploads\/2010\/11\/20-j\u00e4hriges1-300x215.jpg 300w, https:\/\/www.forum-soegel.de\/information\/wp-content\/uploads\/2010\/11\/20-j\u00e4hriges1.jpg 1024w\" sizes=\"auto, (max-width: 300px) 100vw, 300px\" \/><\/a><p id=\"caption-attachment-3901\" class=\"wp-caption-text\">Mitglieder des Beirates des Parit\u00e4tischen Jugendwerkes Niedersachsen sowie Referenten des PJW<\/p><\/div>\n<div id=\"attachment_3902\" style=\"width: 310px\" class=\"wp-caption alignnone\"><a href=\"https:\/\/www.forum-soegel.de\/information\/wp-content\/uploads\/2010\/11\/20-j\u00e4hriges2.jpg\"><img loading=\"lazy\" decoding=\"async\" aria-describedby=\"caption-attachment-3902\" class=\"size-medium wp-image-3902 \" title=\"20 j\u00e4hriges2\" src=\"https:\/\/www.forum-soegel.de\/information\/wp-content\/uploads\/2010\/11\/20-j\u00e4hriges2-300x225.jpg\" alt=\"\" width=\"300\" height=\"225\" srcset=\"https:\/\/www.forum-soegel.de\/information\/wp-content\/uploads\/2010\/11\/20-j\u00e4hriges2-300x225.jpg 300w, https:\/\/www.forum-soegel.de\/information\/wp-content\/uploads\/2010\/11\/20-j\u00e4hriges2.jpg 1024w\" sizes=\"auto, (max-width: 300px) 100vw, 300px\" \/><\/a><p id=\"caption-attachment-3902\" class=\"wp-caption-text\">Von links: Bernd G\u00f6ddertz (Vorsitzender des Beirates des PJW) Sebastian B\u00f6stel (Vorstand des Parit\u00e4tischen Niedersachsen) Karsten Maul (Gesch\u00e4ftsf\u00fchrer des PJW)<\/p><\/div>\n","protected":false},"excerpt":{"rendered":"Zum 20-j\u00e4hrigem Jubil\u00e4um des S\u00f6geler Vereins &#8222;Kinder- und Jugendhilfe\u00a0 f\u00fcr Europa e. V.&#8220; hielt der Beirat des Parit\u00e4tischen Jugendwerks Niedersachsen \u00a0seine Beiratssitzung am 02. Nov. 2010 bei seiner Mitglieder Organisation \u00a0&#8222;Auf dem Poskeberg&#8220; in S\u00f6gel ab.\u00a0\u00a0\u00a0\u00a0 Dem Parit\u00e4tischen Jugendwerk Niedersachsen geh\u00f6ren derzeit 112 Organisationen an. Der Verein Kinder- und Jugendhilfe f\u00fcr Europa e. V. f\u00f6rdert [&hellip;]\n","protected":false},"author":2,"featured_media":0,"comment_status":"closed","ping_status":"closed","sticky":false,"template":"","format":"standard","meta":{"ngg_post_thumbnail":0,"footnotes":""},"categories":[5],"tags":[352],"class_list":["post-3900","post","type-post","status-publish","format-standard","hentry","category-was-machen-die-vereine","tag-kinder-und-jugendhilfe"],"_links":{"self":[{"href":"https:\/\/www.forum-soegel.de\/information\/wp-json\/wp\/v2\/posts\/3900","targetHints":{"allow":["GET"]}}],"collection":[{"href":"https:\/\/www.forum-soegel.de\/information\/wp-json\/wp\/v2\/posts"}],"about":[{"href":"https:\/\/www.forum-soegel.de\/information\/wp-json\/wp\/v2\/types\/post"}],"author":[{"embeddable":true,"href":"https:\/\/www.forum-soegel.de\/information\/wp-json\/wp\/v2\/users\/2"}],"replies":[{"embeddable":true,"href":"https:\/\/www.forum-soegel.de\/information\/wp-json\/wp\/v2\/comments?post=3900"}],"version-history":[{"count":5,"href":"https:\/\/www.forum-soegel.de\/information\/wp-json\/wp\/v2\/posts\/3900\/revisions"}],"predecessor-version":[{"id":3907,"href":"https:\/\/www.forum-soegel.de\/information\/wp-json\/wp\/v2\/posts\/3900\/revisions\/3907"}],"wp:attachment":[{"href":"https:\/\/www.forum-soegel.de\/information\/wp-json\/wp\/v2\/media?parent=3900"}],"wp:term":[{"taxonomy":"category","embeddable":true,"href":"https:\/\/www.forum-soegel.de\/information\/wp-json\/wp\/v2\/categories?post=3900"},{"taxonomy":"post_tag","embeddable":true,"href":"https:\/\/www.forum-soegel.de\/information\/wp-json\/wp\/v2\/tags?post=3900"}],"curies":[{"name":"wp","href":"https:\/\/api.w.org\/{rel}","templated":true}]}}