{"id":3896,"date":"2010-12-01T00:14:14","date_gmt":"2010-11-30T23:14:14","guid":{"rendered":"https:\/\/www.forum-soegel.de\/information\/?p=3896"},"modified":"2010-11-27T17:15:40","modified_gmt":"2010-11-27T16:15:40","slug":"764","status":"publish","type":"post","link":"https:\/\/www.forum-soegel.de\/information\/2010\/12\/764\/","title":{"rendered":"764"},"content":{"rendered":"<p>Eine \u00fcberregional erscheinende Zeitung bringt in ihrer w\u00f6chentlichen Samstagsausgabe immer<\/p>\n<p>\u201edie Zahl der Woche\u201c.<\/p>\n<p>Mit dieser Zahl setzt sie Menschen und bestimmte Ereignisse in Verbindung.<\/p>\n<p>Unsere Zahl des Jahres, liebe Leserinnen und Leser lautet <strong>764<\/strong>.<\/p>\n<p>Das ist die Anzahl der Seiten, auf denen wir in diesem Jahr 2010 \u00fcber das Geschehen und\u00a0 die Ereignisse in S\u00f6gel, Eisten, H\u00fcven, Spahnharrenst\u00e4tte und Werpeloh berichtet haben.<\/p>\n<p>Eingebunden waren ganz viele Menschen, die neben Schule, Beruf und Familie das Geschehen in dieser Region ma\u00dfgeblich mitgestaltet haben.<\/p>\n<p>Der S\u00f6geler Weihnachtsmarkt ist ein Beispiel, wie sich neben gewerblichen Ausstellern viele gemeinn\u00fctzige Vereine dort engagiert haben.<\/p>\n<p>764 Seiten, das hei\u00dft, es ist viel geschehen in diesem Jahr und es war, wie man heute sagt, spannend, dar\u00fcber zu lesen.<\/p>\n<p>All das noch einmal zusammenzufassen w\u00fcrde den Rahmen des Vorwortes sprengen, deshalb folgen wir an dieser Stelle dem guten Brauch des Dankens.<\/p>\n<p>Wir danken den Unternehmen und Gemeinden unseres Verbreitungsgebietes, die mit regelm\u00e4\u00dfigen Anzeigen bzw. Zusch\u00fcssen die Finanzierung dieser Brosch\u00fcre sicherstellen und damit die ehrenamtliche Arbeit des Redaktionsteam wesentlich erleichtern.<\/p>\n<p>In den Dank einbeziehen m\u00f6chten wir Sie, liebe Leserinnen und Leser, deren offenkundiges Vertrauen wir genie\u00dfen d\u00fcrfen.<\/p>\n<p>Wir w\u00fcnschen Ihnen ein besinnliches Weihnachtsfest und ein gesundes gl\u00fcckliches Neues Jahr.<\/p>\n<p>Gemeinsam mit Ihnen setzen wir auf ein erfolgreiches Jahr 2011<\/p>\n<p>Ihr Redaktionsteam<\/p>\n","protected":false},"excerpt":{"rendered":"Eine \u00fcberregional erscheinende Zeitung bringt in ihrer w\u00f6chentlichen Samstagsausgabe immer \u201edie Zahl der Woche\u201c. Mit dieser Zahl setzt sie Menschen und bestimmte Ereignisse in Verbindung. Unsere Zahl des Jahres, liebe Leserinnen und Leser lautet 764. Das ist die Anzahl der Seiten, auf denen wir in diesem Jahr 2010 \u00fcber das Geschehen und\u00a0 die Ereignisse in [&hellip;]\n","protected":false},"author":2,"featured_media":0,"comment_status":"closed","ping_status":"closed","sticky":false,"template":"","format":"standard","meta":{"ngg_post_thumbnail":0,"footnotes":""},"categories":[393],"tags":[],"class_list":["post-3896","post","type-post","status-publish","format-standard","hentry","category-vorwort"],"_links":{"self":[{"href":"https:\/\/www.forum-soegel.de\/information\/wp-json\/wp\/v2\/posts\/3896","targetHints":{"allow":["GET"]}}],"collection":[{"href":"https:\/\/www.forum-soegel.de\/information\/wp-json\/wp\/v2\/posts"}],"about":[{"href":"https:\/\/www.forum-soegel.de\/information\/wp-json\/wp\/v2\/types\/post"}],"author":[{"embeddable":true,"href":"https:\/\/www.forum-soegel.de\/information\/wp-json\/wp\/v2\/users\/2"}],"replies":[{"embeddable":true,"href":"https:\/\/www.forum-soegel.de\/information\/wp-json\/wp\/v2\/comments?post=3896"}],"version-history":[{"count":3,"href":"https:\/\/www.forum-soegel.de\/information\/wp-json\/wp\/v2\/posts\/3896\/revisions"}],"predecessor-version":[{"id":3899,"href":"https:\/\/www.forum-soegel.de\/information\/wp-json\/wp\/v2\/posts\/3896\/revisions\/3899"}],"wp:attachment":[{"href":"https:\/\/www.forum-soegel.de\/information\/wp-json\/wp\/v2\/media?parent=3896"}],"wp:term":[{"taxonomy":"category","embeddable":true,"href":"https:\/\/www.forum-soegel.de\/information\/wp-json\/wp\/v2\/categories?post=3896"},{"taxonomy":"post_tag","embeddable":true,"href":"https:\/\/www.forum-soegel.de\/information\/wp-json\/wp\/v2\/tags?post=3896"}],"curies":[{"name":"wp","href":"https:\/\/api.w.org\/{rel}","templated":true}]}}