{"id":3867,"date":"2010-12-01T00:47:46","date_gmt":"2010-11-30T23:47:46","guid":{"rendered":"https:\/\/www.forum-soegel.de\/information\/?p=3867"},"modified":"2010-11-27T16:53:17","modified_gmt":"2010-11-27T15:53:17","slug":"wechsel-an-der-spitze-der-freiwilligen-feuerwehr-spahnharrenstatte","status":"publish","type":"post","link":"https:\/\/www.forum-soegel.de\/information\/2010\/12\/wechsel-an-der-spitze-der-freiwilligen-feuerwehr-spahnharrenstatte\/","title":{"rendered":"Wechsel an der Spitze der Freiwilligen Feuerwehr Spahnharrenst\u00e4tte"},"content":{"rendered":"<p>Ehrungen, Bef\u00f6rderungen und Verabschiedungen standen auf dem Programm des diesj\u00e4hrigen Feuerwehrfestes der Freiwilligen Feuerwehr Spahnharrenst\u00e4tte.<\/p>\n<p>Bevor es zum gem\u00fctlichen Teil des Abends ging, hatten der stellvertretende Bezirksleiter Heinz Jansen, Gemeindebrandmeister Hermann Weller sowie Ortsbrandmeister Alfons Baalmann alle H\u00e4nde voll zu tun. Ein Kamerad wurde nach neun Jahren im Dienst nach Aschendorf verabschiedet, drei Kameraden konnten f\u00fcr ihr jahrzehntelanges Engagement in der Freiwilligen Feuerwehr geehrt werden, f\u00fcnf Feuerwehrm\u00e4nner wurden bef\u00f6rdert, wobei zugleich eine \u00c4ra endete.<\/p>\n<p>Nach langj\u00e4hriger T\u00e4tigkeit als Ortsbrandmeister \u00fcbernahm Wilhelm Jansen nun nach seiner Ernennung zum Ehrenbrandmeister den Vorsitz des F\u00f6rdervereins der Freiwilligen Feuerwehr Spahnharrenst\u00e4tte. Den vakanten Posten des Ortsbrandmeisters besetzt mit sofortiger Wirkung Alfons Baalmann, stellvertretender Ortsbrandmeister ist jetzt Arno Will.<\/p>\n<p>Bef\u00f6rderungen und Ehrungen zeigten, dass Feuerwehrarbeit mehr sei als ein reines Ehrenamt. Vielmehr k\u00f6nnten die Geehrten als Beweis daf\u00fcr dienen, dass sie ihr Wirken fast schon als Lebensaufgabe verst\u00fcnden, wie Heinz Jansen darlegte. Schon in jungen Jahren seien die Kameraden in die Feuerwehr eingetreten und ihr bis heute treu geblieben. Auch die aktuelle Altersstruktur mache deutlich, dass sich die Freiwillige Feuerwehr Spahnharrenst\u00e4tte keine Nachwuchssorgen machen m\u00fcsse. Den Bef\u00f6rderten gab er mit auf den Weg, auch weiterhin an der Aus- und Weiterbildung interessiert zu bleiben, ihre ganze Kraft in den Dienst der Feuerwehr und damit der Allgemeinheit zu stellen.<\/p>\n<p>Text\/Fotos: JB<\/p>\n<div id=\"attachment_3868\" style=\"width: 310px\" class=\"wp-caption alignnone\"><a href=\"https:\/\/www.forum-soegel.de\/information\/wp-content\/uploads\/2010\/11\/Wechsel-an-der-Spitze-der-FF-SPH-1.jpg\"><img loading=\"lazy\" decoding=\"async\" aria-describedby=\"caption-attachment-3868\" class=\"size-medium wp-image-3868\" title=\"Wechsel an der Spitze der FF SPH 1\" src=\"https:\/\/www.forum-soegel.de\/information\/wp-content\/uploads\/2010\/11\/Wechsel-an-der-Spitze-der-FF-SPH-1-300x225.jpg\" alt=\"\" width=\"300\" height=\"225\" srcset=\"https:\/\/www.forum-soegel.de\/information\/wp-content\/uploads\/2010\/11\/Wechsel-an-der-Spitze-der-FF-SPH-1-300x225.jpg 300w, https:\/\/www.forum-soegel.de\/information\/wp-content\/uploads\/2010\/11\/Wechsel-an-der-Spitze-der-FF-SPH-1.jpg 1024w\" sizes=\"auto, (max-width: 300px) 100vw, 300px\" \/><\/a><p id=\"caption-attachment-3868\" class=\"wp-caption-text\">Foto zeigt links Hermann Weller, der Alfons Baalmann seine Bef\u00f6rderungsurkunde \u00fcberreicht<\/p><\/div>\n<div id=\"attachment_3869\" style=\"width: 310px\" class=\"wp-caption alignnone\"><a href=\"https:\/\/www.forum-soegel.de\/information\/wp-content\/uploads\/2010\/11\/Wechsel-an-der-Spitze-der-FF-SPH-2.jpg\"><img loading=\"lazy\" decoding=\"async\" aria-describedby=\"caption-attachment-3869\" class=\"size-medium wp-image-3869\" title=\"Wechsel an der Spitze der FF SPH 2\" src=\"https:\/\/www.forum-soegel.de\/information\/wp-content\/uploads\/2010\/11\/Wechsel-an-der-Spitze-der-FF-SPH-2-300x225.jpg\" alt=\"\" width=\"300\" height=\"225\" srcset=\"https:\/\/www.forum-soegel.de\/information\/wp-content\/uploads\/2010\/11\/Wechsel-an-der-Spitze-der-FF-SPH-2-300x225.jpg 300w, https:\/\/www.forum-soegel.de\/information\/wp-content\/uploads\/2010\/11\/Wechsel-an-der-Spitze-der-FF-SPH-2.jpg 1024w\" sizes=\"auto, (max-width: 300px) 100vw, 300px\" \/><\/a><p id=\"caption-attachment-3869\" class=\"wp-caption-text\">Foto zeigt rechts Arno Will, der ebenfalls seine Urkunde erh\u00e4lt.<\/p><\/div>\n","protected":false},"excerpt":{"rendered":"Ehrungen, Bef\u00f6rderungen und Verabschiedungen standen auf dem Programm des diesj\u00e4hrigen Feuerwehrfestes der Freiwilligen Feuerwehr Spahnharrenst\u00e4tte. Bevor es zum gem\u00fctlichen Teil des Abends ging, hatten der stellvertretende Bezirksleiter Heinz Jansen, Gemeindebrandmeister Hermann Weller sowie Ortsbrandmeister Alfons Baalmann alle H\u00e4nde voll zu tun. Ein Kamerad wurde nach neun Jahren im Dienst nach Aschendorf verabschiedet, drei Kameraden konnten [&hellip;]\n","protected":false},"author":2,"featured_media":0,"comment_status":"closed","ping_status":"closed","sticky":false,"template":"","format":"standard","meta":{"ngg_post_thumbnail":0,"footnotes":""},"categories":[3],"tags":[113],"class_list":["post-3867","post","type-post","status-publish","format-standard","hentry","category-aktuelles-aus-der-region","tag-feuerwehr"],"_links":{"self":[{"href":"https:\/\/www.forum-soegel.de\/information\/wp-json\/wp\/v2\/posts\/3867","targetHints":{"allow":["GET"]}}],"collection":[{"href":"https:\/\/www.forum-soegel.de\/information\/wp-json\/wp\/v2\/posts"}],"about":[{"href":"https:\/\/www.forum-soegel.de\/information\/wp-json\/wp\/v2\/types\/post"}],"author":[{"embeddable":true,"href":"https:\/\/www.forum-soegel.de\/information\/wp-json\/wp\/v2\/users\/2"}],"replies":[{"embeddable":true,"href":"https:\/\/www.forum-soegel.de\/information\/wp-json\/wp\/v2\/comments?post=3867"}],"version-history":[{"count":2,"href":"https:\/\/www.forum-soegel.de\/information\/wp-json\/wp\/v2\/posts\/3867\/revisions"}],"predecessor-version":[{"id":3871,"href":"https:\/\/www.forum-soegel.de\/information\/wp-json\/wp\/v2\/posts\/3867\/revisions\/3871"}],"wp:attachment":[{"href":"https:\/\/www.forum-soegel.de\/information\/wp-json\/wp\/v2\/media?parent=3867"}],"wp:term":[{"taxonomy":"category","embeddable":true,"href":"https:\/\/www.forum-soegel.de\/information\/wp-json\/wp\/v2\/categories?post=3867"},{"taxonomy":"post_tag","embeddable":true,"href":"https:\/\/www.forum-soegel.de\/information\/wp-json\/wp\/v2\/tags?post=3867"}],"curies":[{"name":"wp","href":"https:\/\/api.w.org\/{rel}","templated":true}]}}