{"id":3859,"date":"2010-12-01T00:24:05","date_gmt":"2010-11-30T23:24:05","guid":{"rendered":"https:\/\/www.forum-soegel.de\/information\/?p=3859"},"modified":"2010-11-27T16:43:28","modified_gmt":"2010-11-27T15:43:28","slug":"reichsprogromnacht-gedenkfeier-2010","status":"publish","type":"post","link":"https:\/\/www.forum-soegel.de\/information\/2010\/12\/reichsprogromnacht-gedenkfeier-2010\/","title":{"rendered":"Reichsprogromnacht Gedenkfeier 2010"},"content":{"rendered":"<p>\u00a0\u201eDie Achtung dem N\u00e4chsten gegen\u00fcber nicht zu verlieren, R\u00fccksicht aufeinander zu nehmen und gemeinsam an Problemen zu arbeiten und sie zu l\u00f6sen, unabh\u00e4ngig von Hautfarbe, Religion und Herkunft, das ist die Herausforderung unserer Zeit und unsere gemeinsame Zukunft\u201c, sagte Michael Gr\u00fcnberg in seiner Ansprache w\u00e4hrend der Gedenkfeier an die Reichspogromnacht im Hinblick auf die f\u00fcr ihn angebrachte Lebenseinstellung in heutiger Zeit.<\/p>\n<p>Heute sei die Demokratie in Deutschland eine Selbstverst\u00e4ndlichkeit, so Gr\u00fcnberg. \u201eWenn ich heute durch die Stra\u00dfen einer Stadt in Deutschland gehe, f\u00e4llt es schwer mir vorzustellen, dass auch in dieser Stadt Fenster zerbrochen, H\u00e4user und Gesch\u00e4fte mit Schmierereien versehen und in Brand gesetzt wurden; dass man Menschen aus ihren H\u00e4usern zerrte und dass man sie auf furchtbarste Weise dem\u00fctigte\u201c. Er machte darauf aufmerksam, dass das Selbstverst\u00e4ndnis der Demokratie ein hohes Gut sei. Gerade die freien Entfaltungsm\u00f6glichkeiten eines jeden Menschen erfordern \u2013 gerade im Hinblick auf die \u201ebraune\u201c Vergangenheit \u2013 tagt\u00e4glich Fairness, Toleranz, Mitmenschlichkeit und Achtung gegen\u00fcber dem Anderen zum Tragen kommen zu lassen.<\/p>\n<p>Die diesj\u00e4hrige Gedenkfeier wurde von der Kolpingsfamilie S\u00f6gel-Stavern unter musikalischer Mitwirkung der Kolpingskapelle gestaltet. Zwei Fackeln brannten im Hintergrund des Denkmals am Standort der ehemaligen Synagoge in S\u00f6gel. Karl-Heinz Kenning ging auf deren Bedeutung ein: \u201eFeuer und Flamme stehen f\u00fcr Licht, Erleuchtung und W\u00e4rme, aber auch f\u00fcr Vernichtung und Tod. Man kann ein Feuer der Begeisterung f\u00fcr die Liebe und das Gute entfachen, wie es Adolph Kolping getan und gelebt hat. Man kann aber auch ein Feuer der Verachtung und des Hasses entfachen und Sch\u00fcren, wie es ein Adolf Hitler getan hat.\u201c Er mahnte, aufmerksam und wachsam zu sein, um rechtzeitig das Feuer der Vernichtung austreten zu k\u00f6nnen. Durch Verlesen der Namen der 71 ermordeten Juden aus S\u00f6gel, darunter auch Kinder, wurde der Verlust deutlich gemacht und die Trauer um die Ermordeten in Erinnerung gerufen.<\/p>\n<p>B\u00fcrgermeister Heiner Wellenbrock forderte ebenfalls zur Erinnerung auf. \u201eSie waren unsere Nachbarn!\u201c, machte Wellenbrock die direkte Betroffenheit auch vor Ort bewusst. \u201eWer sie vergisst, l\u00e4sst sie ein zweites Mal sterben. Und das darf nicht geschehen.\u201c<\/p>\n<p>Text\/Foto: IC<\/p>\n<p><a href=\"https:\/\/www.forum-soegel.de\/information\/wp-content\/uploads\/2010\/11\/Reichspogromnacht-Gedenkfeier-2010.jpg\"><img loading=\"lazy\" decoding=\"async\" class=\"alignnone size-medium wp-image-3860\" title=\"Reichspogromnacht Gedenkfeier 2010\" src=\"https:\/\/www.forum-soegel.de\/information\/wp-content\/uploads\/2010\/11\/Reichspogromnacht-Gedenkfeier-2010-300x200.jpg\" alt=\"\" width=\"300\" height=\"200\" srcset=\"https:\/\/www.forum-soegel.de\/information\/wp-content\/uploads\/2010\/11\/Reichspogromnacht-Gedenkfeier-2010-300x200.jpg 300w, https:\/\/www.forum-soegel.de\/information\/wp-content\/uploads\/2010\/11\/Reichspogromnacht-Gedenkfeier-2010.jpg 1024w\" sizes=\"auto, (max-width: 300px) 100vw, 300px\" \/><\/a><\/p>\n","protected":false},"excerpt":{"rendered":"\u00a0\u201eDie Achtung dem N\u00e4chsten gegen\u00fcber nicht zu verlieren, R\u00fccksicht aufeinander zu nehmen und gemeinsam an Problemen zu arbeiten und sie zu l\u00f6sen, unabh\u00e4ngig von Hautfarbe, Religion und Herkunft, das ist die Herausforderung unserer Zeit und unsere gemeinsame Zukunft\u201c, sagte Michael Gr\u00fcnberg in seiner Ansprache w\u00e4hrend der Gedenkfeier an die Reichspogromnacht im Hinblick auf die f\u00fcr [&hellip;]\n","protected":false},"author":2,"featured_media":0,"comment_status":"closed","ping_status":"closed","sticky":false,"template":"","format":"standard","meta":{"ngg_post_thumbnail":0,"footnotes":""},"categories":[3],"tags":[521],"class_list":["post-3859","post","type-post","status-publish","format-standard","hentry","category-aktuelles-aus-der-region","tag-reichsprogromnacht"],"_links":{"self":[{"href":"https:\/\/www.forum-soegel.de\/information\/wp-json\/wp\/v2\/posts\/3859","targetHints":{"allow":["GET"]}}],"collection":[{"href":"https:\/\/www.forum-soegel.de\/information\/wp-json\/wp\/v2\/posts"}],"about":[{"href":"https:\/\/www.forum-soegel.de\/information\/wp-json\/wp\/v2\/types\/post"}],"author":[{"embeddable":true,"href":"https:\/\/www.forum-soegel.de\/information\/wp-json\/wp\/v2\/users\/2"}],"replies":[{"embeddable":true,"href":"https:\/\/www.forum-soegel.de\/information\/wp-json\/wp\/v2\/comments?post=3859"}],"version-history":[{"count":2,"href":"https:\/\/www.forum-soegel.de\/information\/wp-json\/wp\/v2\/posts\/3859\/revisions"}],"predecessor-version":[{"id":3862,"href":"https:\/\/www.forum-soegel.de\/information\/wp-json\/wp\/v2\/posts\/3859\/revisions\/3862"}],"wp:attachment":[{"href":"https:\/\/www.forum-soegel.de\/information\/wp-json\/wp\/v2\/media?parent=3859"}],"wp:term":[{"taxonomy":"category","embeddable":true,"href":"https:\/\/www.forum-soegel.de\/information\/wp-json\/wp\/v2\/categories?post=3859"},{"taxonomy":"post_tag","embeddable":true,"href":"https:\/\/www.forum-soegel.de\/information\/wp-json\/wp\/v2\/tags?post=3859"}],"curies":[{"name":"wp","href":"https:\/\/api.w.org\/{rel}","templated":true}]}}