{"id":38460,"date":"2025-01-01T17:44:28","date_gmt":"2025-01-01T16:44:28","guid":{"rendered":"https:\/\/www.forum-soegel.de\/information\/?p=38460"},"modified":"2025-02-02T17:45:01","modified_gmt":"2025-02-02T16:45:01","slug":"soegel-feiert-karneval-2025-bunt-froehlich-und-voller-ueberraschungen-2","status":"publish","type":"post","link":"https:\/\/www.forum-soegel.de\/information\/2025\/01\/soegel-feiert-karneval-2025-bunt-froehlich-und-voller-ueberraschungen-2\/","title":{"rendered":"S\u00f6gel feiert Karneval 2025: Bunt, fr\u00f6hlich und voller \u00dcberraschungen!"},"content":{"rendered":"\n<p>S\u00f6gel &#8211; Es ist wieder soweit: Der Karneval h\u00e4lt mit den vier im Februar 2025 stattfindenden Karnevalssitzungen seinen Einzug auf dem H\u00fcmmling. Bereits am 25. Januar \u2013 um 20.00 Uhr &#8211; l\u00e4dt die Kolpingkapelle S\u00f6gel zum M\u00fctzenfest ein. Dieses wird durch das amtierende Prinzenpaar J\u00fcrgen und Sabine Jansen mit ihrem Elferrat er\u00f6ffnet. Gespannt sein d\u00fcrften die G\u00e4ste \u00fcber die Proklamation des neuen Prinzenpaares.<\/p>\n\n\n\n<p>Text: KKS S\u00f6gel<\/p>\n\n\n\n<p><\/p>\n","protected":false},"excerpt":{"rendered":"S\u00f6gel &#8211; Es ist wieder soweit: Der Karneval h\u00e4lt mit den vier im Februar 2025 stattfindenden Karnevalssitzungen seinen Einzug auf dem H\u00fcmmling. Bereits am 25. Januar \u2013 um 20.00 Uhr &#8211; l\u00e4dt die Kolpingkapelle S\u00f6gel zum M\u00fctzenfest ein. Dieses wird durch das amtierende Prinzenpaar J\u00fcrgen und Sabine Jansen mit ihrem Elferrat er\u00f6ffnet. Gespannt sein d\u00fcrften [&hellip;]\n","protected":false},"author":2,"featured_media":0,"comment_status":"closed","ping_status":"closed","sticky":false,"template":"","format":"standard","meta":{"ngg_post_thumbnail":0,"footnotes":""},"categories":[11],"tags":[],"class_list":["post-38460","post","type-post","status-publish","format-standard","hentry","category-termine"],"_links":{"self":[{"href":"https:\/\/www.forum-soegel.de\/information\/wp-json\/wp\/v2\/posts\/38460","targetHints":{"allow":["GET"]}}],"collection":[{"href":"https:\/\/www.forum-soegel.de\/information\/wp-json\/wp\/v2\/posts"}],"about":[{"href":"https:\/\/www.forum-soegel.de\/information\/wp-json\/wp\/v2\/types\/post"}],"author":[{"embeddable":true,"href":"https:\/\/www.forum-soegel.de\/information\/wp-json\/wp\/v2\/users\/2"}],"replies":[{"embeddable":true,"href":"https:\/\/www.forum-soegel.de\/information\/wp-json\/wp\/v2\/comments?post=38460"}],"version-history":[{"count":2,"href":"https:\/\/www.forum-soegel.de\/information\/wp-json\/wp\/v2\/posts\/38460\/revisions"}],"predecessor-version":[{"id":38462,"href":"https:\/\/www.forum-soegel.de\/information\/wp-json\/wp\/v2\/posts\/38460\/revisions\/38462"}],"wp:attachment":[{"href":"https:\/\/www.forum-soegel.de\/information\/wp-json\/wp\/v2\/media?parent=38460"}],"wp:term":[{"taxonomy":"category","embeddable":true,"href":"https:\/\/www.forum-soegel.de\/information\/wp-json\/wp\/v2\/categories?post=38460"},{"taxonomy":"post_tag","embeddable":true,"href":"https:\/\/www.forum-soegel.de\/information\/wp-json\/wp\/v2\/tags?post=38460"}],"curies":[{"name":"wp","href":"https:\/\/api.w.org\/{rel}","templated":true}]}}