{"id":38457,"date":"2025-01-01T17:43:06","date_gmt":"2025-01-01T16:43:06","guid":{"rendered":"https:\/\/www.forum-soegel.de\/information\/?p=38457"},"modified":"2025-02-02T17:44:26","modified_gmt":"2025-02-02T16:44:26","slug":"sportjugend-emsland-laedt-zur-tagesfahrt-in-die-skihalle-bottrop-ein","status":"publish","type":"post","link":"https:\/\/www.forum-soegel.de\/information\/2025\/01\/sportjugend-emsland-laedt-zur-tagesfahrt-in-die-skihalle-bottrop-ein\/","title":{"rendered":"Sportjugend Emsland l\u00e4dt zur Tagesfahrt in die Skihalle Bottrop ein"},"content":{"rendered":"\n<p>Am 04. Februar 2025 organisiert die Sportjugend Emsland in Zusammenarbeit mit der Jugend Initiative Emsland Sport eine besondere Tagesfahrt. Ziel der Reise ist die Skihalle Bottrop, in der die Teilnehmer auf der einzigartigen Kunstschneepiste einen aufregenden und unvergesslichen Tag verbringen werden. Die Veranstaltung richtet sich an alle sportbegeisterten Kinder und Jugendlichen der Region sowie an Familien, die ihre Leidenschaft f\u00fcr den Wintersport entdecken oder weiter ausbauen m\u00f6chten.<\/p>\n\n\n\n<p>Mit ihrer ganzj\u00e4hrig nutzbaren Kunstschneepiste bietet die Skihalle Bottrop ideale Bedingungen f\u00fcr Anf\u00e4nger und Fortgeschrittene. Besonders Anf\u00e4nger werden gebeten, sich im Vorfeld ggf. um einen Skikurs in der Skihalle zu k\u00fcmmern. Dieser ist nicht im Preis inbegriffen und muss eigenst\u00e4ndig organisiert werden. Es wird darauf hingewiesen, dass die Betreuer der Sportjugend vor Ort keinen Skiunterricht geben d\u00fcrfen. \u201eDie Tagesfahrt zur Skihalle Bottrop ist eine gro\u00dfartige Gelegenheit, um den Wintersport in einer sicheren und kontrollierten Umgebung auszuprobieren\u201c, so Marc Heister, Projektleiter der Jugend Initiative Emsland Sport.<\/p>\n\n\n\n<p><strong>Kosten und Anmeldung<\/strong><\/p>\n\n\n\n<p>Die Teilnahme an der Tagesfahrt kostet 55 \u20ac f\u00fcr Kinder bis einschlie\u00dflich 12 Jahren. F\u00fcr \u00e4ltere Kinder, Jugendliche und Erwachsene, die mit ihren Kindern die Fahrt nutzen m\u00f6chten, betr\u00e4gt der Preis 85 \u20ac pro Person. In den Kosten sind sowohl der Transport als auch der Eintritt in die Skihalle sowie die Nutzung der Ausr\u00fcstung enthalten. Die Anmeldung ist ab sofort m\u00f6glich und erfolgt \u00fcber das Bildungsportal unter www.ksb-emsland.de<\/p>\n\n\n\n<p>\u201eWir m\u00f6chten allen interessierten Jugendlichen die M\u00f6glichkeit bieten, an diesem einzigartigen Erlebnis teilzunehmen. Die Anmeldung ist ab sofort ge\u00f6ffnet, und wir empfehlen, sich schnell einen Platz zu sichern, da die Nachfrage traditionell hoch ist\u201c, f\u00fcgt Heister hinzu. Die Sportjugend Emsland freut sich auf zahlreiche Anmeldungen und einen unvergesslichen Tag auf der Kunstschneepiste in Bottrop. Weitere Informationen und Angebote der Sportjugend sowie der Sportschule Emsland sind auf der Website www.ksb-emsland.de zu finden.<\/p>\n\n\n\n<p>Text\/Foto: Patrick Vehring (KSB)<\/p>\n\n\n\n<figure data-wp-context=\"{&quot;imageId&quot;:&quot;69edc9e7b669f&quot;}\" data-wp-interactive=\"core\/image\" data-wp-key=\"69edc9e7b669f\" class=\"wp-block-image size-large wp-lightbox-container\"><img loading=\"lazy\" decoding=\"async\" width=\"1024\" height=\"797\" data-wp-class--hide=\"state.isContentHidden\" data-wp-class--show=\"state.isContentVisible\" data-wp-init=\"callbacks.setButtonStyles\" data-wp-on--click=\"actions.showLightbox\" data-wp-on--load=\"callbacks.setButtonStyles\" data-wp-on-window--resize=\"callbacks.setButtonStyles\" src=\"https:\/\/www.forum-soegel.de\/information\/wp-content\/uploads\/2025\/02\/Sportjugend-Emsland-la\u2560edt-zur-Tagesfahrt-in-die-Skihalle-Bottrop-ein-1024x797.jpg\" alt=\"\" class=\"wp-image-38458\" srcset=\"https:\/\/www.forum-soegel.de\/information\/wp-content\/uploads\/2025\/02\/Sportjugend-Emsland-la\u2560edt-zur-Tagesfahrt-in-die-Skihalle-Bottrop-ein-1024x797.jpg 1024w, https:\/\/www.forum-soegel.de\/information\/wp-content\/uploads\/2025\/02\/Sportjugend-Emsland-la\u2560edt-zur-Tagesfahrt-in-die-Skihalle-Bottrop-ein-300x233.jpg 300w, https:\/\/www.forum-soegel.de\/information\/wp-content\/uploads\/2025\/02\/Sportjugend-Emsland-la\u2560edt-zur-Tagesfahrt-in-die-Skihalle-Bottrop-ein-768x598.jpg 768w, https:\/\/www.forum-soegel.de\/information\/wp-content\/uploads\/2025\/02\/Sportjugend-Emsland-la\u2560edt-zur-Tagesfahrt-in-die-Skihalle-Bottrop-ein-1536x1195.jpg 1536w, https:\/\/www.forum-soegel.de\/information\/wp-content\/uploads\/2025\/02\/Sportjugend-Emsland-la\u2560edt-zur-Tagesfahrt-in-die-Skihalle-Bottrop-ein-2048x1594.jpg 2048w\" sizes=\"auto, (max-width: 1024px) 100vw, 1024px\" \/><button\n\t\t\tclass=\"lightbox-trigger\"\n\t\t\ttype=\"button\"\n\t\t\taria-haspopup=\"dialog\"\n\t\t\taria-label=\"Vergr\u00f6\u00dfern\"\n\t\t\tdata-wp-init=\"callbacks.initTriggerButton\"\n\t\t\tdata-wp-on--click=\"actions.showLightbox\"\n\t\t\tdata-wp-style--right=\"state.imageButtonRight\"\n\t\t\tdata-wp-style--top=\"state.imageButtonTop\"\n\t\t>\n\t\t\t<svg xmlns=\"http:\/\/www.w3.org\/2000\/svg\" width=\"12\" height=\"12\" fill=\"none\" viewBox=\"0 0 12 12\">\n\t\t\t\t<path fill=\"#fff\" d=\"M2 0a2 2 0 0 0-2 2v2h1.5V2a.5.5 0 0 1 .5-.5h2V0H2Zm2 10.5H2a.5.5 0 0 1-.5-.5V8H0v2a2 2 0 0 0 2 2h2v-1.5ZM8 12v-1.5h2a.5.5 0 0 0 .5-.5V8H12v2a2 2 0 0 1-2 2H8Zm2-12a2 2 0 0 1 2 2v2h-1.5V2a.5.5 0 0 0-.5-.5H8V0h2Z\" \/>\n\t\t\t<\/svg>\n\t\t<\/button><\/figure>\n","protected":false},"excerpt":{"rendered":"Am 04. Februar 2025 organisiert die Sportjugend Emsland in Zusammenarbeit mit der Jugend Initiative Emsland Sport eine besondere Tagesfahrt. Ziel der Reise ist die Skihalle Bottrop, in der die Teilnehmer auf der einzigartigen Kunstschneepiste einen aufregenden und unvergesslichen Tag verbringen werden. Die Veranstaltung richtet sich an alle sportbegeisterten Kinder und Jugendlichen der Region sowie an [&hellip;]\n","protected":false},"author":2,"featured_media":0,"comment_status":"closed","ping_status":"closed","sticky":false,"template":"","format":"standard","meta":{"ngg_post_thumbnail":0,"footnotes":""},"categories":[11],"tags":[],"class_list":["post-38457","post","type-post","status-publish","format-standard","hentry","category-termine"],"_links":{"self":[{"href":"https:\/\/www.forum-soegel.de\/information\/wp-json\/wp\/v2\/posts\/38457","targetHints":{"allow":["GET"]}}],"collection":[{"href":"https:\/\/www.forum-soegel.de\/information\/wp-json\/wp\/v2\/posts"}],"about":[{"href":"https:\/\/www.forum-soegel.de\/information\/wp-json\/wp\/v2\/types\/post"}],"author":[{"embeddable":true,"href":"https:\/\/www.forum-soegel.de\/information\/wp-json\/wp\/v2\/users\/2"}],"replies":[{"embeddable":true,"href":"https:\/\/www.forum-soegel.de\/information\/wp-json\/wp\/v2\/comments?post=38457"}],"version-history":[{"count":1,"href":"https:\/\/www.forum-soegel.de\/information\/wp-json\/wp\/v2\/posts\/38457\/revisions"}],"predecessor-version":[{"id":38459,"href":"https:\/\/www.forum-soegel.de\/information\/wp-json\/wp\/v2\/posts\/38457\/revisions\/38459"}],"wp:attachment":[{"href":"https:\/\/www.forum-soegel.de\/information\/wp-json\/wp\/v2\/media?parent=38457"}],"wp:term":[{"taxonomy":"category","embeddable":true,"href":"https:\/\/www.forum-soegel.de\/information\/wp-json\/wp\/v2\/categories?post=38457"},{"taxonomy":"post_tag","embeddable":true,"href":"https:\/\/www.forum-soegel.de\/information\/wp-json\/wp\/v2\/tags?post=38457"}],"curies":[{"name":"wp","href":"https:\/\/api.w.org\/{rel}","templated":true}]}}