{"id":38359,"date":"2025-01-01T16:03:03","date_gmt":"2025-01-01T15:03:03","guid":{"rendered":"https:\/\/www.forum-soegel.de\/information\/?p=38359"},"modified":"2025-02-02T16:04:27","modified_gmt":"2025-02-02T15:04:27","slug":"der-nikolaus-zu-gast-in-hueven","status":"publish","type":"post","link":"https:\/\/www.forum-soegel.de\/information\/2025\/01\/der-nikolaus-zu-gast-in-hueven\/","title":{"rendered":"Der Nikolaus zu Gast in H\u00fcven"},"content":{"rendered":"\n<p><strong>Mehr-Generationen-Feier im Dorfgemeinschaftshaus<\/strong><\/p>\n\n\n\n<p>Am 06.12.24 war es endlich soweit: der Nikolaus sollte nach H\u00fcven in das Dorfgemeinschaftshaus kommen! Nicht nur die kleinsten H\u00fcvener waren m\u00e4chtig aufgeregt; von jung bis alt freuten sich alle auf diesen Nachmittag.<\/p>\n\n\n\n<p>Nach l\u00e4ngerer Pause gab es in diesem Jahr wieder das Angebot f\u00fcr Senioren und Gro\u00dfeltern sich bei Kaffee und Kuchen auf den Nikolausabend und die Adventszeit einstimmen zu lassen. Sehr zur Freude des neuen neun-k\u00f6pfigen Orga-Teams f\u00fcr das Nikolaus-Caf\u00e9 gab es zahlreiche Anmeldungen, sodass p\u00fcnktlich um 15:00 Uhr gestartet werden konnte mit einem lockeren Programm aus Liedern und Geschichten. Bei guten Gespr\u00e4chen in gem\u00fctlicher und festlicher Atmosph\u00e4re lie\u00dfen sich die G\u00e4ste die selbst gebackenen Torten und sonstigen Leckereien schmecken.<\/p>\n\n\n\n<p>Um 17:00 Uhr kamen dann auch die Kinder mit ihren Eltern dazu, um den Nikolaus in H\u00fcven zu begr\u00fc\u00dfen. Mit seinem Knecht Ruprecht und seinen sechs Engelchen durfte er sich auf einige tolle Darbietungen der Kinder freuen, die sie vorher flei\u00dfig in Kindergarten und Schule \u00fcbten.<\/p>\n\n\n\n<p>Vor vollem Haus gab der Nikolaus den kleinen sowie auch den gro\u00dfen H\u00fcvenern einige gute Denkanst\u00f6\u00dfe mit auf den Weg und war sichtlich erfreut \u00fcber die gro\u00dfe Beteiligung aller Generationen. Mit einem Versprechen im n\u00e4chsten Jahr wieder das kleine aber feine H\u00fcven zu besuchen, ging er seines Weges und die Kinder trugen stolz ihre verdienten Nikolaus-T\u00fcten nach Hause.<\/p>\n\n\n\n<p>Das dreik\u00f6pfige Orga-Team f\u00fcr die Nikolaus-Feier, bestehend aus Susanne Niehus, Steffi Brake und Birgit Wester, war \u00fcberaus zufrieden mit dem Ablauf und der gro\u00dfartigen Beteiligung an dieser gelungenen Mehr-Generationen-Feier. \u2002\u2002\u2002<\/p>\n\n\n\n<p>Text: Birgit Wester<\/p>\n\n\n\n<p>Fotos: Friedrike Sanders<\/p>\n\n\n\n<figure class=\"wp-block-gallery has-nested-images columns-default is-cropped wp-block-gallery-1 is-layout-flex wp-block-gallery-is-layout-flex\">\n<figure data-wp-context=\"{&quot;imageId&quot;:&quot;69f4fec4f1f51&quot;}\" data-wp-interactive=\"core\/image\" data-wp-key=\"69f4fec4f1f51\" class=\"wp-block-image size-large wp-lightbox-container\"><img loading=\"lazy\" decoding=\"async\" width=\"1024\" height=\"639\" data-wp-class--hide=\"state.isContentHidden\" data-wp-class--show=\"state.isContentVisible\" data-wp-init=\"callbacks.setButtonStyles\" data-wp-on--click=\"actions.showLightbox\" data-wp-on--load=\"callbacks.setButtonStyles\" data-wp-on-window--resize=\"callbacks.setButtonStyles\" data-id=\"38361\" src=\"https:\/\/www.forum-soegel.de\/information\/wp-content\/uploads\/2025\/02\/Nikolausfeier-Hu\u2560even-02-1024x639.jpg\" alt=\"\" class=\"wp-image-38361\" srcset=\"https:\/\/www.forum-soegel.de\/information\/wp-content\/uploads\/2025\/02\/Nikolausfeier-Hu\u2560even-02-1024x639.jpg 1024w, https:\/\/www.forum-soegel.de\/information\/wp-content\/uploads\/2025\/02\/Nikolausfeier-Hu\u2560even-02-300x187.jpg 300w, https:\/\/www.forum-soegel.de\/information\/wp-content\/uploads\/2025\/02\/Nikolausfeier-Hu\u2560even-02-768x480.jpg 768w, https:\/\/www.forum-soegel.de\/information\/wp-content\/uploads\/2025\/02\/Nikolausfeier-Hu\u2560even-02-1536x959.jpg 1536w, https:\/\/www.forum-soegel.de\/information\/wp-content\/uploads\/2025\/02\/Nikolausfeier-Hu\u2560even-02-2048x1279.jpg 2048w\" sizes=\"auto, (max-width: 1024px) 100vw, 1024px\" \/><button\n\t\t\tclass=\"lightbox-trigger\"\n\t\t\ttype=\"button\"\n\t\t\taria-haspopup=\"dialog\"\n\t\t\taria-label=\"Vergr\u00f6\u00dfern\"\n\t\t\tdata-wp-init=\"callbacks.initTriggerButton\"\n\t\t\tdata-wp-on--click=\"actions.showLightbox\"\n\t\t\tdata-wp-style--right=\"state.imageButtonRight\"\n\t\t\tdata-wp-style--top=\"state.imageButtonTop\"\n\t\t>\n\t\t\t<svg xmlns=\"http:\/\/www.w3.org\/2000\/svg\" width=\"12\" height=\"12\" fill=\"none\" viewBox=\"0 0 12 12\">\n\t\t\t\t<path fill=\"#fff\" d=\"M2 0a2 2 0 0 0-2 2v2h1.5V2a.5.5 0 0 1 .5-.5h2V0H2Zm2 10.5H2a.5.5 0 0 1-.5-.5V8H0v2a2 2 0 0 0 2 2h2v-1.5ZM8 12v-1.5h2a.5.5 0 0 0 .5-.5V8H12v2a2 2 0 0 1-2 2H8Zm2-12a2 2 0 0 1 2 2v2h-1.5V2a.5.5 0 0 0-.5-.5H8V0h2Z\" \/>\n\t\t\t<\/svg>\n\t\t<\/button><\/figure>\n\n\n\n<figure data-wp-context=\"{&quot;imageId&quot;:&quot;69f4fec4f2e1b&quot;}\" data-wp-interactive=\"core\/image\" data-wp-key=\"69f4fec4f2e1b\" class=\"wp-block-image size-large wp-lightbox-container\"><img loading=\"lazy\" decoding=\"async\" width=\"1024\" height=\"576\" data-wp-class--hide=\"state.isContentHidden\" data-wp-class--show=\"state.isContentVisible\" data-wp-init=\"callbacks.setButtonStyles\" data-wp-on--click=\"actions.showLightbox\" data-wp-on--load=\"callbacks.setButtonStyles\" data-wp-on-window--resize=\"callbacks.setButtonStyles\" data-id=\"38360\" src=\"https:\/\/www.forum-soegel.de\/information\/wp-content\/uploads\/2025\/02\/Nikolausfeier-Hu\u2560even-01-1024x576.jpg\" alt=\"\" class=\"wp-image-38360\" srcset=\"https:\/\/www.forum-soegel.de\/information\/wp-content\/uploads\/2025\/02\/Nikolausfeier-Hu\u2560even-01-1024x576.jpg 1024w, https:\/\/www.forum-soegel.de\/information\/wp-content\/uploads\/2025\/02\/Nikolausfeier-Hu\u2560even-01-300x169.jpg 300w, https:\/\/www.forum-soegel.de\/information\/wp-content\/uploads\/2025\/02\/Nikolausfeier-Hu\u2560even-01-768x432.jpg 768w, https:\/\/www.forum-soegel.de\/information\/wp-content\/uploads\/2025\/02\/Nikolausfeier-Hu\u2560even-01-1536x864.jpg 1536w, https:\/\/www.forum-soegel.de\/information\/wp-content\/uploads\/2025\/02\/Nikolausfeier-Hu\u2560even-01-2048x1152.jpg 2048w\" sizes=\"auto, (max-width: 1024px) 100vw, 1024px\" \/><button\n\t\t\tclass=\"lightbox-trigger\"\n\t\t\ttype=\"button\"\n\t\t\taria-haspopup=\"dialog\"\n\t\t\taria-label=\"Vergr\u00f6\u00dfern\"\n\t\t\tdata-wp-init=\"callbacks.initTriggerButton\"\n\t\t\tdata-wp-on--click=\"actions.showLightbox\"\n\t\t\tdata-wp-style--right=\"state.imageButtonRight\"\n\t\t\tdata-wp-style--top=\"state.imageButtonTop\"\n\t\t>\n\t\t\t<svg xmlns=\"http:\/\/www.w3.org\/2000\/svg\" width=\"12\" height=\"12\" fill=\"none\" viewBox=\"0 0 12 12\">\n\t\t\t\t<path fill=\"#fff\" d=\"M2 0a2 2 0 0 0-2 2v2h1.5V2a.5.5 0 0 1 .5-.5h2V0H2Zm2 10.5H2a.5.5 0 0 1-.5-.5V8H0v2a2 2 0 0 0 2 2h2v-1.5ZM8 12v-1.5h2a.5.5 0 0 0 .5-.5V8H12v2a2 2 0 0 1-2 2H8Zm2-12a2 2 0 0 1 2 2v2h-1.5V2a.5.5 0 0 0-.5-.5H8V0h2Z\" \/>\n\t\t\t<\/svg>\n\t\t<\/button><\/figure>\n<\/figure>\n","protected":false},"excerpt":{"rendered":"Mehr-Generationen-Feier im Dorfgemeinschaftshaus Am 06.12.24 war es endlich soweit: der Nikolaus sollte nach H\u00fcven in das Dorfgemeinschaftshaus kommen! Nicht nur die kleinsten H\u00fcvener waren m\u00e4chtig aufgeregt; von jung bis alt freuten sich alle auf diesen Nachmittag. Nach l\u00e4ngerer Pause gab es in diesem Jahr wieder das Angebot f\u00fcr Senioren und Gro\u00dfeltern sich bei Kaffee und [&hellip;]\n","protected":false},"author":2,"featured_media":0,"comment_status":"closed","ping_status":"closed","sticky":false,"template":"","format":"standard","meta":{"ngg_post_thumbnail":0,"footnotes":""},"categories":[868],"tags":[],"class_list":["post-38359","post","type-post","status-publish","format-standard","hentry","category-zwischen-himmel-und-erde"],"_links":{"self":[{"href":"https:\/\/www.forum-soegel.de\/information\/wp-json\/wp\/v2\/posts\/38359","targetHints":{"allow":["GET"]}}],"collection":[{"href":"https:\/\/www.forum-soegel.de\/information\/wp-json\/wp\/v2\/posts"}],"about":[{"href":"https:\/\/www.forum-soegel.de\/information\/wp-json\/wp\/v2\/types\/post"}],"author":[{"embeddable":true,"href":"https:\/\/www.forum-soegel.de\/information\/wp-json\/wp\/v2\/users\/2"}],"replies":[{"embeddable":true,"href":"https:\/\/www.forum-soegel.de\/information\/wp-json\/wp\/v2\/comments?post=38359"}],"version-history":[{"count":1,"href":"https:\/\/www.forum-soegel.de\/information\/wp-json\/wp\/v2\/posts\/38359\/revisions"}],"predecessor-version":[{"id":38362,"href":"https:\/\/www.forum-soegel.de\/information\/wp-json\/wp\/v2\/posts\/38359\/revisions\/38362"}],"wp:attachment":[{"href":"https:\/\/www.forum-soegel.de\/information\/wp-json\/wp\/v2\/media?parent=38359"}],"wp:term":[{"taxonomy":"category","embeddable":true,"href":"https:\/\/www.forum-soegel.de\/information\/wp-json\/wp\/v2\/categories?post=38359"},{"taxonomy":"post_tag","embeddable":true,"href":"https:\/\/www.forum-soegel.de\/information\/wp-json\/wp\/v2\/tags?post=38359"}],"curies":[{"name":"wp","href":"https:\/\/api.w.org\/{rel}","templated":true}]}}