{"id":38355,"date":"2025-01-01T16:01:19","date_gmt":"2025-01-01T15:01:19","guid":{"rendered":"https:\/\/www.forum-soegel.de\/information\/?p=38355"},"modified":"2025-02-02T16:02:52","modified_gmt":"2025-02-02T15:02:52","slug":"lichterfest","status":"publish","type":"post","link":"https:\/\/www.forum-soegel.de\/information\/2025\/01\/lichterfest\/","title":{"rendered":"Lichterfest"},"content":{"rendered":"\n<p>S\u00f6gel &#8211; Die KiTa Sonnenh\u00fcgel hat in diesem Jahr ein Lichterfest f\u00fcr die Kinder mit ihren Familien veranstaltet. Der ganze Kindergarten strahlte in hellem Kerzenschein und die Kinder haben in dieser stimmungsvollen Atmosph\u00e4re einen Lichtertanz aufgef\u00fchrt. Eine Weihnachtsgeschichte, ein weihnachtliches Bastelangebot, sowie Lichtexperimente haben den Nachmittag abgerundet. Auch f\u00fcr das leibliche Wohl wurde gesorgt. Der Elternbeirat hat zus\u00e4tzlich ein Raum eingerichtet, in dem tolle weihnachtliche Fotos gemacht werden konnten. Alle waren froh, nach so einer langen Pause gemeinsam in die besinnliche Adventszeit starten zu k\u00f6nnen.<\/p>\n\n\n\n<p>Text\/Fotos: KiTa Sonnenh\u00fcgel<\/p>\n\n\n\n<figure class=\"wp-block-gallery has-nested-images columns-default is-cropped wp-block-gallery-1 is-layout-flex wp-block-gallery-is-layout-flex\">\n<figure data-wp-context=\"{&quot;imageId&quot;:&quot;69f3f3b022996&quot;}\" data-wp-interactive=\"core\/image\" data-wp-key=\"69f3f3b022996\" class=\"wp-block-image size-large wp-lightbox-container\"><img loading=\"lazy\" decoding=\"async\" width=\"1024\" height=\"768\" data-wp-class--hide=\"state.isContentHidden\" data-wp-class--show=\"state.isContentVisible\" data-wp-init=\"callbacks.setButtonStyles\" data-wp-on--click=\"actions.showLightbox\" data-wp-on--load=\"callbacks.setButtonStyles\" data-wp-on-window--resize=\"callbacks.setButtonStyles\" data-id=\"38356\" src=\"https:\/\/www.forum-soegel.de\/information\/wp-content\/uploads\/2025\/02\/Lichterfest-2-1024x768.jpg\" alt=\"\" class=\"wp-image-38356\" srcset=\"https:\/\/www.forum-soegel.de\/information\/wp-content\/uploads\/2025\/02\/Lichterfest-2-1024x768.jpg 1024w, https:\/\/www.forum-soegel.de\/information\/wp-content\/uploads\/2025\/02\/Lichterfest-2-300x225.jpg 300w, https:\/\/www.forum-soegel.de\/information\/wp-content\/uploads\/2025\/02\/Lichterfest-2-768x576.jpg 768w, https:\/\/www.forum-soegel.de\/information\/wp-content\/uploads\/2025\/02\/Lichterfest-2-1536x1152.jpg 1536w, https:\/\/www.forum-soegel.de\/information\/wp-content\/uploads\/2025\/02\/Lichterfest-2-2048x1536.jpg 2048w\" sizes=\"auto, (max-width: 1024px) 100vw, 1024px\" \/><button\n\t\t\tclass=\"lightbox-trigger\"\n\t\t\ttype=\"button\"\n\t\t\taria-haspopup=\"dialog\"\n\t\t\taria-label=\"Vergr\u00f6\u00dfern\"\n\t\t\tdata-wp-init=\"callbacks.initTriggerButton\"\n\t\t\tdata-wp-on--click=\"actions.showLightbox\"\n\t\t\tdata-wp-style--right=\"state.imageButtonRight\"\n\t\t\tdata-wp-style--top=\"state.imageButtonTop\"\n\t\t>\n\t\t\t<svg xmlns=\"http:\/\/www.w3.org\/2000\/svg\" width=\"12\" height=\"12\" fill=\"none\" viewBox=\"0 0 12 12\">\n\t\t\t\t<path fill=\"#fff\" d=\"M2 0a2 2 0 0 0-2 2v2h1.5V2a.5.5 0 0 1 .5-.5h2V0H2Zm2 10.5H2a.5.5 0 0 1-.5-.5V8H0v2a2 2 0 0 0 2 2h2v-1.5ZM8 12v-1.5h2a.5.5 0 0 0 .5-.5V8H12v2a2 2 0 0 1-2 2H8Zm2-12a2 2 0 0 1 2 2v2h-1.5V2a.5.5 0 0 0-.5-.5H8V0h2Z\" \/>\n\t\t\t<\/svg>\n\t\t<\/button><\/figure>\n\n\n\n<figure data-wp-context=\"{&quot;imageId&quot;:&quot;69f3f3b0235c0&quot;}\" data-wp-interactive=\"core\/image\" data-wp-key=\"69f3f3b0235c0\" class=\"wp-block-image size-large wp-lightbox-container\"><img loading=\"lazy\" decoding=\"async\" width=\"1024\" height=\"768\" data-wp-class--hide=\"state.isContentHidden\" data-wp-class--show=\"state.isContentVisible\" data-wp-init=\"callbacks.setButtonStyles\" data-wp-on--click=\"actions.showLightbox\" data-wp-on--load=\"callbacks.setButtonStyles\" data-wp-on-window--resize=\"callbacks.setButtonStyles\" data-id=\"38357\" src=\"https:\/\/www.forum-soegel.de\/information\/wp-content\/uploads\/2025\/02\/Lichterfest-1-1024x768.jpg\" alt=\"\" class=\"wp-image-38357\" srcset=\"https:\/\/www.forum-soegel.de\/information\/wp-content\/uploads\/2025\/02\/Lichterfest-1-1024x768.jpg 1024w, https:\/\/www.forum-soegel.de\/information\/wp-content\/uploads\/2025\/02\/Lichterfest-1-300x225.jpg 300w, https:\/\/www.forum-soegel.de\/information\/wp-content\/uploads\/2025\/02\/Lichterfest-1-768x576.jpg 768w, https:\/\/www.forum-soegel.de\/information\/wp-content\/uploads\/2025\/02\/Lichterfest-1-1536x1152.jpg 1536w, https:\/\/www.forum-soegel.de\/information\/wp-content\/uploads\/2025\/02\/Lichterfest-1-2048x1536.jpg 2048w\" sizes=\"auto, (max-width: 1024px) 100vw, 1024px\" \/><button\n\t\t\tclass=\"lightbox-trigger\"\n\t\t\ttype=\"button\"\n\t\t\taria-haspopup=\"dialog\"\n\t\t\taria-label=\"Vergr\u00f6\u00dfern\"\n\t\t\tdata-wp-init=\"callbacks.initTriggerButton\"\n\t\t\tdata-wp-on--click=\"actions.showLightbox\"\n\t\t\tdata-wp-style--right=\"state.imageButtonRight\"\n\t\t\tdata-wp-style--top=\"state.imageButtonTop\"\n\t\t>\n\t\t\t<svg xmlns=\"http:\/\/www.w3.org\/2000\/svg\" width=\"12\" height=\"12\" fill=\"none\" viewBox=\"0 0 12 12\">\n\t\t\t\t<path fill=\"#fff\" d=\"M2 0a2 2 0 0 0-2 2v2h1.5V2a.5.5 0 0 1 .5-.5h2V0H2Zm2 10.5H2a.5.5 0 0 1-.5-.5V8H0v2a2 2 0 0 0 2 2h2v-1.5ZM8 12v-1.5h2a.5.5 0 0 0 .5-.5V8H12v2a2 2 0 0 1-2 2H8Zm2-12a2 2 0 0 1 2 2v2h-1.5V2a.5.5 0 0 0-.5-.5H8V0h2Z\" \/>\n\t\t\t<\/svg>\n\t\t<\/button><\/figure>\n<\/figure>\n\n\n\n<p><\/p>\n","protected":false},"excerpt":{"rendered":"S\u00f6gel &#8211; Die KiTa Sonnenh\u00fcgel hat in diesem Jahr ein Lichterfest f\u00fcr die Kinder mit ihren Familien veranstaltet. Der ganze Kindergarten strahlte in hellem Kerzenschein und die Kinder haben in dieser stimmungsvollen Atmosph\u00e4re einen Lichtertanz aufgef\u00fchrt. Eine Weihnachtsgeschichte, ein weihnachtliches Bastelangebot, sowie Lichtexperimente haben den Nachmittag abgerundet. Auch f\u00fcr das leibliche Wohl wurde gesorgt. Der [&hellip;]\n","protected":false},"author":2,"featured_media":0,"comment_status":"closed","ping_status":"closed","sticky":false,"template":"","format":"standard","meta":{"ngg_post_thumbnail":0,"footnotes":""},"categories":[868],"tags":[],"class_list":["post-38355","post","type-post","status-publish","format-standard","hentry","category-zwischen-himmel-und-erde"],"_links":{"self":[{"href":"https:\/\/www.forum-soegel.de\/information\/wp-json\/wp\/v2\/posts\/38355","targetHints":{"allow":["GET"]}}],"collection":[{"href":"https:\/\/www.forum-soegel.de\/information\/wp-json\/wp\/v2\/posts"}],"about":[{"href":"https:\/\/www.forum-soegel.de\/information\/wp-json\/wp\/v2\/types\/post"}],"author":[{"embeddable":true,"href":"https:\/\/www.forum-soegel.de\/information\/wp-json\/wp\/v2\/users\/2"}],"replies":[{"embeddable":true,"href":"https:\/\/www.forum-soegel.de\/information\/wp-json\/wp\/v2\/comments?post=38355"}],"version-history":[{"count":1,"href":"https:\/\/www.forum-soegel.de\/information\/wp-json\/wp\/v2\/posts\/38355\/revisions"}],"predecessor-version":[{"id":38358,"href":"https:\/\/www.forum-soegel.de\/information\/wp-json\/wp\/v2\/posts\/38355\/revisions\/38358"}],"wp:attachment":[{"href":"https:\/\/www.forum-soegel.de\/information\/wp-json\/wp\/v2\/media?parent=38355"}],"wp:term":[{"taxonomy":"category","embeddable":true,"href":"https:\/\/www.forum-soegel.de\/information\/wp-json\/wp\/v2\/categories?post=38355"},{"taxonomy":"post_tag","embeddable":true,"href":"https:\/\/www.forum-soegel.de\/information\/wp-json\/wp\/v2\/tags?post=38355"}],"curies":[{"name":"wp","href":"https:\/\/api.w.org\/{rel}","templated":true}]}}