{"id":38344,"date":"2025-01-01T15:54:00","date_gmt":"2025-01-01T14:54:00","guid":{"rendered":"https:\/\/www.forum-soegel.de\/information\/?p=38344"},"modified":"2025-02-02T15:59:10","modified_gmt":"2025-02-02T14:59:10","slug":"pater-andrews-francis-cm-feierlich-verabschiedet","status":"publish","type":"post","link":"https:\/\/www.forum-soegel.de\/information\/2025\/01\/pater-andrews-francis-cm-feierlich-verabschiedet\/","title":{"rendered":"Pater Andrews Francis CM feierlich verabschiedet"},"content":{"rendered":"\n<p>Nach fast sieben Jahren seelsorgerischen Wirkens in der H\u00fcmmlinger Pfarreiengemeinschaft wurde in einem feierlichen Hochamt in der St. Jakobuskirche S\u00f6gel Pater Andrews Francis CM verabschiedet.<\/p>\n\n\n\n<p>Zum 1. Dezember hat Bischof Dominikus Meyer ihn zum Pastor in der Pfarreiengemeinschaft Bissendorf ernannt. Pfarrer J\u00fcrgen Krallmann bedankte sich bei Francis f\u00fcr die vielf\u00e4ltigen seelsorgerischen T\u00e4tigkeiten in den vergangenen Jahren und w\u00fcnschte ihm alles Gute und Gottes reichlichen Segen.<\/p>\n\n\n\n<p>\u201eHeute ist ein besonderer Tag, ein Tag des Abschieds, des Dankes und des Zur\u00fcckdenkens\u201c, sagte Francis zu Beginn seiner Abschiedspredigt und blickte zur\u00fcck auf den 3. M\u00e4rz 2018, als er seine erste Stelle in Deutschland in der Pfarreiengemeinschaft um St. Jakobus S\u00f6gel angetreten habe. F\u00fcr ihn sei es eine gro\u00dfe Herausforderung gewesen, so Francis, zumal er seine deutschen Sprachkenntnisse aufbessern, den deutschen F\u00fchrerschein machen und die fremde emsl\u00e4ndische Kultur kennenlernen musste. \u201eMit gro\u00dfem Vertrauen bin ich hier aufgenommen und unterst\u00fctzt worden\u201c, so Francis und sprach auch Pfarrer J\u00fcrgen Krallmann seinen Dank f\u00fcr die allzeit herzliche Zusammenarbeit aus.<\/p>\n\n\n\n<p>Sein weiterer Dank galt Irmgard D\u00fcttmann aus B\u00f6rger, \u201edie mir \u00fcber viele Jahre bei der deutschen Aussprache und Grammatik sowie bei der Vorbereitung meiner Predigten geholfen hat\u201c.<\/p>\n\n\n\n<p>Sein Dank galt auch dem \u201ewundervollen Pfarrteam\u201c, der Pfarrsekret\u00e4rin, und neben den kirchlichen Gremien besonders allen Gemeindemitgliedern. \u201eIch danke euch allen, die ihr mich wie in eine Familie aufgenommen habt. Ich gehe mit Freude auf die neuen Aufgaben in Bissendorf zu; dennoch f\u00e4llt es mir nicht leicht, Abschied zu nehmen. Ich vertraue auf Gott, dass er mich weiterhin begleiten und ermutigen wird. Ihr alle bleibt in meinem Herzen\u201c.<\/p>\n\n\n\n<p>Alle Anwesenden bedankten sich mit Standing Ovationen.<\/p>\n\n\n\n<p>Der zweite Vorsitzende des S\u00f6geler Kirchenvorstandes, Hermann-Josef Feldhaus, richtete im Namen aller kirchlichen Gremien Gru\u00df- und Dankesworte an Pater Andrews. \u201eWir haben dich als zuverl\u00e4ssigen, freundlichen und stets liebevollen Priester kennen und sch\u00e4tzen gelernt. Auch die Senioren des kfd Seniorentreffs werden deine regelm\u00e4\u00dfigen Besuche sicherlich vermissen.\u201c<\/p>\n\n\n\n<p>Im Anschluss an den Gottesdienst nahmen viele Gl\u00e4ubige, darunter auch die 101-j\u00e4hrige Grete Feldmann, die Gelegenheit wahr, sich im Gemeindezentrum St. Jakobus pers\u00f6nlich von Francis zu verabschieden.<\/p>\n\n\n\n<p>Text\/Fotos: Gisela Arling<\/p>\n\n\n\n<figure class=\"wp-block-gallery has-nested-images columns-2 is-cropped wp-block-gallery-1 is-layout-flex wp-block-gallery-is-layout-flex\">\n<figure data-wp-context=\"{&quot;imageId&quot;:&quot;69f529ed09cf0&quot;}\" data-wp-interactive=\"core\/image\" data-wp-key=\"69f529ed09cf0\" class=\"wp-block-image size-large wp-lightbox-container\"><img loading=\"lazy\" decoding=\"async\" width=\"1024\" height=\"776\" data-wp-class--hide=\"state.isContentHidden\" data-wp-class--show=\"state.isContentVisible\" data-wp-init=\"callbacks.setButtonStyles\" data-wp-on--click=\"actions.showLightbox\" data-wp-on--load=\"callbacks.setButtonStyles\" data-wp-on-window--resize=\"callbacks.setButtonStyles\" data-id=\"38347\" src=\"https:\/\/www.forum-soegel.de\/information\/wp-content\/uploads\/2025\/02\/Verabschiedung-Pater-Andrews-03-1024x776.jpg\" alt=\"\" class=\"wp-image-38347\" srcset=\"https:\/\/www.forum-soegel.de\/information\/wp-content\/uploads\/2025\/02\/Verabschiedung-Pater-Andrews-03-1024x776.jpg 1024w, https:\/\/www.forum-soegel.de\/information\/wp-content\/uploads\/2025\/02\/Verabschiedung-Pater-Andrews-03-300x227.jpg 300w, https:\/\/www.forum-soegel.de\/information\/wp-content\/uploads\/2025\/02\/Verabschiedung-Pater-Andrews-03-768x582.jpg 768w, https:\/\/www.forum-soegel.de\/information\/wp-content\/uploads\/2025\/02\/Verabschiedung-Pater-Andrews-03-1536x1164.jpg 1536w, https:\/\/www.forum-soegel.de\/information\/wp-content\/uploads\/2025\/02\/Verabschiedung-Pater-Andrews-03-2048x1553.jpg 2048w\" sizes=\"auto, (max-width: 1024px) 100vw, 1024px\" \/><button\n\t\t\tclass=\"lightbox-trigger\"\n\t\t\ttype=\"button\"\n\t\t\taria-haspopup=\"dialog\"\n\t\t\taria-label=\"Vergr\u00f6\u00dfern\"\n\t\t\tdata-wp-init=\"callbacks.initTriggerButton\"\n\t\t\tdata-wp-on--click=\"actions.showLightbox\"\n\t\t\tdata-wp-style--right=\"state.imageButtonRight\"\n\t\t\tdata-wp-style--top=\"state.imageButtonTop\"\n\t\t>\n\t\t\t<svg xmlns=\"http:\/\/www.w3.org\/2000\/svg\" width=\"12\" height=\"12\" fill=\"none\" viewBox=\"0 0 12 12\">\n\t\t\t\t<path fill=\"#fff\" d=\"M2 0a2 2 0 0 0-2 2v2h1.5V2a.5.5 0 0 1 .5-.5h2V0H2Zm2 10.5H2a.5.5 0 0 1-.5-.5V8H0v2a2 2 0 0 0 2 2h2v-1.5ZM8 12v-1.5h2a.5.5 0 0 0 .5-.5V8H12v2a2 2 0 0 1-2 2H8Zm2-12a2 2 0 0 1 2 2v2h-1.5V2a.5.5 0 0 0-.5-.5H8V0h2Z\" \/>\n\t\t\t<\/svg>\n\t\t<\/button><figcaption class=\"wp-element-caption\">S\u00f6gels \u00e4lteste Einwohnerin Grete Feldmann und Francis<\/figcaption><\/figure>\n\n\n\n<figure data-wp-context=\"{&quot;imageId&quot;:&quot;69f529ed0ad10&quot;}\" data-wp-interactive=\"core\/image\" data-wp-key=\"69f529ed0ad10\" class=\"wp-block-image size-large wp-lightbox-container\"><img loading=\"lazy\" decoding=\"async\" width=\"1024\" height=\"942\" data-wp-class--hide=\"state.isContentHidden\" data-wp-class--show=\"state.isContentVisible\" data-wp-init=\"callbacks.setButtonStyles\" data-wp-on--click=\"actions.showLightbox\" data-wp-on--load=\"callbacks.setButtonStyles\" data-wp-on-window--resize=\"callbacks.setButtonStyles\" data-id=\"38346\" src=\"https:\/\/www.forum-soegel.de\/information\/wp-content\/uploads\/2025\/02\/Verabschiedung-Pater-Andrews-04-1024x942.jpg\" alt=\"\" class=\"wp-image-38346\" srcset=\"https:\/\/www.forum-soegel.de\/information\/wp-content\/uploads\/2025\/02\/Verabschiedung-Pater-Andrews-04-1024x942.jpg 1024w, https:\/\/www.forum-soegel.de\/information\/wp-content\/uploads\/2025\/02\/Verabschiedung-Pater-Andrews-04-300x276.jpg 300w, https:\/\/www.forum-soegel.de\/information\/wp-content\/uploads\/2025\/02\/Verabschiedung-Pater-Andrews-04-768x707.jpg 768w, https:\/\/www.forum-soegel.de\/information\/wp-content\/uploads\/2025\/02\/Verabschiedung-Pater-Andrews-04-1536x1413.jpg 1536w, https:\/\/www.forum-soegel.de\/information\/wp-content\/uploads\/2025\/02\/Verabschiedung-Pater-Andrews-04-2048x1884.jpg 2048w\" sizes=\"auto, (max-width: 1024px) 100vw, 1024px\" \/><button\n\t\t\tclass=\"lightbox-trigger\"\n\t\t\ttype=\"button\"\n\t\t\taria-haspopup=\"dialog\"\n\t\t\taria-label=\"Vergr\u00f6\u00dfern\"\n\t\t\tdata-wp-init=\"callbacks.initTriggerButton\"\n\t\t\tdata-wp-on--click=\"actions.showLightbox\"\n\t\t\tdata-wp-style--right=\"state.imageButtonRight\"\n\t\t\tdata-wp-style--top=\"state.imageButtonTop\"\n\t\t>\n\t\t\t<svg xmlns=\"http:\/\/www.w3.org\/2000\/svg\" width=\"12\" height=\"12\" fill=\"none\" viewBox=\"0 0 12 12\">\n\t\t\t\t<path fill=\"#fff\" d=\"M2 0a2 2 0 0 0-2 2v2h1.5V2a.5.5 0 0 1 .5-.5h2V0H2Zm2 10.5H2a.5.5 0 0 1-.5-.5V8H0v2a2 2 0 0 0 2 2h2v-1.5ZM8 12v-1.5h2a.5.5 0 0 0 .5-.5V8H12v2a2 2 0 0 1-2 2H8Zm2-12a2 2 0 0 1 2 2v2h-1.5V2a.5.5 0 0 0-.5-.5H8V0h2Z\" \/>\n\t\t\t<\/svg>\n\t\t<\/button><figcaption class=\"wp-element-caption\">Irmgard D\u00fcttmann und Andrews Francis<\/figcaption><\/figure>\n\n\n\n<figure data-wp-context=\"{&quot;imageId&quot;:&quot;69f529ed0ba9b&quot;}\" data-wp-interactive=\"core\/image\" data-wp-key=\"69f529ed0ba9b\" class=\"wp-block-image size-large wp-lightbox-container\"><img loading=\"lazy\" decoding=\"async\" width=\"1024\" height=\"695\" data-wp-class--hide=\"state.isContentHidden\" data-wp-class--show=\"state.isContentVisible\" data-wp-init=\"callbacks.setButtonStyles\" data-wp-on--click=\"actions.showLightbox\" data-wp-on--load=\"callbacks.setButtonStyles\" data-wp-on-window--resize=\"callbacks.setButtonStyles\" data-id=\"38345\" src=\"https:\/\/www.forum-soegel.de\/information\/wp-content\/uploads\/2025\/02\/Verabschiedung-Pater-Andrews-02-1024x695.jpg\" alt=\"\" class=\"wp-image-38345\" srcset=\"https:\/\/www.forum-soegel.de\/information\/wp-content\/uploads\/2025\/02\/Verabschiedung-Pater-Andrews-02-1024x695.jpg 1024w, https:\/\/www.forum-soegel.de\/information\/wp-content\/uploads\/2025\/02\/Verabschiedung-Pater-Andrews-02-300x204.jpg 300w, https:\/\/www.forum-soegel.de\/information\/wp-content\/uploads\/2025\/02\/Verabschiedung-Pater-Andrews-02-768x522.jpg 768w, https:\/\/www.forum-soegel.de\/information\/wp-content\/uploads\/2025\/02\/Verabschiedung-Pater-Andrews-02-1536x1043.jpg 1536w, https:\/\/www.forum-soegel.de\/information\/wp-content\/uploads\/2025\/02\/Verabschiedung-Pater-Andrews-02-2048x1391.jpg 2048w\" sizes=\"auto, (max-width: 1024px) 100vw, 1024px\" \/><button\n\t\t\tclass=\"lightbox-trigger\"\n\t\t\ttype=\"button\"\n\t\t\taria-haspopup=\"dialog\"\n\t\t\taria-label=\"Vergr\u00f6\u00dfern\"\n\t\t\tdata-wp-init=\"callbacks.initTriggerButton\"\n\t\t\tdata-wp-on--click=\"actions.showLightbox\"\n\t\t\tdata-wp-style--right=\"state.imageButtonRight\"\n\t\t\tdata-wp-style--top=\"state.imageButtonTop\"\n\t\t>\n\t\t\t<svg xmlns=\"http:\/\/www.w3.org\/2000\/svg\" width=\"12\" height=\"12\" fill=\"none\" viewBox=\"0 0 12 12\">\n\t\t\t\t<path fill=\"#fff\" d=\"M2 0a2 2 0 0 0-2 2v2h1.5V2a.5.5 0 0 1 .5-.5h2V0H2Zm2 10.5H2a.5.5 0 0 1-.5-.5V8H0v2a2 2 0 0 0 2 2h2v-1.5ZM8 12v-1.5h2a.5.5 0 0 0 .5-.5V8H12v2a2 2 0 0 1-2 2H8Zm2-12a2 2 0 0 1 2 2v2h-1.5V2a.5.5 0 0 0-.5-.5H8V0h2Z\" \/>\n\t\t\t<\/svg>\n\t\t<\/button><figcaption class=\"wp-element-caption\">Viele Gl\u00e4ubige verabschiedeten sich pers\u00f6nlich von Pater Andrews Francis<br>\u00a0<\/figcaption><\/figure>\n<\/figure>\n\n\n\n<figure data-wp-context=\"{&quot;imageId&quot;:&quot;69f529ed0d294&quot;}\" data-wp-interactive=\"core\/image\" data-wp-key=\"69f529ed0d294\" class=\"wp-block-image size-large wp-lightbox-container\"><img loading=\"lazy\" decoding=\"async\" width=\"1024\" height=\"624\" data-wp-class--hide=\"state.isContentHidden\" data-wp-class--show=\"state.isContentVisible\" data-wp-init=\"callbacks.setButtonStyles\" data-wp-on--click=\"actions.showLightbox\" data-wp-on--load=\"callbacks.setButtonStyles\" data-wp-on-window--resize=\"callbacks.setButtonStyles\" src=\"https:\/\/www.forum-soegel.de\/information\/wp-content\/uploads\/2025\/02\/Verabschiedung-Pater-Andrews-01-1024x624.jpg\" alt=\"\" class=\"wp-image-38348\" srcset=\"https:\/\/www.forum-soegel.de\/information\/wp-content\/uploads\/2025\/02\/Verabschiedung-Pater-Andrews-01-1024x624.jpg 1024w, https:\/\/www.forum-soegel.de\/information\/wp-content\/uploads\/2025\/02\/Verabschiedung-Pater-Andrews-01-300x183.jpg 300w, https:\/\/www.forum-soegel.de\/information\/wp-content\/uploads\/2025\/02\/Verabschiedung-Pater-Andrews-01-768x468.jpg 768w, https:\/\/www.forum-soegel.de\/information\/wp-content\/uploads\/2025\/02\/Verabschiedung-Pater-Andrews-01-1536x936.jpg 1536w, https:\/\/www.forum-soegel.de\/information\/wp-content\/uploads\/2025\/02\/Verabschiedung-Pater-Andrews-01-2048x1248.jpg 2048w\" sizes=\"auto, (max-width: 1024px) 100vw, 1024px\" \/><button\n\t\t\tclass=\"lightbox-trigger\"\n\t\t\ttype=\"button\"\n\t\t\taria-haspopup=\"dialog\"\n\t\t\taria-label=\"Vergr\u00f6\u00dfern\"\n\t\t\tdata-wp-init=\"callbacks.initTriggerButton\"\n\t\t\tdata-wp-on--click=\"actions.showLightbox\"\n\t\t\tdata-wp-style--right=\"state.imageButtonRight\"\n\t\t\tdata-wp-style--top=\"state.imageButtonTop\"\n\t\t>\n\t\t\t<svg xmlns=\"http:\/\/www.w3.org\/2000\/svg\" width=\"12\" height=\"12\" fill=\"none\" viewBox=\"0 0 12 12\">\n\t\t\t\t<path fill=\"#fff\" d=\"M2 0a2 2 0 0 0-2 2v2h1.5V2a.5.5 0 0 1 .5-.5h2V0H2Zm2 10.5H2a.5.5 0 0 1-.5-.5V8H0v2a2 2 0 0 0 2 2h2v-1.5ZM8 12v-1.5h2a.5.5 0 0 0 .5-.5V8H12v2a2 2 0 0 1-2 2H8Zm2-12a2 2 0 0 1 2 2v2h-1.5V2a.5.5 0 0 0-.5-.5H8V0h2Z\" \/>\n\t\t\t<\/svg>\n\t\t<\/button><figcaption class=\"wp-element-caption\">Feierlicher Gottesdienst in der St. Jakobuskirche S\u00f6gel<\/figcaption><\/figure>\n","protected":false},"excerpt":{"rendered":"Nach fast sieben Jahren seelsorgerischen Wirkens in der H\u00fcmmlinger Pfarreiengemeinschaft wurde in einem feierlichen Hochamt in der St. Jakobuskirche S\u00f6gel Pater Andrews Francis CM verabschiedet. Zum 1. Dezember hat Bischof Dominikus Meyer ihn zum Pastor in der Pfarreiengemeinschaft Bissendorf ernannt. Pfarrer J\u00fcrgen Krallmann bedankte sich bei Francis f\u00fcr die vielf\u00e4ltigen seelsorgerischen T\u00e4tigkeiten in den vergangenen [&hellip;]\n","protected":false},"author":2,"featured_media":0,"comment_status":"closed","ping_status":"closed","sticky":false,"template":"","format":"standard","meta":{"ngg_post_thumbnail":0,"footnotes":""},"categories":[868],"tags":[],"class_list":["post-38344","post","type-post","status-publish","format-standard","hentry","category-zwischen-himmel-und-erde"],"_links":{"self":[{"href":"https:\/\/www.forum-soegel.de\/information\/wp-json\/wp\/v2\/posts\/38344","targetHints":{"allow":["GET"]}}],"collection":[{"href":"https:\/\/www.forum-soegel.de\/information\/wp-json\/wp\/v2\/posts"}],"about":[{"href":"https:\/\/www.forum-soegel.de\/information\/wp-json\/wp\/v2\/types\/post"}],"author":[{"embeddable":true,"href":"https:\/\/www.forum-soegel.de\/information\/wp-json\/wp\/v2\/users\/2"}],"replies":[{"embeddable":true,"href":"https:\/\/www.forum-soegel.de\/information\/wp-json\/wp\/v2\/comments?post=38344"}],"version-history":[{"count":2,"href":"https:\/\/www.forum-soegel.de\/information\/wp-json\/wp\/v2\/posts\/38344\/revisions"}],"predecessor-version":[{"id":38350,"href":"https:\/\/www.forum-soegel.de\/information\/wp-json\/wp\/v2\/posts\/38344\/revisions\/38350"}],"wp:attachment":[{"href":"https:\/\/www.forum-soegel.de\/information\/wp-json\/wp\/v2\/media?parent=38344"}],"wp:term":[{"taxonomy":"category","embeddable":true,"href":"https:\/\/www.forum-soegel.de\/information\/wp-json\/wp\/v2\/categories?post=38344"},{"taxonomy":"post_tag","embeddable":true,"href":"https:\/\/www.forum-soegel.de\/information\/wp-json\/wp\/v2\/tags?post=38344"}],"curies":[{"name":"wp","href":"https:\/\/api.w.org\/{rel}","templated":true}]}}