{"id":3834,"date":"2010-12-01T00:57:16","date_gmt":"2010-11-30T23:57:16","guid":{"rendered":"https:\/\/www.forum-soegel.de\/information\/?p=3834"},"modified":"2010-11-27T15:00:38","modified_gmt":"2010-11-27T14:00:38","slug":"martinssingen-im-hummling-krankenhaus-sogel","status":"publish","type":"post","link":"https:\/\/www.forum-soegel.de\/information\/2010\/12\/martinssingen-im-hummling-krankenhaus-sogel\/","title":{"rendered":"Martinssingen im H\u00fcmmling Krankenhaus S\u00f6gel"},"content":{"rendered":"<p>Am Donnerstag, dem 11.11.2010, besuchten uns die Kinder des Kindergartens \u201eArche Noah\u201c. Die B\u00e4rengruppe und die Regenbogengruppe kamen zum Laterne-Singen. Zuerst besuchten sie unsere Patienten auf der Kurzzeitpflegestation, die sich an den selbst gebastelten Laternen und sch\u00f6nen Liedern der Kinder erfreuten. F\u00fcr die Kinder gab es dann selbstgebackene Pl\u00e4tzchen und S\u00fc\u00dfigkeiten.\u00a0 Anschlie\u00dfend versammelten sich die Kinder in der Krankenhauskapelle, wo Sie Martinslieder sangen und mit dem Lied \u201eTragt in die Welt nun ein Licht\u201c ein Licht zu unseren Kranken trugen.<\/p>\n<p>Text: Jen Eilers Dipl. Pflegewirt H\u00fcmmling Krankenhaus<\/p>\n<p><a href=\"https:\/\/www.forum-soegel.de\/information\/wp-content\/uploads\/2010\/11\/Martinssingen-im-HKS.jpg\"><img loading=\"lazy\" decoding=\"async\" class=\"alignnone size-thumbnail wp-image-3835\" title=\"Martinssingen im HKS\" src=\"https:\/\/www.forum-soegel.de\/information\/wp-content\/uploads\/2010\/11\/Martinssingen-im-HKS-150x150.jpg\" alt=\"\" width=\"150\" height=\"150\" \/><\/a>\u00a0 <a href=\"https:\/\/www.forum-soegel.de\/information\/wp-content\/uploads\/2010\/11\/Martinssingen-im-HKS2.jpg\"><img loading=\"lazy\" decoding=\"async\" class=\"alignnone size-thumbnail wp-image-3836\" title=\"Martinssingen im HKS2\" src=\"https:\/\/www.forum-soegel.de\/information\/wp-content\/uploads\/2010\/11\/Martinssingen-im-HKS2-150x150.jpg\" alt=\"\" width=\"150\" height=\"150\" \/><\/a><\/p>\n","protected":false},"excerpt":{"rendered":"Am Donnerstag, dem 11.11.2010, besuchten uns die Kinder des Kindergartens \u201eArche Noah\u201c. Die B\u00e4rengruppe und die Regenbogengruppe kamen zum Laterne-Singen. Zuerst besuchten sie unsere Patienten auf der Kurzzeitpflegestation, die sich an den selbst gebastelten Laternen und sch\u00f6nen Liedern der Kinder erfreuten. F\u00fcr die Kinder gab es dann selbstgebackene Pl\u00e4tzchen und S\u00fc\u00dfigkeiten.\u00a0 Anschlie\u00dfend versammelten sich die [&hellip;]\n","protected":false},"author":2,"featured_media":0,"comment_status":"closed","ping_status":"closed","sticky":false,"template":"","format":"standard","meta":{"ngg_post_thumbnail":0,"footnotes":""},"categories":[3],"tags":[95,516],"class_list":["post-3834","post","type-post","status-publish","format-standard","hentry","category-aktuelles-aus-der-region","tag-hummling-krankenhaus","tag-st-martin"],"_links":{"self":[{"href":"https:\/\/www.forum-soegel.de\/information\/wp-json\/wp\/v2\/posts\/3834","targetHints":{"allow":["GET"]}}],"collection":[{"href":"https:\/\/www.forum-soegel.de\/information\/wp-json\/wp\/v2\/posts"}],"about":[{"href":"https:\/\/www.forum-soegel.de\/information\/wp-json\/wp\/v2\/types\/post"}],"author":[{"embeddable":true,"href":"https:\/\/www.forum-soegel.de\/information\/wp-json\/wp\/v2\/users\/2"}],"replies":[{"embeddable":true,"href":"https:\/\/www.forum-soegel.de\/information\/wp-json\/wp\/v2\/comments?post=3834"}],"version-history":[{"count":2,"href":"https:\/\/www.forum-soegel.de\/information\/wp-json\/wp\/v2\/posts\/3834\/revisions"}],"predecessor-version":[{"id":3838,"href":"https:\/\/www.forum-soegel.de\/information\/wp-json\/wp\/v2\/posts\/3834\/revisions\/3838"}],"wp:attachment":[{"href":"https:\/\/www.forum-soegel.de\/information\/wp-json\/wp\/v2\/media?parent=3834"}],"wp:term":[{"taxonomy":"category","embeddable":true,"href":"https:\/\/www.forum-soegel.de\/information\/wp-json\/wp\/v2\/categories?post=3834"},{"taxonomy":"post_tag","embeddable":true,"href":"https:\/\/www.forum-soegel.de\/information\/wp-json\/wp\/v2\/tags?post=3834"}],"curies":[{"name":"wp","href":"https:\/\/api.w.org\/{rel}","templated":true}]}}