{"id":3830,"date":"2010-12-01T00:54:18","date_gmt":"2010-11-30T23:54:18","guid":{"rendered":"https:\/\/www.forum-soegel.de\/information\/?p=3830"},"modified":"2010-11-27T14:57:09","modified_gmt":"2010-11-27T13:57:09","slug":"philosophieren-und-theologisieren-mit-kindern","status":"publish","type":"post","link":"https:\/\/www.forum-soegel.de\/information\/2010\/12\/philosophieren-und-theologisieren-mit-kindern\/","title":{"rendered":"Philosophieren und theologisieren mit Kindern"},"content":{"rendered":"<p>Die V\u00e4tererz\u00e4hlwerkstatt 2010 im Familienzentrum St. Jakobus war wieder sehr gut besucht. Themen wie Bilderb\u00fccher, Vorlesen von Geschichten, Fragen von Kindern besch\u00e4ftigten die V\u00e4ter der beiden S\u00f6geler Kinderg\u00e4rten.<\/p>\n<p>Als biblischen Impuls gab es den Bibeltext: Simson begegnet dem L\u00f6wen<\/p>\n<p>Gleichzeitig wurde das Vater-Kind Zelten f\u00fcr 2011 mit Pastor Horstmann organisiert. Geplant sind wieder ein Zelten im Pfarrgarten und eine kurze Wanderung mit Fackeln. F\u00fcr das n\u00e4chste Mal ist der Umgang mit M\u00e4rchen als Inhalt geplant.<\/p>\n<p>Zum Schluss gab es noch viel Zeit miteinander ins Gespr\u00e4ch zu kommen.<\/p>\n<p>Text\/Foto: Irmgard Welling<\/p>\n<p><a href=\"https:\/\/www.forum-soegel.de\/information\/wp-content\/uploads\/2010\/11\/Laterne-Erz\u00e4hlwerkstatt-2010-090.jpg\"><img loading=\"lazy\" decoding=\"async\" class=\"alignnone size-medium wp-image-3831\" title=\"Laterne Erz\u00e4hlwerkstatt 2010 090\" src=\"https:\/\/www.forum-soegel.de\/information\/wp-content\/uploads\/2010\/11\/Laterne-Erz\u00e4hlwerkstatt-2010-090-300x153.jpg\" alt=\"\" width=\"300\" height=\"153\" srcset=\"https:\/\/www.forum-soegel.de\/information\/wp-content\/uploads\/2010\/11\/Laterne-Erz\u00e4hlwerkstatt-2010-090-300x153.jpg 300w, https:\/\/www.forum-soegel.de\/information\/wp-content\/uploads\/2010\/11\/Laterne-Erz\u00e4hlwerkstatt-2010-090.jpg 1024w\" sizes=\"auto, (max-width: 300px) 100vw, 300px\" \/><\/a><\/p>\n","protected":false},"excerpt":{"rendered":"Die V\u00e4tererz\u00e4hlwerkstatt 2010 im Familienzentrum St. Jakobus war wieder sehr gut besucht. Themen wie Bilderb\u00fccher, Vorlesen von Geschichten, Fragen von Kindern besch\u00e4ftigten die V\u00e4ter der beiden S\u00f6geler Kinderg\u00e4rten. Als biblischen Impuls gab es den Bibeltext: Simson begegnet dem L\u00f6wen Gleichzeitig wurde das Vater-Kind Zelten f\u00fcr 2011 mit Pastor Horstmann organisiert. Geplant sind wieder ein Zelten [&hellip;]\n","protected":false},"author":2,"featured_media":0,"comment_status":"closed","ping_status":"closed","sticky":false,"template":"","format":"standard","meta":{"ngg_post_thumbnail":0,"footnotes":""},"categories":[3],"tags":[128],"class_list":["post-3830","post","type-post","status-publish","format-standard","hentry","category-aktuelles-aus-der-region","tag-erzahlwerkstatt"],"_links":{"self":[{"href":"https:\/\/www.forum-soegel.de\/information\/wp-json\/wp\/v2\/posts\/3830","targetHints":{"allow":["GET"]}}],"collection":[{"href":"https:\/\/www.forum-soegel.de\/information\/wp-json\/wp\/v2\/posts"}],"about":[{"href":"https:\/\/www.forum-soegel.de\/information\/wp-json\/wp\/v2\/types\/post"}],"author":[{"embeddable":true,"href":"https:\/\/www.forum-soegel.de\/information\/wp-json\/wp\/v2\/users\/2"}],"replies":[{"embeddable":true,"href":"https:\/\/www.forum-soegel.de\/information\/wp-json\/wp\/v2\/comments?post=3830"}],"version-history":[{"count":2,"href":"https:\/\/www.forum-soegel.de\/information\/wp-json\/wp\/v2\/posts\/3830\/revisions"}],"predecessor-version":[{"id":3833,"href":"https:\/\/www.forum-soegel.de\/information\/wp-json\/wp\/v2\/posts\/3830\/revisions\/3833"}],"wp:attachment":[{"href":"https:\/\/www.forum-soegel.de\/information\/wp-json\/wp\/v2\/media?parent=3830"}],"wp:term":[{"taxonomy":"category","embeddable":true,"href":"https:\/\/www.forum-soegel.de\/information\/wp-json\/wp\/v2\/categories?post=3830"},{"taxonomy":"post_tag","embeddable":true,"href":"https:\/\/www.forum-soegel.de\/information\/wp-json\/wp\/v2\/tags?post=3830"}],"curies":[{"name":"wp","href":"https:\/\/api.w.org\/{rel}","templated":true}]}}