{"id":38273,"date":"2024-12-01T18:10:11","date_gmt":"2024-12-01T17:10:11","guid":{"rendered":"https:\/\/www.forum-soegel.de\/information\/?p=38273"},"modified":"2024-12-31T18:11:14","modified_gmt":"2024-12-31T17:11:14","slug":"polizeimeldungen-32","status":"publish","type":"post","link":"https:\/\/www.forum-soegel.de\/information\/2024\/12\/polizeimeldungen-32\/","title":{"rendered":"Polizeimeldungen"},"content":{"rendered":"\n<p><strong>Spahnharrenst\u00e4tte \u2013 Person bei Verkehrsunfall<\/strong><\/p>\n\n\n\n<p>Am Mittwochabend, 30.10.2024, kam es auf der Hauptstra\u00dfe in Spahnharrenst\u00e4tte zu einem Verkehrsunfall. Der 21-j\u00e4hrige Fahrer eines Mercedes fuhr gegen 23.40 Uhr in Richtung Spahnharrenst\u00e4tte, kam aus bisher ungekl\u00e4rter Ursache nach rechts von der Fahrbahn ab und prallte gegen einen Baum. Er wurde im Fahrzeug eingeklemmt woraus ihn die Feuerwehr befreite und kam mit leichten Verletzungen ins Krankenhaus. Der Sachschaden betr\u00e4gt etwa 15.000 Euro.<\/p>\n\n\n\n<p><strong>S\u00f6gel \u2013 Einbruch in Ferienhaus<\/strong><\/p>\n\n\n\n<p>Am 07.11.2024 in der Zeit von 12:30 Uhr bis 15:10 Uhr kam es im Sch\u00fcckingweg zu einem Einbruchdiebstahl. Bislang unbekannte T\u00e4ter verschafften sich gewaltsam Zugang zu einem Ferienhaus und entwendeten einen Koffer. Zeugen werden gebeten sich bei der Polizei in S\u00f6gel unter der Rufnummer 05952 &#8211; 93450 zu melden.<\/p>\n\n\n\n<p><strong>H\u00fcven \u2013 Erfolgreiche grenz\u00fcberschreitende Zusammenarbeit f\u00fchrt zur Sicherstellung illegaler Profifeuerwerksk\u00f6rper in Millionenwert<\/strong><\/p>\n\n\n\n<p>Im Rahmen eines Ermittlungsverfahrens der niederl\u00e4ndischen Politie konnte durch die enge Zusammenarbeit mit der Polizeiinspektion Emsland \/ Grafschaft Bentheim ein erheblicher Versto\u00df gegen das niederl\u00e4ndische Gesetz \u00fcber den Umgang mit Feuerwerk aufgedeckt werden. Die l\u00e4nder\u00fcbergreifende Kooperation unter Federf\u00fchrung GPT (Grenz\u00fcberschreitendes Polizeiteam) der Polizeiinspektion Emsland \/ Grafschaft Bentheim und der niederl\u00e4ndischen Politie f\u00fchrte zur Aufdeckung einer illegalen Lagerst\u00e4tte f\u00fcr gef\u00e4hrliches Profifeuerwerk im Landkreis Emsland.<\/p>\n\n\n\n<p>Bei einer Fahrzeugkontrolle in den Niederlanden wurden 30 Kartons mit professionellen Feuerwerksk\u00f6rpern der Kategorie F4 sichergestellt. Die Ermittlungen in den Niederlanden ergaben Hinweise auf eine m\u00f6gliche Lagerhalle in H\u00fcven, Landkreis Emsland, die als illegales Depot f\u00fcr gro\u00dfe Mengen Profifeuerwerk dienen sollte. In der Lagerhalle entdeckten die Einsatzkr\u00e4fte tausende Feuerwerksk\u00f6rper, verpackt in Kartons und offenbar f\u00fcr den unrechtm\u00e4\u00dfigen Verkauf vorgesehen. Der Verkaufswert wird auf einen Millionenbetrag gesch\u00e4tzt.<\/p>\n\n\n\n<p>Die sichergestellten Produkte d\u00fcrfen auch in Deutschland nur mit einer entsprechenden Erlaubnis abgebrannt werden. Einsatzkr\u00e4fte sind aktuell damit besch\u00e4ftigt, die Kartons zu sichten und alle Gegenst\u00e4nde beweissichernd zu dokumentieren.<\/p>\n\n\n\n<p>Diese Ma\u00dfnahmen erfolgten in enger Zusammenarbeit mit dem Landkreis Emsland, dem Gewerbeaufsichtsamt Osnabr\u00fcck und der Samtgemeinde S\u00f6gel. Der unsachgem\u00e4\u00dfe Umgang und die unsachgem\u00e4\u00dfe Lagerung stellen eine erhebliche Gef\u00e4hrdung f\u00fcr die \u00f6ffentliche Sicherheit dar. Sie sind f\u00fcr den professionellen Gebrauch vorgesehen und weisen eine Explosionskraft auf, die schwerwiegende Sch\u00e4den an Personen und Sachwerten verursachen kann. Durch die sofortige Reaktion der Einsatzkr\u00e4fte konnte eine potenziell gef\u00e4hrliche Situation f\u00fcr Anwohner und Umgebung abgewendet werden.<\/p>\n\n\n\n<p>Diese erfolgreiche Aktion unterstreicht die Bedeutung der intensiven Zusammenarbeit zwischen den niederl\u00e4ndischen und deutschen Polizeibeh\u00f6rden. Durch die schnelle und koordinierte Reaktion konnte ein erheblicher Beitrag zur Sicherheit geleistet werden. Die Ermittlungen dauern weiter an.<\/p>\n\n\n\n<p>Zusammengestellt von Gerd Rode<\/p>\n","protected":false},"excerpt":{"rendered":"Spahnharrenst\u00e4tte \u2013 Person bei Verkehrsunfall Am Mittwochabend, 30.10.2024, kam es auf der Hauptstra\u00dfe in Spahnharrenst\u00e4tte zu einem Verkehrsunfall. Der 21-j\u00e4hrige Fahrer eines Mercedes fuhr gegen 23.40 Uhr in Richtung Spahnharrenst\u00e4tte, kam aus bisher ungekl\u00e4rter Ursache nach rechts von der Fahrbahn ab und prallte gegen einen Baum. Er wurde im Fahrzeug eingeklemmt woraus ihn die Feuerwehr [&hellip;]\n","protected":false},"author":2,"featured_media":0,"comment_status":"closed","ping_status":"closed","sticky":false,"template":"","format":"standard","meta":{"ngg_post_thumbnail":0,"footnotes":""},"categories":[931],"tags":[],"class_list":["post-38273","post","type-post","status-publish","format-standard","hentry","category-blaulichtreport"],"_links":{"self":[{"href":"https:\/\/www.forum-soegel.de\/information\/wp-json\/wp\/v2\/posts\/38273","targetHints":{"allow":["GET"]}}],"collection":[{"href":"https:\/\/www.forum-soegel.de\/information\/wp-json\/wp\/v2\/posts"}],"about":[{"href":"https:\/\/www.forum-soegel.de\/information\/wp-json\/wp\/v2\/types\/post"}],"author":[{"embeddable":true,"href":"https:\/\/www.forum-soegel.de\/information\/wp-json\/wp\/v2\/users\/2"}],"replies":[{"embeddable":true,"href":"https:\/\/www.forum-soegel.de\/information\/wp-json\/wp\/v2\/comments?post=38273"}],"version-history":[{"count":1,"href":"https:\/\/www.forum-soegel.de\/information\/wp-json\/wp\/v2\/posts\/38273\/revisions"}],"predecessor-version":[{"id":38274,"href":"https:\/\/www.forum-soegel.de\/information\/wp-json\/wp\/v2\/posts\/38273\/revisions\/38274"}],"wp:attachment":[{"href":"https:\/\/www.forum-soegel.de\/information\/wp-json\/wp\/v2\/media?parent=38273"}],"wp:term":[{"taxonomy":"category","embeddable":true,"href":"https:\/\/www.forum-soegel.de\/information\/wp-json\/wp\/v2\/categories?post=38273"},{"taxonomy":"post_tag","embeddable":true,"href":"https:\/\/www.forum-soegel.de\/information\/wp-json\/wp\/v2\/tags?post=38273"}],"curies":[{"name":"wp","href":"https:\/\/api.w.org\/{rel}","templated":true}]}}