{"id":38154,"date":"2024-12-01T17:07:35","date_gmt":"2024-12-01T16:07:35","guid":{"rendered":"https:\/\/www.forum-soegel.de\/information\/?p=38154"},"modified":"2024-12-31T17:10:44","modified_gmt":"2024-12-31T16:10:44","slug":"fit-wie-ein-turnschuh","status":"publish","type":"post","link":"https:\/\/www.forum-soegel.de\/information\/2024\/12\/fit-wie-ein-turnschuh\/","title":{"rendered":"\u201eFit wie ein Turnschuh\u201c"},"content":{"rendered":"\n<p>Spahnharrenst\u00e4tte &#8211; Am Donnerstag, den 17. und Freitag, den 18. Oktober machten sich die Kindergartenkinder der KiTa auf den Weg in die Sporthalle. Dort wurden sie von einigen Eltern mit einem bunten Programm erwartet.<\/p>\n\n\n\n<p>Die Kinder erhielten an diesem Tag die M\u00f6glichkeit ein Mini-Sportabzeichen mit \u201eHoppel und B\u00fcrste\u201c zu machen. Der Hase und der Igel begleiteten die Kinder durch das Programm, bei denen sie unterschiedlichste Stationen besuchen durften. Zum Ende erhielten alle eine Urkunde und ein Abzeichen.<\/p>\n\n\n\n<p>Die Kinder waren begeistert und k\u00f6nnen alle sehr stolz auf sich sein. Ein gro\u00dfes Dankesch\u00f6n an alle Helfer, die diese Aktion f\u00fcr unsere KiTa organisiert und durchgef\u00fchrt haben.<\/p>\n\n\n\n<p>Text\/Fotos: KiTA Spahnharrenst\u00e4tte<\/p>\n\n\n\n<figure class=\"wp-block-gallery has-nested-images columns-default is-cropped wp-block-gallery-1 is-layout-flex wp-block-gallery-is-layout-flex\">\n<figure class=\"wp-block-image size-large\"><a href=\"https:\/\/www.forum-soegel.de\/information\/wp-content\/uploads\/2024\/12\/Fit-wie-ein-Turnschuh-5.jpeg\"><img loading=\"lazy\" decoding=\"async\" width=\"1024\" height=\"1024\" data-id=\"38158\" src=\"https:\/\/www.forum-soegel.de\/information\/wp-content\/uploads\/2024\/12\/Fit-wie-ein-Turnschuh-5-1024x1024.jpeg\" alt=\"\" class=\"wp-image-38158\" srcset=\"https:\/\/www.forum-soegel.de\/information\/wp-content\/uploads\/2024\/12\/Fit-wie-ein-Turnschuh-5-1024x1024.jpeg 1024w, https:\/\/www.forum-soegel.de\/information\/wp-content\/uploads\/2024\/12\/Fit-wie-ein-Turnschuh-5-300x300.jpeg 300w, https:\/\/www.forum-soegel.de\/information\/wp-content\/uploads\/2024\/12\/Fit-wie-ein-Turnschuh-5-150x150.jpeg 150w, https:\/\/www.forum-soegel.de\/information\/wp-content\/uploads\/2024\/12\/Fit-wie-ein-Turnschuh-5-768x768.jpeg 768w, https:\/\/www.forum-soegel.de\/information\/wp-content\/uploads\/2024\/12\/Fit-wie-ein-Turnschuh-5.jpeg 1200w\" sizes=\"auto, (max-width: 1024px) 100vw, 1024px\" \/><\/a><\/figure>\n\n\n\n<figure class=\"wp-block-image size-large\"><a href=\"https:\/\/www.forum-soegel.de\/information\/wp-content\/uploads\/2024\/12\/Fit-wie-ein-Turnschuh-1.jpeg\"><img loading=\"lazy\" decoding=\"async\" width=\"1024\" height=\"1024\" data-id=\"38156\" src=\"https:\/\/www.forum-soegel.de\/information\/wp-content\/uploads\/2024\/12\/Fit-wie-ein-Turnschuh-1-1024x1024.jpeg\" alt=\"\" class=\"wp-image-38156\" srcset=\"https:\/\/www.forum-soegel.de\/information\/wp-content\/uploads\/2024\/12\/Fit-wie-ein-Turnschuh-1-1024x1024.jpeg 1024w, https:\/\/www.forum-soegel.de\/information\/wp-content\/uploads\/2024\/12\/Fit-wie-ein-Turnschuh-1-300x300.jpeg 300w, https:\/\/www.forum-soegel.de\/information\/wp-content\/uploads\/2024\/12\/Fit-wie-ein-Turnschuh-1-150x150.jpeg 150w, https:\/\/www.forum-soegel.de\/information\/wp-content\/uploads\/2024\/12\/Fit-wie-ein-Turnschuh-1-768x768.jpeg 768w, https:\/\/www.forum-soegel.de\/information\/wp-content\/uploads\/2024\/12\/Fit-wie-ein-Turnschuh-1.jpeg 1200w\" sizes=\"auto, (max-width: 1024px) 100vw, 1024px\" \/><\/a><\/figure>\n\n\n\n<figure class=\"wp-block-image size-large\"><a href=\"https:\/\/www.forum-soegel.de\/information\/wp-content\/uploads\/2024\/12\/Fit-wie-ein-Turnschuh-2.jpeg\"><img loading=\"lazy\" decoding=\"async\" width=\"768\" height=\"1024\" data-id=\"38157\" src=\"https:\/\/www.forum-soegel.de\/information\/wp-content\/uploads\/2024\/12\/Fit-wie-ein-Turnschuh-2-768x1024.jpeg\" alt=\"\" class=\"wp-image-38157\" srcset=\"https:\/\/www.forum-soegel.de\/information\/wp-content\/uploads\/2024\/12\/Fit-wie-ein-Turnschuh-2-768x1024.jpeg 768w, https:\/\/www.forum-soegel.de\/information\/wp-content\/uploads\/2024\/12\/Fit-wie-ein-Turnschuh-2-225x300.jpeg 225w, https:\/\/www.forum-soegel.de\/information\/wp-content\/uploads\/2024\/12\/Fit-wie-ein-Turnschuh-2.jpeg 900w\" sizes=\"auto, (max-width: 768px) 100vw, 768px\" \/><\/a><\/figure>\n\n\n\n<figure class=\"wp-block-image size-large\"><a href=\"https:\/\/www.forum-soegel.de\/information\/wp-content\/uploads\/2024\/12\/Fit-wie-ein-Turnschuh-3.jpeg\"><img loading=\"lazy\" decoding=\"async\" width=\"1024\" height=\"768\" data-id=\"38159\" src=\"https:\/\/www.forum-soegel.de\/information\/wp-content\/uploads\/2024\/12\/Fit-wie-ein-Turnschuh-3-1024x768.jpeg\" alt=\"\" class=\"wp-image-38159\" srcset=\"https:\/\/www.forum-soegel.de\/information\/wp-content\/uploads\/2024\/12\/Fit-wie-ein-Turnschuh-3-1024x768.jpeg 1024w, https:\/\/www.forum-soegel.de\/information\/wp-content\/uploads\/2024\/12\/Fit-wie-ein-Turnschuh-3-300x225.jpeg 300w, https:\/\/www.forum-soegel.de\/information\/wp-content\/uploads\/2024\/12\/Fit-wie-ein-Turnschuh-3-768x576.jpeg 768w, https:\/\/www.forum-soegel.de\/information\/wp-content\/uploads\/2024\/12\/Fit-wie-ein-Turnschuh-3.jpeg 1200w\" sizes=\"auto, (max-width: 1024px) 100vw, 1024px\" \/><\/a><\/figure>\n\n\n\n<figure class=\"wp-block-image size-large\"><a href=\"https:\/\/www.forum-soegel.de\/information\/wp-content\/uploads\/2024\/12\/Fit-wie-ein-Turnschuh-4.jpeg\"><img loading=\"lazy\" decoding=\"async\" width=\"768\" height=\"1024\" data-id=\"38155\" src=\"https:\/\/www.forum-soegel.de\/information\/wp-content\/uploads\/2024\/12\/Fit-wie-ein-Turnschuh-4-768x1024.jpeg\" alt=\"\" class=\"wp-image-38155\" srcset=\"https:\/\/www.forum-soegel.de\/information\/wp-content\/uploads\/2024\/12\/Fit-wie-ein-Turnschuh-4-768x1024.jpeg 768w, https:\/\/www.forum-soegel.de\/information\/wp-content\/uploads\/2024\/12\/Fit-wie-ein-Turnschuh-4-225x300.jpeg 225w, https:\/\/www.forum-soegel.de\/information\/wp-content\/uploads\/2024\/12\/Fit-wie-ein-Turnschuh-4.jpeg 900w\" sizes=\"auto, (max-width: 768px) 100vw, 768px\" \/><\/a><\/figure>\n<\/figure>\n","protected":false},"excerpt":{"rendered":"Spahnharrenst\u00e4tte &#8211; Am Donnerstag, den 17. und Freitag, den 18. Oktober machten sich die Kindergartenkinder der KiTa auf den Weg in die Sporthalle. Dort wurden sie von einigen Eltern mit einem bunten Programm erwartet. Die Kinder erhielten an diesem Tag die M\u00f6glichkeit ein Mini-Sportabzeichen mit \u201eHoppel und B\u00fcrste\u201c zu machen. Der Hase und der Igel [&hellip;]\n","protected":false},"author":2,"featured_media":0,"comment_status":"closed","ping_status":"closed","sticky":false,"template":"","format":"standard","meta":{"ngg_post_thumbnail":0,"footnotes":""},"categories":[868],"tags":[],"class_list":["post-38154","post","type-post","status-publish","format-standard","hentry","category-zwischen-himmel-und-erde"],"_links":{"self":[{"href":"https:\/\/www.forum-soegel.de\/information\/wp-json\/wp\/v2\/posts\/38154","targetHints":{"allow":["GET"]}}],"collection":[{"href":"https:\/\/www.forum-soegel.de\/information\/wp-json\/wp\/v2\/posts"}],"about":[{"href":"https:\/\/www.forum-soegel.de\/information\/wp-json\/wp\/v2\/types\/post"}],"author":[{"embeddable":true,"href":"https:\/\/www.forum-soegel.de\/information\/wp-json\/wp\/v2\/users\/2"}],"replies":[{"embeddable":true,"href":"https:\/\/www.forum-soegel.de\/information\/wp-json\/wp\/v2\/comments?post=38154"}],"version-history":[{"count":1,"href":"https:\/\/www.forum-soegel.de\/information\/wp-json\/wp\/v2\/posts\/38154\/revisions"}],"predecessor-version":[{"id":38160,"href":"https:\/\/www.forum-soegel.de\/information\/wp-json\/wp\/v2\/posts\/38154\/revisions\/38160"}],"wp:attachment":[{"href":"https:\/\/www.forum-soegel.de\/information\/wp-json\/wp\/v2\/media?parent=38154"}],"wp:term":[{"taxonomy":"category","embeddable":true,"href":"https:\/\/www.forum-soegel.de\/information\/wp-json\/wp\/v2\/categories?post=38154"},{"taxonomy":"post_tag","embeddable":true,"href":"https:\/\/www.forum-soegel.de\/information\/wp-json\/wp\/v2\/tags?post=38154"}],"curies":[{"name":"wp","href":"https:\/\/api.w.org\/{rel}","templated":true}]}}