{"id":3808,"date":"2010-12-01T00:27:22","date_gmt":"2010-11-30T23:27:22","guid":{"rendered":"https:\/\/www.forum-soegel.de\/information\/?p=3808"},"modified":"2010-11-27T14:34:43","modified_gmt":"2010-11-27T13:34:43","slug":"mdb-gitta-connemann-spahnharrenstatte-eine-prototyp-gemeinde","status":"publish","type":"post","link":"https:\/\/www.forum-soegel.de\/information\/2010\/12\/mdb-gitta-connemann-spahnharrenstatte-eine-prototyp-gemeinde\/","title":{"rendered":"MdB Gitta Connemann: Spahnharrenst\u00e4tte eine Prototyp Gemeinde"},"content":{"rendered":"<p>Am 22. Oktober begr\u00fc\u00dfte Hausherr Pastor Bernd Horstmann Gitta Connemann im Pfarrhaus Spahnharrenst\u00e4tte.\u00a0 Zum weiteren \u201eEmpfangskomitee\u201c geh\u00f6rten Kirchvorstandsvorsitzender Wilhelm Stevens, die Leiterin des Kindergartens Agnes Wigbers, B\u00fcrgermeister Hubert Lager sowie dem Ortsvorstand der CDU Reinhard Timpker, Hans Wolken, Wilfried Meyer, Markus Freese und Werner R\u00fcdebusch.<\/p>\n<p>Pastor Bernd Horstmann sprach in seiner Einleitung Themen wie Infrastruktur, den demographischen Wandel und\u00a0 den Aus- und Erweiterungsbau des Kindergartens an.<\/p>\n<p>Danach berichtete B\u00fcrgermeister Hubert Lager \u00fcber die Probleme in einer l\u00e4ndlichen Gemeinde. Er konnte berichten, dass die Gemeinde Spahnharrenst\u00e4tte gegen den Trend der Demographie gute Geburtenraten vermelden kann (Durchschnittlich 20 Kinder pro Jahr). Dies sei sicherlich der Siedlungspolitik der Gemeinde zu verdanken. Das Gewerbegebiet der Gemeinde sei beim letzten Besuch von Frau Connemann noch fast unbebaut gewesen, jetzt sind alle Grundst\u00fccke verkauft, sodass die Gemeinde ein neues Industriegebiet von ca.\u00a0 9ha beantragt habe. Selbstverst\u00e4ndlich wurden von Herrn Lager auch die strittigen Punkte in der Gemeinde angesprochen, wie Tierhaltungsanlagen im Au\u00dfenbereich, Wegebau und Finanzierung des Kindergartens.<\/p>\n<p>CDU-Ortsvorsitzender Reinhard Timpker berichtete, dass die Gemeinde Spahnharrenst\u00e4tte etwa 30 Mitglieder hat. In einer Gemeinde wie Spahnharrenst\u00e4tte sei die Parteizugeh\u00f6rigkeit von geringer Bedeutung, da die Probleme partei\u00fcbergreifend angefasst werden. In der Frage des B\u00fcrgermeisters merkte Herr Timpker an, dass die letzten B\u00fcrgermeister Rentner waren und daher mehr Zeit hatten, sich um die Belange der Gemeinde zu k\u00fcmmern, das werde nach der n\u00e4chsten Wahl wahrscheinlich nicht mehr der Fall sein. Au\u00dferdem sei es sehr schwierig junge Leute als politischen Nachwuchs zu gewinnen. \u201eDies hat auch mit der Politikverdrossenheit zu tun\u201c meinte Herr Timpker. Im Rat sind immer wieder Kompromisse einzugehen, die Belange der Landwirtschaft und der Wohnbev\u00f6lkerung sind abzuw\u00e4gen. Es sei sehr wichtig, die B\u00fcrger rechtzeitig zu informieren, dies habe die letzte B\u00fcrgerversammlung\u00a0 (Planung zum Bau vom Tierhaltungsanlagen) ganz deutlich gezeigt.<\/p>\n<p>Danach \u00fcbernahm Frau Connemann das Wort. Ihr Besuch in Spahnharrenst\u00e4tte habe einen Grund, denn Spahnharrenst\u00e4tte sei als beispielhafter Prototyp der l\u00e4ndlichen Region anzusehen. Die Zukunftsweichen f\u00fcr das \u00fcberleben kleiner Gemeinden m\u00fcssen jetzt gestellt werden. Die Gemeinden liegen untereinander im Wettbewerb um junge Familien, hierf\u00fcr ist die Attraktivit\u00e4t einer Gemeinde (Infrastruktur, Schule, Kindergarten und Lebensmittelladen) von wesentlicher Bedeutung.\u00a0 Die Entscheidungen der R\u00e4te sind meistens langfristig angelegt und dabei ist die Bev\u00f6lkerung, auch bei unangenehmen Entscheidungen, mit zu nehmen. Es ist eine Herausforderung die Land- und Landesflucht zu verhindern, wie es teilweise schon in den neuen Bundesl\u00e4ndern der Fall ist.<\/p>\n<p>Danach wurden Themen der Bundespolitik und der Politikverdrossenheit diskutiert. Frau Connemann meinte dazu, dass der Unterschied der ver\u00f6ffentlichten Meinung und der tats\u00e4chlichen Entscheidungen den B\u00fcrgern nicht vermittelt werde. Deutschland habe die gr\u00f6\u00dfte Krise nach dem Krieg gemeistert und die Wirtschaftzahlen, sowie die Vorhersagen f\u00fcr das n\u00e4chste Jahr, seien sehr positiv. Die Stimmung und die Meinungen \u00fcber die Bundesregierung und der Koalition sind in der \u00d6ffentlichkeit trotzdem negativ.<\/p>\n<p>Zum Thema EWE empfiehlt Gitta Connemann gegen den Energieversorger zu klagen. W\u00f6rtlich sagte sie: \u201eMacht Euer Recht geltend &#8211; Vertragstreue ist keine Einbahnstra\u00dfe\u201c.<\/p>\n<p>Danach wurde der im Umbau befindliche Kindergarten besichtigt. Gitta Connemann lie\u00df sich von der Architektin Claudia Kleine \u00fcber die energetischen und p\u00e4dagogischen Bauma\u00dfnahmen unterrichten.<\/p>\n<p>Connemann versprach, wenn gew\u00fcnscht, bei n\u00e4chster Gelegenheit wieder nach Spahnharrenst\u00e4tte zu kommen.<\/p>\n<p>Text:WR<br \/>\nFoto:\u00a0Markus Freese + WR<\/p>\n<p><a href=\"https:\/\/www.forum-soegel.de\/information\/wp-content\/uploads\/2010\/11\/Connemann1.jpg\"><img loading=\"lazy\" decoding=\"async\" class=\"alignnone size-thumbnail wp-image-3809\" title=\"Connemann1\" src=\"https:\/\/www.forum-soegel.de\/information\/wp-content\/uploads\/2010\/11\/Connemann1-150x150.jpg\" alt=\"\" width=\"150\" height=\"150\" \/><\/a>\u00a0 <a href=\"https:\/\/www.forum-soegel.de\/information\/wp-content\/uploads\/2010\/11\/Connemann2JPG.jpg\"><img loading=\"lazy\" decoding=\"async\" class=\"alignnone size-thumbnail wp-image-3810\" title=\"Connemann2JPG\" src=\"https:\/\/www.forum-soegel.de\/information\/wp-content\/uploads\/2010\/11\/Connemann2JPG-150x150.jpg\" alt=\"\" width=\"150\" height=\"150\" \/><\/a>\u00a0 <a href=\"https:\/\/www.forum-soegel.de\/information\/wp-content\/uploads\/2010\/11\/Connemann3.jpg\"><img loading=\"lazy\" decoding=\"async\" class=\"alignnone size-thumbnail wp-image-3811\" title=\"Connemann3\" src=\"https:\/\/www.forum-soegel.de\/information\/wp-content\/uploads\/2010\/11\/Connemann3-150x150.jpg\" alt=\"\" width=\"150\" height=\"150\" \/><\/a><\/p>\n<p><a href=\"https:\/\/www.forum-soegel.de\/information\/wp-content\/uploads\/2010\/11\/Connemann4.jpg\"><img loading=\"lazy\" decoding=\"async\" class=\"alignnone size-thumbnail wp-image-3812\" title=\"Connemann4\" src=\"https:\/\/www.forum-soegel.de\/information\/wp-content\/uploads\/2010\/11\/Connemann4-150x150.jpg\" alt=\"\" width=\"150\" height=\"150\" \/><\/a><\/p>\n","protected":false},"excerpt":{"rendered":"Am 22. Oktober begr\u00fc\u00dfte Hausherr Pastor Bernd Horstmann Gitta Connemann im Pfarrhaus Spahnharrenst\u00e4tte.\u00a0 Zum weiteren \u201eEmpfangskomitee\u201c geh\u00f6rten Kirchvorstandsvorsitzender Wilhelm Stevens, die Leiterin des Kindergartens Agnes Wigbers, B\u00fcrgermeister Hubert Lager sowie dem Ortsvorstand der CDU Reinhard Timpker, Hans Wolken, Wilfried Meyer, Markus Freese und Werner R\u00fcdebusch. Pastor Bernd Horstmann sprach in seiner Einleitung Themen wie Infrastruktur, [&hellip;]\n","protected":false},"author":2,"featured_media":0,"comment_status":"closed","ping_status":"closed","sticky":false,"template":"","format":"standard","meta":{"ngg_post_thumbnail":0,"footnotes":""},"categories":[3],"tags":[512,511],"class_list":["post-3808","post","type-post","status-publish","format-standard","hentry","category-aktuelles-aus-der-region","tag-connemann","tag-mdb"],"_links":{"self":[{"href":"https:\/\/www.forum-soegel.de\/information\/wp-json\/wp\/v2\/posts\/3808","targetHints":{"allow":["GET"]}}],"collection":[{"href":"https:\/\/www.forum-soegel.de\/information\/wp-json\/wp\/v2\/posts"}],"about":[{"href":"https:\/\/www.forum-soegel.de\/information\/wp-json\/wp\/v2\/types\/post"}],"author":[{"embeddable":true,"href":"https:\/\/www.forum-soegel.de\/information\/wp-json\/wp\/v2\/users\/2"}],"replies":[{"embeddable":true,"href":"https:\/\/www.forum-soegel.de\/information\/wp-json\/wp\/v2\/comments?post=3808"}],"version-history":[{"count":1,"href":"https:\/\/www.forum-soegel.de\/information\/wp-json\/wp\/v2\/posts\/3808\/revisions"}],"predecessor-version":[{"id":3813,"href":"https:\/\/www.forum-soegel.de\/information\/wp-json\/wp\/v2\/posts\/3808\/revisions\/3813"}],"wp:attachment":[{"href":"https:\/\/www.forum-soegel.de\/information\/wp-json\/wp\/v2\/media?parent=3808"}],"wp:term":[{"taxonomy":"category","embeddable":true,"href":"https:\/\/www.forum-soegel.de\/information\/wp-json\/wp\/v2\/categories?post=3808"},{"taxonomy":"post_tag","embeddable":true,"href":"https:\/\/www.forum-soegel.de\/information\/wp-json\/wp\/v2\/tags?post=3808"}],"curies":[{"name":"wp","href":"https:\/\/api.w.org\/{rel}","templated":true}]}}