{"id":3807,"date":"2010-12-01T00:51:19","date_gmt":"2010-11-30T23:51:19","guid":{"rendered":"https:\/\/www.forum-soegel.de\/information\/2010\/12\/3807\/"},"modified":"2010-11-27T20:55:00","modified_gmt":"2010-11-27T19:55:00","slug":"3807","status":"publish","type":"post","link":"https:\/\/www.forum-soegel.de\/information\/2010\/12\/3807\/","title":{"rendered":"Weihnachtsfeier? Mal anders?"},"content":{"rendered":"<p><strong>Warum nicht mal mit Bildung, Geschichte und Geschichten?<\/strong><\/p>\n<p>Wir bieten Vereinen, Betrieben und anderen Gruppen als Auftakt zu ihrer Weihnachts- oder Jahresabschlussfeier eine lebendige und erlebnisreiche F\u00fchrung durch die Geschichte S\u00f6gels und des H\u00fcmmlings.<\/p>\n<p>Dauer: ca. 1,5 Stunden<\/p>\n<p>Ort: Geschichts- und Zukunftswerkstatt, Sigiltrastr.10a<\/p>\n<p>Kosten: 3,00 \u20ac \/ Person (max. 30 Personen)<\/p>\n<p>Anmeldung: Telefon: 05952\/ 1238<\/p>\n<p>e-mail: <a href=\"mailto:bernd.eggert.soegel@ewetel.net\">bernd.eggert.soegel@ewetel.net<\/a><\/p>\n<p>Wir freuen uns auf Ihr Kommen.<\/p>\n","protected":false},"excerpt":{"rendered":"Warum nicht mal mit Bildung, Geschichte und Geschichten? Wir bieten Vereinen, Betrieben und anderen Gruppen als Auftakt zu ihrer Weihnachts- oder Jahresabschlussfeier eine lebendige und erlebnisreiche F\u00fchrung durch die Geschichte S\u00f6gels und des H\u00fcmmlings. Dauer: ca. 1,5 Stunden Ort: Geschichts- und Zukunftswerkstatt, Sigiltrastr.10a Kosten: 3,00 \u20ac \/ Person (max. 30 Personen) Anmeldung: Telefon: 05952\/ 1238 [&hellip;]\n","protected":false},"author":2,"featured_media":0,"comment_status":"closed","ping_status":"closed","sticky":false,"template":"","format":"standard","meta":{"ngg_post_thumbnail":0,"footnotes":""},"categories":[8],"tags":[],"class_list":["post-3807","post","type-post","status-publish","format-standard","hentry","category-gut-zu-wissen"],"_links":{"self":[{"href":"https:\/\/www.forum-soegel.de\/information\/wp-json\/wp\/v2\/posts\/3807","targetHints":{"allow":["GET"]}}],"collection":[{"href":"https:\/\/www.forum-soegel.de\/information\/wp-json\/wp\/v2\/posts"}],"about":[{"href":"https:\/\/www.forum-soegel.de\/information\/wp-json\/wp\/v2\/types\/post"}],"author":[{"embeddable":true,"href":"https:\/\/www.forum-soegel.de\/information\/wp-json\/wp\/v2\/users\/2"}],"replies":[{"embeddable":true,"href":"https:\/\/www.forum-soegel.de\/information\/wp-json\/wp\/v2\/comments?post=3807"}],"version-history":[{"count":5,"href":"https:\/\/www.forum-soegel.de\/information\/wp-json\/wp\/v2\/posts\/3807\/revisions"}],"predecessor-version":[{"id":3945,"href":"https:\/\/www.forum-soegel.de\/information\/wp-json\/wp\/v2\/posts\/3807\/revisions\/3945"}],"wp:attachment":[{"href":"https:\/\/www.forum-soegel.de\/information\/wp-json\/wp\/v2\/media?parent=3807"}],"wp:term":[{"taxonomy":"category","embeddable":true,"href":"https:\/\/www.forum-soegel.de\/information\/wp-json\/wp\/v2\/categories?post=3807"},{"taxonomy":"post_tag","embeddable":true,"href":"https:\/\/www.forum-soegel.de\/information\/wp-json\/wp\/v2\/tags?post=3807"}],"curies":[{"name":"wp","href":"https:\/\/api.w.org\/{rel}","templated":true}]}}