{"id":38040,"date":"2024-11-01T19:21:14","date_gmt":"2024-11-01T18:21:14","guid":{"rendered":"https:\/\/www.forum-soegel.de\/information\/?p=38040"},"modified":"2024-12-08T19:22:34","modified_gmt":"2024-12-08T18:22:34","slug":"vaelkomna-till-soegel-erfolgreiches-erasmusprojekt-mit-einer-schwedischen-schule-aus-habo-am-huemmling-gymnasium","status":"publish","type":"post","link":"https:\/\/www.forum-soegel.de\/information\/2024\/11\/vaelkomna-till-soegel-erfolgreiches-erasmusprojekt-mit-einer-schwedischen-schule-aus-habo-am-huemmling-gymnasium\/","title":{"rendered":"V\u00e4lkomna till S\u00f6gel! \u2013 Erfolgreiches Erasmusprojekt mit einer schwedischen Schule aus Habo am H\u00fcmmling-Gymnasium"},"content":{"rendered":"\n<p>S\u00f6gel \u2013 Im September hatte das H\u00fcmmling-Gymnasium 14 Sch\u00fclerinnen und Sch\u00fcler der Hagabodaskolan aus Habo, einem kleinen Ort der schwedischen Provinz J\u00f6nk\u00f6pings l\u00e4n aus Schweden mit ihren beiden Lehrern David Blomqvist und Marcus Lager zu Gast. In Gastfamilien untergebracht, konnten sie eine Woche in S\u00f6gel verbringen und so direkt in den europ\u00e4ischen Austausch treten. Am Bahnhof in Lathen zeigte sich, dass Sch\u00fclerinnen und Sch\u00fcler es kaum erwarten konnten, ihren Austauschpartnerinnen und -partnern ihr Zuhause zu zeigen und ihnen ein herzliches Willkommen zu bereiten. Viele Familien besuchten an diesem Tag das \u201cFest der Kulturen\u201d auf dem S\u00f6geler Marktplatz. Auch einige Kolleginnen und Kollegen des H\u00fcmmling-Gymnasiums besuchten dieses Fest und so begleiteten Frau G\u00f6ddeker (als Organisatorin des Austauschs) die schwedischen Kollegen ebenfalls dorthin um erste Bande zu kn\u00fcpfen. Am Montag ging es bei sp\u00e4tsommerlichem Sonnenschein nach einer Schulf\u00fchrung<\/p>\n\n\n\n<p>in den Kletterwald. Zwischen Hochseil-Parcours und Picknick-Snacks konnten sich die Sch\u00fclerinnen und Sch\u00fcler weiter ann\u00e4hern und es wurden viele Pl\u00e4ne f\u00fcr eine ereignisreiche und intensive Woche geschmiedet.<\/p>\n\n\n\n<p>Der zweite Tag startete mit regul\u00e4rem Unterricht in den Tag und die Gastsch\u00fclerinnen und -sch\u00fcler hospitierten bei einer Doppelstunde in der Schule. Danach ging es mit dem Bus nach Oldenburg und dort zu den wichtigsten Sehensw\u00fcrdigkeiten. Nat\u00fcrlich freuten sich alle auf das Shopping-Erlebnis in Oldenburg und die Jugendlichen konnten in Kleingruppen die Stadt erkunden.<\/p>\n\n\n\n<p>Ganz ohne Arbeit ging es dann leider nicht: Das Programm Erasmus+ schreibt f\u00fcr eine solche Sch\u00fclermobilit\u00e4t vor, dass die Austauschpartner an mindestens zwei Tagen an einem gemeinsamen Projekt arbeiten. Die Schweden hatten sich dazu die Nachhaltigkeitsziele gew\u00fcnscht und so wurde der Mittwoch genutzt, um Habo und S\u00f6gel unter Ber\u00fccksichtigung von vier der insgesamt 17 Nachhaltigkeitsziele zu vergleichen. Dies gelang unter regem Austausch und mit viel Kreativit\u00e4t.<\/p>\n\n\n\n<p>Am Nachmittag gab es dann noch eine Exkursion zum Erinnerungsort Wahn. Martin L\u00fcnswilken bot sich an, die G\u00e4ste zu f\u00fchren und ihnen dabei etwas \u00fcber die Hintergr\u00fcnde zu erz\u00e4hlen. Der Donnerstagmorgen startete damit, dass die Gastsch\u00fclerinnen und -sch\u00fcler Schloss Clemenswerth erkundeten und dort eine \u00fcberaus interessante und spannende F\u00fchrung mit Einblicken hinter die \u201ef\u00fcrstlichen Kulissen\u201c bekamen. Am Abend wurde der Abschluss gemeinsam gefeiert und die Projektergebnisse pr\u00e4sentiert. Bei der Party im Mensageb\u00e4ude konnten die Sch\u00fclerinnen und Sch\u00fcler das Zusammensein noch einmal in vollen Z\u00fcgen genie\u00dfen.<\/p>\n\n\n\n<p>Am Freitag stand dann die Abreise der schwedischen Sch\u00fclergruppe an. Nach dem Fr\u00fchst\u00fcck wurde ausgiebig \u00fcber die vergangene Woche gesprochen \u2014 erfreulicherweise steht auch einer weiteren Kooperation nichts im Wege. Auch die Faire Woche ging parallel zu Ende und so konnten auch noch ein paar Erinnerungsfotos zum Thema \u201eFriday for Future\u201c gemacht werden \u2013 was perfekt dem Projektziel der Schweden entsprach. Mit einem weinenden und einem lachenden Auge und der Aussicht auf einen R\u00fcckbesuch im Mai wurden die Sch\u00fclerinnen und Sch\u00fcler sowie die beiden Lehrer verabschiedet.<\/p>\n\n\n\n<p>Es bleibt uns nur zu sagen: Vi ses! Tack s\u00e5 mycket! Vielen herzlichen Dank f\u00fcr die tolle Woche \u2014 und bis ganz bald!<\/p>\n\n\n\n<p>Text\/Foto: Christine G\u00f6ddeker<\/p>\n\n\n\n<figure class=\"wp-block-image size-large\"><a href=\"https:\/\/www.forum-soegel.de\/information\/wp-content\/uploads\/2024\/12\/Erfolgreiches-Erasmusprojekt-.jpeg\"><img loading=\"lazy\" decoding=\"async\" width=\"1024\" height=\"833\" src=\"https:\/\/www.forum-soegel.de\/information\/wp-content\/uploads\/2024\/12\/Erfolgreiches-Erasmusprojekt--1024x833.jpeg\" alt=\"\" class=\"wp-image-38041\" srcset=\"https:\/\/www.forum-soegel.de\/information\/wp-content\/uploads\/2024\/12\/Erfolgreiches-Erasmusprojekt--1024x833.jpeg 1024w, https:\/\/www.forum-soegel.de\/information\/wp-content\/uploads\/2024\/12\/Erfolgreiches-Erasmusprojekt--300x244.jpeg 300w, https:\/\/www.forum-soegel.de\/information\/wp-content\/uploads\/2024\/12\/Erfolgreiches-Erasmusprojekt--768x625.jpeg 768w, https:\/\/www.forum-soegel.de\/information\/wp-content\/uploads\/2024\/12\/Erfolgreiches-Erasmusprojekt--1536x1250.jpeg 1536w, https:\/\/www.forum-soegel.de\/information\/wp-content\/uploads\/2024\/12\/Erfolgreiches-Erasmusprojekt-.jpeg 2016w\" sizes=\"auto, (max-width: 1024px) 100vw, 1024px\" \/><\/a><\/figure>\n","protected":false},"excerpt":{"rendered":"S\u00f6gel \u2013 Im September hatte das H\u00fcmmling-Gymnasium 14 Sch\u00fclerinnen und Sch\u00fcler der Hagabodaskolan aus Habo, einem kleinen Ort der schwedischen Provinz J\u00f6nk\u00f6pings l\u00e4n aus Schweden mit ihren beiden Lehrern David Blomqvist und Marcus Lager zu Gast. In Gastfamilien untergebracht, konnten sie eine Woche in S\u00f6gel verbringen und so direkt in den europ\u00e4ischen Austausch treten. Am [&hellip;]\n","protected":false},"author":2,"featured_media":0,"comment_status":"closed","ping_status":"closed","sticky":false,"template":"","format":"standard","meta":{"ngg_post_thumbnail":0,"footnotes":""},"categories":[6],"tags":[],"class_list":["post-38040","post","type-post","status-publish","format-standard","hentry","category-aus-der-schule-geplaudert"],"_links":{"self":[{"href":"https:\/\/www.forum-soegel.de\/information\/wp-json\/wp\/v2\/posts\/38040","targetHints":{"allow":["GET"]}}],"collection":[{"href":"https:\/\/www.forum-soegel.de\/information\/wp-json\/wp\/v2\/posts"}],"about":[{"href":"https:\/\/www.forum-soegel.de\/information\/wp-json\/wp\/v2\/types\/post"}],"author":[{"embeddable":true,"href":"https:\/\/www.forum-soegel.de\/information\/wp-json\/wp\/v2\/users\/2"}],"replies":[{"embeddable":true,"href":"https:\/\/www.forum-soegel.de\/information\/wp-json\/wp\/v2\/comments?post=38040"}],"version-history":[{"count":1,"href":"https:\/\/www.forum-soegel.de\/information\/wp-json\/wp\/v2\/posts\/38040\/revisions"}],"predecessor-version":[{"id":38042,"href":"https:\/\/www.forum-soegel.de\/information\/wp-json\/wp\/v2\/posts\/38040\/revisions\/38042"}],"wp:attachment":[{"href":"https:\/\/www.forum-soegel.de\/information\/wp-json\/wp\/v2\/media?parent=38040"}],"wp:term":[{"taxonomy":"category","embeddable":true,"href":"https:\/\/www.forum-soegel.de\/information\/wp-json\/wp\/v2\/categories?post=38040"},{"taxonomy":"post_tag","embeddable":true,"href":"https:\/\/www.forum-soegel.de\/information\/wp-json\/wp\/v2\/tags?post=38040"}],"curies":[{"name":"wp","href":"https:\/\/api.w.org\/{rel}","templated":true}]}}