{"id":3804,"date":"2010-12-01T00:47:17","date_gmt":"2010-11-30T23:47:17","guid":{"rendered":"https:\/\/www.forum-soegel.de\/information\/?p=3804"},"modified":"2010-11-27T20:56:00","modified_gmt":"2010-11-27T19:56:00","slug":"nach-der-feucht-frohlichen-weihnachtsfeier-%e2%80%a6","status":"publish","type":"post","link":"https:\/\/www.forum-soegel.de\/information\/2010\/12\/nach-der-feucht-frohlichen-weihnachtsfeier-%e2%80%a6\/","title":{"rendered":"Nach der feucht-fr\u00f6hlichen Weihnachtsfeier \u2026"},"content":{"rendered":"<p><span style=\"font-size: x-small;\">&#8230; <\/span><span style=\"font-size: x-small;\">schwinge ich mich auf mein Fahrrad, um nach Hause zu fahren. Aus irgendeinem Grunde h\u00e4lt mich die Polizei an. Ich ahne nichts Gutes. Steht mein F\u00fchrerschein auf dem Spiel? <\/span><\/p>\n<p lang=\"de-DE\"><span style=\"font-size: x-small;\">Auch f\u00fcr Radfahrer gelten Promille-Grenzwerte:<\/span><\/p>\n<p><span style=\"font-size: x-small;\">Ab <\/span><span style=\"font-size: x-small;\"><strong>1,6 Promille<\/strong><\/span><span style=\"font-size: x-small;\"> gilt ein Radfahrer als absolut fahrunt\u00fcchtig. Er macht sich strafbar wegen Trunkenheit im Verkehr und muss mit einer Geldstrafe rechnen. Aber auch bei geringeren Alkoholwerten kann, sofern alkoholtypische Ausfallerscheinungen auftreten (z.B. Fahren von Schlangenlinien), bereits eine Straftat vorliegen. Dann spricht man von relativer Fahrunt\u00fcchtigkeit.<\/span><\/p>\n<p><span style=\"font-size: x-small;\">Das Gericht kann im Fall des betrunkenen Radfahrers diesem zwar nicht den F\u00fchrerschein entziehen oder ein Fahrverbot aussprechen. Der Radfahrer darf sich allerdings dennoch nicht in Sicherheit wiegen, denn die F\u00fchrerscheinstelle kann die Fahrerlaubnis auf verwaltungsrechtlicher Grundlage entziehen. Die zust\u00e4ndige Beh\u00f6rde hat dann festzustellen, ob der Radfahrer zum F\u00fchren eines Kraftfahrzeugs ungeeignet ist. Sie kann gegebenenfalls anordnen, dass der Radfahrer ein medizinisch-psychologisches Gutachten vorlegen muss.<\/span><\/p>\n<p lang=\"de-DE\"><span style=\"font-size: x-small;\">Fr\u00f6hliche Weihnachten!<\/span><\/p>\n<p lang=\"de-DE\"><span style=\"font-size: xx-small;\">Autorin dieses Beitrags:<\/span><\/p>\n<p lang=\"de-DE\"><span style=\"font-size: xx-small;\">Rechtsanw\u00e4ltin Jutta Westermann, S\u00f6gel, S\u00fcdstr. 18 A<\/span><\/p>\n<p lang=\"de-DE\"><span style=\"font-size: xx-small;\">(Tel. 05952\/ 200 678)<\/span><\/p>\n","protected":false},"excerpt":{"rendered":"&#8230; schwinge ich mich auf mein Fahrrad, um nach Hause zu fahren. Aus irgendeinem Grunde h\u00e4lt mich die Polizei an. Ich ahne nichts Gutes. Steht mein F\u00fchrerschein auf dem Spiel? Auch f\u00fcr Radfahrer gelten Promille-Grenzwerte: Ab 1,6 Promille gilt ein Radfahrer als absolut fahrunt\u00fcchtig. Er macht sich strafbar wegen Trunkenheit im Verkehr und muss mit [&hellip;]\n","protected":false},"author":2,"featured_media":0,"comment_status":"closed","ping_status":"closed","sticky":false,"template":"","format":"standard","meta":{"ngg_post_thumbnail":0,"footnotes":""},"categories":[8],"tags":[],"class_list":["post-3804","post","type-post","status-publish","format-standard","hentry","category-gut-zu-wissen"],"_links":{"self":[{"href":"https:\/\/www.forum-soegel.de\/information\/wp-json\/wp\/v2\/posts\/3804","targetHints":{"allow":["GET"]}}],"collection":[{"href":"https:\/\/www.forum-soegel.de\/information\/wp-json\/wp\/v2\/posts"}],"about":[{"href":"https:\/\/www.forum-soegel.de\/information\/wp-json\/wp\/v2\/types\/post"}],"author":[{"embeddable":true,"href":"https:\/\/www.forum-soegel.de\/information\/wp-json\/wp\/v2\/users\/2"}],"replies":[{"embeddable":true,"href":"https:\/\/www.forum-soegel.de\/information\/wp-json\/wp\/v2\/comments?post=3804"}],"version-history":[{"count":11,"href":"https:\/\/www.forum-soegel.de\/information\/wp-json\/wp\/v2\/posts\/3804\/revisions"}],"predecessor-version":[{"id":3980,"href":"https:\/\/www.forum-soegel.de\/information\/wp-json\/wp\/v2\/posts\/3804\/revisions\/3980"}],"wp:attachment":[{"href":"https:\/\/www.forum-soegel.de\/information\/wp-json\/wp\/v2\/media?parent=3804"}],"wp:term":[{"taxonomy":"category","embeddable":true,"href":"https:\/\/www.forum-soegel.de\/information\/wp-json\/wp\/v2\/categories?post=3804"},{"taxonomy":"post_tag","embeddable":true,"href":"https:\/\/www.forum-soegel.de\/information\/wp-json\/wp\/v2\/tags?post=3804"}],"curies":[{"name":"wp","href":"https:\/\/api.w.org\/{rel}","templated":true}]}}