{"id":38000,"date":"2024-11-01T18:50:26","date_gmt":"2024-11-01T17:50:26","guid":{"rendered":"https:\/\/www.forum-soegel.de\/information\/?p=38000"},"modified":"2024-12-08T18:53:43","modified_gmt":"2024-12-08T17:53:43","slug":"75-000-e-fuer-regionale-kinderschutzbuende","status":"publish","type":"post","link":"https:\/\/www.forum-soegel.de\/information\/2024\/11\/75-000-e-fuer-regionale-kinderschutzbuende\/","title":{"rendered":"75.000 \u20ac f\u00fcr regionale Kinderschutzb\u00fcnde"},"content":{"rendered":"\n<p><strong>Raiffeisenbank Ems-Vechte eG spendet Einnahmen des Galaabends Raiffeisenbank<\/strong><\/p>\n\n\n\n<p>Klein Ber\u00dfen &#8211; Anl\u00e4sslich des 125-j\u00e4hrigen Jubil\u00e4ums der Raiffeisenbank Ems-Vechte eG mit dem Warengesch\u00e4ft Raiffeisen Ems-Vechte wurden die Mitglieder, Mitarbeiter:innen und zahlreiche Handelspartner zu einem feierlichen Gala Abend ins Festzelt am Firmensitz in Klein Ber\u00dfen eingeladen. Der festliche Anlass bot nicht nur Gelegenheit zum gemeinsamen Feiern, sondern diente auch einem wohlt\u00e4tigen Zweck: Die Einnahmen aus den verkauften Eintrittskarten, aufgestockt durch die Genossenschaft, wurden an die vier Kinderschutzb\u00fcnde im Emsland und der Grafschaft Bentheim gespendet. Insgesamt kam eine beeindruckende Summe von 75.000 Euro zusammen, die zu gleichen Teilen an die Vereine verteilt wurde.<\/p>\n\n\n\n<p>So unterschiedlich die vier Kinderschutzb\u00fcnde auch aufgestellt sind \u2013 der Schutz und die Rechte von Kindern und Jugendlichen steht bei allen im Mittelpunkt.<\/p>\n\n\n\n<p>Bei der symbolischen Spenden\u00fcbergabe berichteten Vertreter der Kinderschutzb\u00fcnde \u00fcber ihre wichtige Arbeit und die Herausforderungen, denen sie t\u00e4glich begegnen. Anja Jankowsky vom Kinderschutzbund Kreisverband Grafschaft Bentheim e.V. sagte: \u201eDie Kinder, die zu uns kommen und Hilfe suchen, stammen aus allen Schichten der Gesellschaft. Der Umgang mit dem Thema Kinderhilfe und -schutz ist heute viel offener als noch vor 20 Jahren. Dies f\u00fchrt dazu, dass die Zahl der Hilfesuchenden bei uns stetig w\u00e4chst.\u201c<\/p>\n\n\n\n<p>Dr. Sigrid Kraujuttis vom Kinderschutzbund Emsland-Mitte e.V. unterstrich die Bedeutung der Fachberatungsstelle bei Gewalt gegen Kinder und Jugendliche des Kinderschutzbundes in Meppen: \u201eDie Mitarbeitenden sind professionelle Ansprechpartner:innen f\u00fcr von Gewalt betroffene Kinder und Jugendliche, aber auch f\u00fcr Angeh\u00f6rige, \u00c4rzte, P\u00e4dagogen und Helfende, die mit diesem Thema konfrontiert werden.\u201c<\/p>\n\n\n\n<p>Maria Bauken, ebenfalls vom Kinderschutzbund Emsland-Mitte e.V., wies auf die wichtige Pr\u00e4ventionsarbeit hin, die der Verein unter anderem in Schulen leistet: \u201eNach unseren Pr\u00e4ventionsveranstaltungen wenden sich h\u00e4ufig Kinder und Jugendliche direkt an uns, um Hilfe und Unterst\u00fctzung zu erhalten.\u201c<\/p>\n\n\n\n<p>Vom Kinderschutzbund OV Lingen e.V. erg\u00e4nzte Heiner Rohoff: \u201eUnsere Arbeit wird nur teilweise durch \u00f6ffentliche F\u00f6rdermittel finanziert. Viele Kinderschutzb\u00fcnde sind daher auf Spenden angewiesen, um ihre Angebote sicherzustellen. Jede noch so kleine Spende hilft uns, um die Arbeit der Kinderschutzb\u00fcnde zu gew\u00e4hrleisten.\u201c<\/p>\n\n\n\n<p>\u201eDer Beratungsbedarf ist durch die Corona-Pandemie deutlich gestiegen\u201c, schilderte Marlies Uchtmann vom Kinderschutzbund Papenburg e.V. \u201eViele Familien waren gezwungen, lange Zeit zu Hause zu bleiben, was vermehrt zu famili\u00e4ren Problemen f\u00fchrte. Hier stehen wir den Kindern zur Seite und helfen ihnen, denn die Kinder sind unsere Zukunft.\u201c<\/p>\n\n\n\n<p>Die Vorstandsmitglieder der Raiffeisenbank Ems-Vechte eG \u2013 Josef Mescher, Andreas Terfehr, Holger Terhalle und Albert Weersmann sind sich einig \u201eDas Geld ist bei den Kinderschutzb\u00fcnden in unserer Region sehr gut angelegt.\u201c Ein besonderer Dank seitens des Vorstands gilt den G\u00e4sten des Galaabends, deren Teilnahme diese wichtige Spende erm\u00f6glicht hat.<\/p>\n\n\n\n<p>Text\/Foto: Henry Jakobs<\/p>\n\n\n\n<figure class=\"wp-block-image size-large\"><a href=\"https:\/\/www.forum-soegel.de\/information\/wp-content\/uploads\/2024\/12\/75.000-Euro-fu\u2560er-regionale-Kinderschutzbu\u2560ende-scaled.jpg\"><img loading=\"lazy\" decoding=\"async\" width=\"1024\" height=\"683\" src=\"https:\/\/www.forum-soegel.de\/information\/wp-content\/uploads\/2024\/12\/75.000-Euro-fu\u2560er-regionale-Kinderschutzbu\u2560ende-1024x683.jpg\" alt=\"\" class=\"wp-image-38001\" srcset=\"https:\/\/www.forum-soegel.de\/information\/wp-content\/uploads\/2024\/12\/75.000-Euro-fu\u2560er-regionale-Kinderschutzbu\u2560ende-1024x683.jpg 1024w, https:\/\/www.forum-soegel.de\/information\/wp-content\/uploads\/2024\/12\/75.000-Euro-fu\u2560er-regionale-Kinderschutzbu\u2560ende-300x200.jpg 300w, https:\/\/www.forum-soegel.de\/information\/wp-content\/uploads\/2024\/12\/75.000-Euro-fu\u2560er-regionale-Kinderschutzbu\u2560ende-768x512.jpg 768w, https:\/\/www.forum-soegel.de\/information\/wp-content\/uploads\/2024\/12\/75.000-Euro-fu\u2560er-regionale-Kinderschutzbu\u2560ende-1536x1024.jpg 1536w, https:\/\/www.forum-soegel.de\/information\/wp-content\/uploads\/2024\/12\/75.000-Euro-fu\u2560er-regionale-Kinderschutzbu\u2560ende-2048x1365.jpg 2048w\" sizes=\"auto, (max-width: 1024px) 100vw, 1024px\" \/><\/a><figcaption class=\"wp-element-caption\">Die Vertreter der regionalen Kinderschutzb\u00fcnde (Bildmitte) mit dem symbolischen Scheck bei der \u00dcbergabe durch die Vorst\u00e4nde der Raiffeisenbank Ems-Vechte eG.<\/figcaption><\/figure>\n\n\n\n<p><\/p>\n","protected":false},"excerpt":{"rendered":"Raiffeisenbank Ems-Vechte eG spendet Einnahmen des Galaabends Raiffeisenbank Klein Ber\u00dfen &#8211; Anl\u00e4sslich des 125-j\u00e4hrigen Jubil\u00e4ums der Raiffeisenbank Ems-Vechte eG mit dem Warengesch\u00e4ft Raiffeisen Ems-Vechte wurden die Mitglieder, Mitarbeiter:innen und zahlreiche Handelspartner zu einem feierlichen Gala Abend ins Festzelt am Firmensitz in Klein Ber\u00dfen eingeladen. Der festliche Anlass bot nicht nur Gelegenheit zum gemeinsamen Feiern, sondern [&hellip;]\n","protected":false},"author":2,"featured_media":0,"comment_status":"closed","ping_status":"closed","sticky":false,"template":"","format":"standard","meta":{"ngg_post_thumbnail":0,"footnotes":""},"categories":[4],"tags":[],"class_list":["post-38000","post","type-post","status-publish","format-standard","hentry","category-aus-der-geschaftswelt"],"_links":{"self":[{"href":"https:\/\/www.forum-soegel.de\/information\/wp-json\/wp\/v2\/posts\/38000","targetHints":{"allow":["GET"]}}],"collection":[{"href":"https:\/\/www.forum-soegel.de\/information\/wp-json\/wp\/v2\/posts"}],"about":[{"href":"https:\/\/www.forum-soegel.de\/information\/wp-json\/wp\/v2\/types\/post"}],"author":[{"embeddable":true,"href":"https:\/\/www.forum-soegel.de\/information\/wp-json\/wp\/v2\/users\/2"}],"replies":[{"embeddable":true,"href":"https:\/\/www.forum-soegel.de\/information\/wp-json\/wp\/v2\/comments?post=38000"}],"version-history":[{"count":1,"href":"https:\/\/www.forum-soegel.de\/information\/wp-json\/wp\/v2\/posts\/38000\/revisions"}],"predecessor-version":[{"id":38002,"href":"https:\/\/www.forum-soegel.de\/information\/wp-json\/wp\/v2\/posts\/38000\/revisions\/38002"}],"wp:attachment":[{"href":"https:\/\/www.forum-soegel.de\/information\/wp-json\/wp\/v2\/media?parent=38000"}],"wp:term":[{"taxonomy":"category","embeddable":true,"href":"https:\/\/www.forum-soegel.de\/information\/wp-json\/wp\/v2\/categories?post=38000"},{"taxonomy":"post_tag","embeddable":true,"href":"https:\/\/www.forum-soegel.de\/information\/wp-json\/wp\/v2\/tags?post=38000"}],"curies":[{"name":"wp","href":"https:\/\/api.w.org\/{rel}","templated":true}]}}