{"id":37997,"date":"2024-11-01T18:48:43","date_gmt":"2024-11-01T17:48:43","guid":{"rendered":"https:\/\/www.forum-soegel.de\/information\/?p=37997"},"modified":"2024-12-08T18:50:14","modified_gmt":"2024-12-08T17:50:14","slug":"volksbank-nordhuemmling-eg-feiert-125-geburtstag","status":"publish","type":"post","link":"https:\/\/www.forum-soegel.de\/information\/2024\/11\/volksbank-nordhuemmling-eg-feiert-125-geburtstag\/","title":{"rendered":"Volksbank Nordh\u00fcmmling eG feiert 125. Geburtstag"},"content":{"rendered":"\n<p>Jubil\u00e4ums-Generalversammlung im Festzelt in Esterwegen: mit guten Ergebnissen, 5,25 Prozent Dividende und gro\u00dfer Zustimmung der Mitglieder bei getroffenen Beschl\u00fcssen<\/p>\n\n\n\n<p>Mit mehr als 430 Mitgliedern und G\u00e4sten war die Jubil\u00e4ums-Generalversammlung der Volksbank Nordh\u00fcmmling so gut besucht wie lange nicht. Die Gru\u00dfworte des Samtgemeindeb\u00fcrgermeisters Christoph H\u00fcntelmann und der Bundestagsabgeordneten Gitta Connemann hoben die enge Bindung der Genossenschaftsbank mit der Region und den Menschen vor Ort hervor. Von den Vorst\u00e4nden Lars Volkmann und Heidrun Lohrmeier wurde der Blick auf das Jahr 2023 vorgestellt und sie konnten deutlich machen, dass die Volksbank gut aufgestellt und auf die Herausforderungen der Zukunft vorbereitet ist: Die Bilanzsumme ist auf 267 Mio. Euro angewachsen, 189 Menschen sind neu als Mitglied der Bank beigetreten, neue Kredite konnten in H\u00f6he von 46 Mio. Euro vergeben werden, insbesondere ein deutlich st\u00e4rkeres Zinsergebnis erm\u00f6glichte ein Jahresergebnis in H\u00f6he von insgesamt 1,6 Mio. Euro. Knapp 3.400 Mitglieder profitieren daher von einer 5,25-prozentigen Dividende.<\/p>\n\n\n\n<p>Der Blick in das aktuelle Jahr 2024 gab Anlass, voller Zuversicht nach vorn zu sehen, zeichnet sich doch bereits ein erfolgreiches Jahresergebnis f\u00fcr die Genossenschaftsbank ab. Zudem standen Wahlen zum Aufsichtsrat an: Johannes Sch\u00fclke, 22 Jahre Mitglied des Aufsichtsratsgremiums, stand altersbedingt nicht zur Wiederwahl. Ihm folgte mit einem einstimmigen Votum Henning Jansen aus B\u00f6rgermoor. Der Aufsichtsratsvorsitzende Werner Funke stand turnusm\u00e4\u00dfig zur Wahl und wurde von der Versammlung wiedergew\u00e4hlt.<\/p>\n\n\n\n<p>F\u00fcr den festlichen Charakter des Abends konnte der Kabarettist und S\u00e4nger Christoph Br\u00fcske sorgen, der dem ausscheidenden Mitglied aus dem Aufsichtsrat, Johannes Sch\u00fclke, und dem Vorstandsmitglied Lars Volkmann f\u00fcr seine 25-j\u00e4hrige Betriebszugeh\u00f6rigkeit zur Volksbank Nordh\u00fcmmling jeweils eine Laudatio voller Begeisterung gehalten hat.<\/p>\n\n\n\n<p>Text\/Foto: Kerstin Schomakers<\/p>\n\n\n\n<figure class=\"wp-block-image size-large\"><a href=\"https:\/\/www.forum-soegel.de\/information\/wp-content\/uploads\/2024\/12\/Volksbank-Nordhu\u2560emmling-eG-feiert-125.-Geburtstag.jpg\"><img loading=\"lazy\" decoding=\"async\" width=\"1024\" height=\"683\" src=\"https:\/\/www.forum-soegel.de\/information\/wp-content\/uploads\/2024\/12\/Volksbank-Nordhu\u2560emmling-eG-feiert-125.-Geburtstag-1024x683.jpg\" alt=\"\" class=\"wp-image-37998\" srcset=\"https:\/\/www.forum-soegel.de\/information\/wp-content\/uploads\/2024\/12\/Volksbank-Nordhu\u2560emmling-eG-feiert-125.-Geburtstag-1024x683.jpg 1024w, https:\/\/www.forum-soegel.de\/information\/wp-content\/uploads\/2024\/12\/Volksbank-Nordhu\u2560emmling-eG-feiert-125.-Geburtstag-300x200.jpg 300w, https:\/\/www.forum-soegel.de\/information\/wp-content\/uploads\/2024\/12\/Volksbank-Nordhu\u2560emmling-eG-feiert-125.-Geburtstag-768x512.jpg 768w, https:\/\/www.forum-soegel.de\/information\/wp-content\/uploads\/2024\/12\/Volksbank-Nordhu\u2560emmling-eG-feiert-125.-Geburtstag-1536x1025.jpg 1536w, https:\/\/www.forum-soegel.de\/information\/wp-content\/uploads\/2024\/12\/Volksbank-Nordhu\u2560emmling-eG-feiert-125.-Geburtstag.jpg 2048w\" sizes=\"auto, (max-width: 1024px) 100vw, 1024px\" \/><\/a><figcaption class=\"wp-element-caption\">v.l.: Frau Heidrun Lohrmeier (Vorstand), Hermann Kossenjans, Bernhard Blanke, Stefan Rieken, Petra Jansen, Werner Funke (alle Aufsichtsrat), Josef Sch\u00fclke (scheidendes Aufsichtsratsmitglied), Henning Jansen (neues Aufsichtsratsmitglied), Lars Volkmann (Vorstand).<\/figcaption><\/figure>\n","protected":false},"excerpt":{"rendered":"Jubil\u00e4ums-Generalversammlung im Festzelt in Esterwegen: mit guten Ergebnissen, 5,25 Prozent Dividende und gro\u00dfer Zustimmung der Mitglieder bei getroffenen Beschl\u00fcssen Mit mehr als 430 Mitgliedern und G\u00e4sten war die Jubil\u00e4ums-Generalversammlung der Volksbank Nordh\u00fcmmling so gut besucht wie lange nicht. Die Gru\u00dfworte des Samtgemeindeb\u00fcrgermeisters Christoph H\u00fcntelmann und der Bundestagsabgeordneten Gitta Connemann hoben die enge Bindung der Genossenschaftsbank [&hellip;]\n","protected":false},"author":2,"featured_media":0,"comment_status":"closed","ping_status":"closed","sticky":false,"template":"","format":"standard","meta":{"ngg_post_thumbnail":0,"footnotes":""},"categories":[4],"tags":[],"class_list":["post-37997","post","type-post","status-publish","format-standard","hentry","category-aus-der-geschaftswelt"],"_links":{"self":[{"href":"https:\/\/www.forum-soegel.de\/information\/wp-json\/wp\/v2\/posts\/37997","targetHints":{"allow":["GET"]}}],"collection":[{"href":"https:\/\/www.forum-soegel.de\/information\/wp-json\/wp\/v2\/posts"}],"about":[{"href":"https:\/\/www.forum-soegel.de\/information\/wp-json\/wp\/v2\/types\/post"}],"author":[{"embeddable":true,"href":"https:\/\/www.forum-soegel.de\/information\/wp-json\/wp\/v2\/users\/2"}],"replies":[{"embeddable":true,"href":"https:\/\/www.forum-soegel.de\/information\/wp-json\/wp\/v2\/comments?post=37997"}],"version-history":[{"count":1,"href":"https:\/\/www.forum-soegel.de\/information\/wp-json\/wp\/v2\/posts\/37997\/revisions"}],"predecessor-version":[{"id":37999,"href":"https:\/\/www.forum-soegel.de\/information\/wp-json\/wp\/v2\/posts\/37997\/revisions\/37999"}],"wp:attachment":[{"href":"https:\/\/www.forum-soegel.de\/information\/wp-json\/wp\/v2\/media?parent=37997"}],"wp:term":[{"taxonomy":"category","embeddable":true,"href":"https:\/\/www.forum-soegel.de\/information\/wp-json\/wp\/v2\/categories?post=37997"},{"taxonomy":"post_tag","embeddable":true,"href":"https:\/\/www.forum-soegel.de\/information\/wp-json\/wp\/v2\/tags?post=37997"}],"curies":[{"name":"wp","href":"https:\/\/api.w.org\/{rel}","templated":true}]}}