{"id":37994,"date":"2024-11-01T18:46:43","date_gmt":"2024-11-01T17:46:43","guid":{"rendered":"https:\/\/www.forum-soegel.de\/information\/?p=37994"},"modified":"2024-12-08T18:48:40","modified_gmt":"2024-12-08T17:48:40","slug":"erneute-zertifizierung-der-soegel-marketing-gmbh-mit-dem-serviceq","status":"publish","type":"post","link":"https:\/\/www.forum-soegel.de\/information\/2024\/11\/erneute-zertifizierung-der-soegel-marketing-gmbh-mit-dem-serviceq\/","title":{"rendered":"Erneute Zertifizierung der S\u00f6gel Marketing GmbH mit dem ServiceQ"},"content":{"rendered":"\n<p>S\u00f6gel &#8211; Seit 2001 unterst\u00fctzt der Deutsche Tourismusverband e. V. mit der ServiceQualit\u00e4t Deutschland kleine und mittelst\u00e4ndische Dienstleistungsbetriebe im Tourismus dabei, ihre Servicequalit\u00e4t systematisch zu verbessern und innerbetriebliche Prozesse im Sinne von G\u00e4sten zu optimieren.<\/p>\n\n\n\n<p>Die S\u00f6gel Marketing GmbH mit Tourist-Information ist im September 2024 f\u00fcr drei weitere Jahre mit dem ServiceQ ausgezeichnet worden. Im Landkreis Emsland ist die S\u00f6gel Marketing GmbH die einzige mit dem ServiceQ ausgezeichnete Tourist-Information.<\/p>\n\n\n\n<p>Neben der Auszeichnung mit dem ServiceQ hat die S\u00f6gel Marketing GmbH vom Deutschen Tourismusverband im letzten Jahr auch das G\u00fctesiegel f\u00fcr zertifizierte Tourist-Informationen, der I-Marke (wei\u00dfes I auf rotem Grund), erhalten.<\/p>\n\n\n\n<p>Die Gemeinde S\u00f6gel, mit dem Pr\u00e4dikat \u201estaatlich anerkannter Erholungsort\u201c ausgezeichnet, bietet seinen G\u00e4sten somit ein hochwertiges touristisches Dienstleistungsangebot und eine sehr gute touristische Infrastruktur.<\/p>\n\n\n\n<p>Text\/Foto: Gemeinde S\u00f6gel<\/p>\n\n\n\n<figure class=\"wp-block-image size-large\"><a href=\"https:\/\/www.forum-soegel.de\/information\/wp-content\/uploads\/2024\/12\/Tourist-Info-So\u2560egel-ausgezeichnet-scaled.jpg\"><img loading=\"lazy\" decoding=\"async\" width=\"1024\" height=\"768\" src=\"https:\/\/www.forum-soegel.de\/information\/wp-content\/uploads\/2024\/12\/Tourist-Info-So\u2560egel-ausgezeichnet-1024x768.jpg\" alt=\"\" class=\"wp-image-37995\" srcset=\"https:\/\/www.forum-soegel.de\/information\/wp-content\/uploads\/2024\/12\/Tourist-Info-So\u2560egel-ausgezeichnet-1024x768.jpg 1024w, https:\/\/www.forum-soegel.de\/information\/wp-content\/uploads\/2024\/12\/Tourist-Info-So\u2560egel-ausgezeichnet-300x225.jpg 300w, https:\/\/www.forum-soegel.de\/information\/wp-content\/uploads\/2024\/12\/Tourist-Info-So\u2560egel-ausgezeichnet-768x576.jpg 768w, https:\/\/www.forum-soegel.de\/information\/wp-content\/uploads\/2024\/12\/Tourist-Info-So\u2560egel-ausgezeichnet-1536x1152.jpg 1536w, https:\/\/www.forum-soegel.de\/information\/wp-content\/uploads\/2024\/12\/Tourist-Info-So\u2560egel-ausgezeichnet-2048x1536.jpg 2048w\" sizes=\"auto, (max-width: 1024px) 100vw, 1024px\" \/><\/a><figcaption class=\"wp-element-caption\">v.l.: Gesch\u00e4ftsf\u00fchrer Christian L\u00f6gering, Mitarbeiterin in der Tourist-Info Katja Kleefeld, Gemeindedirektor Frank Kla\u00df, B\u00fcrgermeister Johannes V\u00f6lker<\/figcaption><\/figure>\n","protected":false},"excerpt":{"rendered":"S\u00f6gel &#8211; Seit 2001 unterst\u00fctzt der Deutsche Tourismusverband e. V. mit der ServiceQualit\u00e4t Deutschland kleine und mittelst\u00e4ndische Dienstleistungsbetriebe im Tourismus dabei, ihre Servicequalit\u00e4t systematisch zu verbessern und innerbetriebliche Prozesse im Sinne von G\u00e4sten zu optimieren. Die S\u00f6gel Marketing GmbH mit Tourist-Information ist im September 2024 f\u00fcr drei weitere Jahre mit dem ServiceQ ausgezeichnet worden. Im [&hellip;]\n","protected":false},"author":2,"featured_media":0,"comment_status":"closed","ping_status":"closed","sticky":false,"template":"","format":"standard","meta":{"ngg_post_thumbnail":0,"footnotes":""},"categories":[4],"tags":[],"class_list":["post-37994","post","type-post","status-publish","format-standard","hentry","category-aus-der-geschaftswelt"],"_links":{"self":[{"href":"https:\/\/www.forum-soegel.de\/information\/wp-json\/wp\/v2\/posts\/37994","targetHints":{"allow":["GET"]}}],"collection":[{"href":"https:\/\/www.forum-soegel.de\/information\/wp-json\/wp\/v2\/posts"}],"about":[{"href":"https:\/\/www.forum-soegel.de\/information\/wp-json\/wp\/v2\/types\/post"}],"author":[{"embeddable":true,"href":"https:\/\/www.forum-soegel.de\/information\/wp-json\/wp\/v2\/users\/2"}],"replies":[{"embeddable":true,"href":"https:\/\/www.forum-soegel.de\/information\/wp-json\/wp\/v2\/comments?post=37994"}],"version-history":[{"count":1,"href":"https:\/\/www.forum-soegel.de\/information\/wp-json\/wp\/v2\/posts\/37994\/revisions"}],"predecessor-version":[{"id":37996,"href":"https:\/\/www.forum-soegel.de\/information\/wp-json\/wp\/v2\/posts\/37994\/revisions\/37996"}],"wp:attachment":[{"href":"https:\/\/www.forum-soegel.de\/information\/wp-json\/wp\/v2\/media?parent=37994"}],"wp:term":[{"taxonomy":"category","embeddable":true,"href":"https:\/\/www.forum-soegel.de\/information\/wp-json\/wp\/v2\/categories?post=37994"},{"taxonomy":"post_tag","embeddable":true,"href":"https:\/\/www.forum-soegel.de\/information\/wp-json\/wp\/v2\/tags?post=37994"}],"curies":[{"name":"wp","href":"https:\/\/api.w.org\/{rel}","templated":true}]}}