{"id":37990,"date":"2024-11-01T18:44:55","date_gmt":"2024-11-01T17:44:55","guid":{"rendered":"https:\/\/www.forum-soegel.de\/information\/?p=37990"},"modified":"2024-12-08T18:56:26","modified_gmt":"2024-12-08T17:56:26","slug":"nach-33-jahren-in-den-ruhestand","status":"publish","type":"post","link":"https:\/\/www.forum-soegel.de\/information\/2024\/11\/nach-33-jahren-in-den-ruhestand\/","title":{"rendered":"Nach 33 Jahren in den Ruhestand"},"content":{"rendered":"<div class=\"wp-block-image\">\n<figure class=\"alignleft size-large is-resized\"><a href=\"https:\/\/www.forum-soegel.de\/information\/wp-content\/uploads\/2024\/12\/Nach-33-Jahren-in-den-Ruhestand-1.jpg\"><img loading=\"lazy\" decoding=\"async\" width=\"1024\" height=\"926\" src=\"https:\/\/www.forum-soegel.de\/information\/wp-content\/uploads\/2024\/12\/Nach-33-Jahren-in-den-Ruhestand-1-1024x926.jpg\" alt=\"\" class=\"wp-image-37992\" style=\"width:298px;height:auto\" srcset=\"https:\/\/www.forum-soegel.de\/information\/wp-content\/uploads\/2024\/12\/Nach-33-Jahren-in-den-Ruhestand-1-1024x926.jpg 1024w, https:\/\/www.forum-soegel.de\/information\/wp-content\/uploads\/2024\/12\/Nach-33-Jahren-in-den-Ruhestand-1-300x271.jpg 300w, https:\/\/www.forum-soegel.de\/information\/wp-content\/uploads\/2024\/12\/Nach-33-Jahren-in-den-Ruhestand-1-768x694.jpg 768w, https:\/\/www.forum-soegel.de\/information\/wp-content\/uploads\/2024\/12\/Nach-33-Jahren-in-den-Ruhestand-1.jpg 1200w\" sizes=\"auto, (max-width: 1024px) 100vw, 1024px\" \/><\/a><\/figure>\n<\/div>\n\n\n<p>Spahnharrenst\u00e4tte &#8211; Maria Wilmes verabschiedete sich nach 33 Jahren in ihren wohlverdienten Ruhestand. Viele Kinder und Eltern hat sie in diesen Jahren in unserer Einrichtung kommen und gehen gesehen. Und Kinder dieser Kinder, besuchen mittlerweile die KiTa. Die Bed\u00fcrfnisse und Interessen der Kinder hatten f\u00fcr sie stets h\u00f6chste Priorit\u00e4t.<\/p>\n\n\n\n<p>In einer Feierstunde wurde sie nun verabschiedet. Im Bewegungsraum der Kindertagesst\u00e4tte versammelten sich die Kinder der Gruppe, in der sie zuletzt jahrelang t\u00e4tig war, die Vorschulkinder der Einrichtung, Arbeitskollegen und Elternvertreter. Neben den Vertretern der Gemeinde, der Grundschule, dem F\u00f6rderverein und ehemalige Kollegen, war auch ihre Familie gekommen, um mit ihr diesen Tag zu erleben.<\/p>\n\n\n\n<p>Die Vorschulkinder er\u00f6ffneten die Feier mit einem Lied und begr\u00fc\u00dften so alle G\u00e4ste. Anschlie\u00dfend begeisterten sie Maria und ihre G\u00e4ste mit einem Tanz. Auch die Krippenkinder aus Marias Gruppe und ihre Kolleginnen verabschiedeten sich.<\/p>\n\n\n\n<p>Maria bedankte sich mit liebevollen Worten bei der gro\u00dfen Runde und berichtete von ihren vergangenen Jahren in der KiTa.<\/p>\n\n\n\n<p>Tr\u00e4gervertreterin Maria Th\u00fcnemann bedankte sich bei Frau Wilmes f\u00fcr ihren jahrelangen Einsatz. Anschlie\u00dfend richtete B\u00fcrgermeister Konrad L\u00fcnswilken Dankesworte an Maria. KiTa-Leitung Andrea L\u00fcken \u00fcbernahm die Schlussworte: \u201eDu hast unserer KiTa durch deine freundliche und offene Art ein Gesicht gegeben.\u201c<\/p>\n\n\n\n<p>Abgerundet wurde die Feier mit einem Sektempfang und einer geselligen Feierstunde mit einem gro\u00dfen \u201eFingerfood-Buffet\u201c im Kinder-Caf\u00e9 der KiTa. Dies bereiteten die Kollegen vor. Zum Abschluss \u00fcberraschten ehemalige Kindergartenkinder von vor 33 Jahren mit einem Spalier und verabschiedeten damit Frau Wilmes in den Ruhestand. Die Arbeitskollegen verabschiedeten Maria mit einem Lied und \u00fcberreichten ein Waldsofa als Abschiedsgeschenk. Am Ende bleibt nur noch zu sagen: \u201eDanke f\u00fcr die sch\u00f6ne Zeit.\u201c<\/p>\n\n\n\n<p>Text\/Fotos: KiTa Spahnharrenst\u00e4tte<\/p>\n\n\n\n<figure class=\"wp-block-image size-large\"><a href=\"https:\/\/www.forum-soegel.de\/information\/wp-content\/uploads\/2024\/12\/Nach-33-Jahren-in-den-Ruhestand-2.jpg\"><img loading=\"lazy\" decoding=\"async\" width=\"681\" height=\"1024\" src=\"https:\/\/www.forum-soegel.de\/information\/wp-content\/uploads\/2024\/12\/Nach-33-Jahren-in-den-Ruhestand-2-681x1024.jpg\" alt=\"\" class=\"wp-image-37991\" srcset=\"https:\/\/www.forum-soegel.de\/information\/wp-content\/uploads\/2024\/12\/Nach-33-Jahren-in-den-Ruhestand-2-681x1024.jpg 681w, https:\/\/www.forum-soegel.de\/information\/wp-content\/uploads\/2024\/12\/Nach-33-Jahren-in-den-Ruhestand-2-200x300.jpg 200w, https:\/\/www.forum-soegel.de\/information\/wp-content\/uploads\/2024\/12\/Nach-33-Jahren-in-den-Ruhestand-2-768x1155.jpg 768w, https:\/\/www.forum-soegel.de\/information\/wp-content\/uploads\/2024\/12\/Nach-33-Jahren-in-den-Ruhestand-2.jpg 798w\" sizes=\"auto, (max-width: 681px) 100vw, 681px\" \/><\/a><\/figure>\n\n\n\n<figure class=\"wp-block-image size-large\"><img loading=\"lazy\" decoding=\"async\" width=\"1024\" height=\"987\" src=\"https:\/\/www.forum-soegel.de\/information\/wp-content\/uploads\/2024\/11\/Nach-33-Jahren-in-den-Ruhestand-3-1024x987.jpg\" alt=\"\" class=\"wp-image-38006\" srcset=\"https:\/\/www.forum-soegel.de\/information\/wp-content\/uploads\/2024\/11\/Nach-33-Jahren-in-den-Ruhestand-3-1024x987.jpg 1024w, https:\/\/www.forum-soegel.de\/information\/wp-content\/uploads\/2024\/11\/Nach-33-Jahren-in-den-Ruhestand-3-300x289.jpg 300w, https:\/\/www.forum-soegel.de\/information\/wp-content\/uploads\/2024\/11\/Nach-33-Jahren-in-den-Ruhestand-3-768x740.jpg 768w, https:\/\/www.forum-soegel.de\/information\/wp-content\/uploads\/2024\/11\/Nach-33-Jahren-in-den-Ruhestand-3.jpg 1200w\" sizes=\"auto, (max-width: 1024px) 100vw, 1024px\" \/><\/figure>\n","protected":false},"excerpt":{"rendered":"Spahnharrenst\u00e4tte &#8211; Maria Wilmes verabschiedete sich nach 33 Jahren in ihren wohlverdienten Ruhestand. Viele Kinder und Eltern hat sie in diesen Jahren in unserer Einrichtung kommen und gehen gesehen. Und Kinder dieser Kinder, besuchen mittlerweile die KiTa. Die Bed\u00fcrfnisse und Interessen der Kinder hatten f\u00fcr sie stets h\u00f6chste Priorit\u00e4t. In einer Feierstunde wurde sie nun [&hellip;]\n","protected":false},"author":2,"featured_media":0,"comment_status":"closed","ping_status":"closed","sticky":false,"template":"","format":"standard","meta":{"ngg_post_thumbnail":0,"footnotes":""},"categories":[868],"tags":[],"class_list":["post-37990","post","type-post","status-publish","format-standard","hentry","category-zwischen-himmel-und-erde"],"_links":{"self":[{"href":"https:\/\/www.forum-soegel.de\/information\/wp-json\/wp\/v2\/posts\/37990","targetHints":{"allow":["GET"]}}],"collection":[{"href":"https:\/\/www.forum-soegel.de\/information\/wp-json\/wp\/v2\/posts"}],"about":[{"href":"https:\/\/www.forum-soegel.de\/information\/wp-json\/wp\/v2\/types\/post"}],"author":[{"embeddable":true,"href":"https:\/\/www.forum-soegel.de\/information\/wp-json\/wp\/v2\/users\/2"}],"replies":[{"embeddable":true,"href":"https:\/\/www.forum-soegel.de\/information\/wp-json\/wp\/v2\/comments?post=37990"}],"version-history":[{"count":2,"href":"https:\/\/www.forum-soegel.de\/information\/wp-json\/wp\/v2\/posts\/37990\/revisions"}],"predecessor-version":[{"id":38007,"href":"https:\/\/www.forum-soegel.de\/information\/wp-json\/wp\/v2\/posts\/37990\/revisions\/38007"}],"wp:attachment":[{"href":"https:\/\/www.forum-soegel.de\/information\/wp-json\/wp\/v2\/media?parent=37990"}],"wp:term":[{"taxonomy":"category","embeddable":true,"href":"https:\/\/www.forum-soegel.de\/information\/wp-json\/wp\/v2\/categories?post=37990"},{"taxonomy":"post_tag","embeddable":true,"href":"https:\/\/www.forum-soegel.de\/information\/wp-json\/wp\/v2\/tags?post=37990"}],"curies":[{"name":"wp","href":"https:\/\/api.w.org\/{rel}","templated":true}]}}