{"id":37987,"date":"2024-11-01T18:43:27","date_gmt":"2024-11-01T17:43:27","guid":{"rendered":"https:\/\/www.forum-soegel.de\/information\/?p=37987"},"modified":"2024-12-08T18:44:45","modified_gmt":"2024-12-08T17:44:45","slug":"weltkindertag-im-regenbogenland-gross-berssen","status":"publish","type":"post","link":"https:\/\/www.forum-soegel.de\/information\/2024\/11\/weltkindertag-im-regenbogenland-gross-berssen\/","title":{"rendered":"Weltkindertag im Regenbogenland Gro\u00df Ber\u00dfen"},"content":{"rendered":"\n<p>Gro\u00df Ber\u00dfen &#8211; Jedes Jahr am 20. September wird der Weltkindertag gefeiert. An diesem Tag stehen die Kinderrechte ganz besonders im Mittelpunkt. Jeder Mensch hat die gleichen Rechte, die Menschenrechte, welche auch f\u00fcr Kinder und Jugendliche gelten. Um Kindern besonderen Schutz zu geben, hat die Vollversammlung der Vereinten Nationen im Jahr 1989 ein \u00dcbereinkommen verabschiedet, die UN- Kinderrechtskonvention. Der diesj\u00e4hrige Weltkindertag stand unter dem Motto \u201eMit Kinderrechten in die Zukunft\u201c. Auch wir im Regenbogenland besch\u00e4ftigen uns mit den Kinderrechten, vorurteilsbewusste Erziehung und Bildung, Partizipation und Beschwerdemanagement. Diese Themen sind in den letzten Jahren sehr in den Mittelpunkt der p\u00e4dagogischen Arbeit ger\u00fcckt und geh\u00f6ren zum Kinderschutz und zum Kinderschutzkonzept der KiTa. Mit den Kindergarten- und Krippenkindern wurde in den letzten zwei Wochen in den Kinderkonferenzen besprochen, wie wir den Weltkindertag feiern m\u00f6chten. Die Kinder haben entschieden, dass sie an diesem Tag verkleidet kommen m\u00f6chten, f\u00fcr ein gesundes Fr\u00fchst\u00fcck, f\u00fcr kreative Angebote und verschiedene Spiele im ganzen Kindergarten. Zum Abschluss des Tages wurden Luftballons mit selbstgestalteten Postkarten in den Himmel gechickt. Alle Kinder bekamen ein kleines Geschenk, die Kindergartenkinder bekamen ein Armband mit einem Mutmachspruch und die Krippenkinder ein Button. Es war ein sehr sch\u00f6ner Tag f\u00fcr die Kinder und f\u00fcr die Erzieherrinnen.<\/p>\n\n\n\n<p>Text\/Fotos: KiTa Regenbogenland<\/p>\n\n\n\n<figure class=\"wp-block-image size-large\"><img loading=\"lazy\" decoding=\"async\" width=\"1024\" height=\"1024\" src=\"https:\/\/www.forum-soegel.de\/information\/wp-content\/uploads\/2024\/12\/Weltkindertag-im-Regenbogenland-Gro\u251c\u0192-Ber\u251c\u0192en-1024x1024.jpg\" alt=\"\" class=\"wp-image-37988\" srcset=\"https:\/\/www.forum-soegel.de\/information\/wp-content\/uploads\/2024\/12\/Weltkindertag-im-Regenbogenland-Gro\u251c\u0192-Ber\u251c\u0192en-1024x1024.jpg 1024w, https:\/\/www.forum-soegel.de\/information\/wp-content\/uploads\/2024\/12\/Weltkindertag-im-Regenbogenland-Gro\u251c\u0192-Ber\u251c\u0192en-300x300.jpg 300w, https:\/\/www.forum-soegel.de\/information\/wp-content\/uploads\/2024\/12\/Weltkindertag-im-Regenbogenland-Gro\u251c\u0192-Ber\u251c\u0192en-150x150.jpg 150w, https:\/\/www.forum-soegel.de\/information\/wp-content\/uploads\/2024\/12\/Weltkindertag-im-Regenbogenland-Gro\u251c\u0192-Ber\u251c\u0192en-768x768.jpg 768w, https:\/\/www.forum-soegel.de\/information\/wp-content\/uploads\/2024\/12\/Weltkindertag-im-Regenbogenland-Gro\u251c\u0192-Ber\u251c\u0192en-1536x1536.jpg 1536w, https:\/\/www.forum-soegel.de\/information\/wp-content\/uploads\/2024\/12\/Weltkindertag-im-Regenbogenland-Gro\u251c\u0192-Ber\u251c\u0192en-2048x2048.jpg 2048w\" sizes=\"auto, (max-width: 1024px) 100vw, 1024px\" \/><\/figure>\n","protected":false},"excerpt":{"rendered":"Gro\u00df Ber\u00dfen &#8211; Jedes Jahr am 20. September wird der Weltkindertag gefeiert. An diesem Tag stehen die Kinderrechte ganz besonders im Mittelpunkt. Jeder Mensch hat die gleichen Rechte, die Menschenrechte, welche auch f\u00fcr Kinder und Jugendliche gelten. Um Kindern besonderen Schutz zu geben, hat die Vollversammlung der Vereinten Nationen im Jahr 1989 ein \u00dcbereinkommen verabschiedet, [&hellip;]\n","protected":false},"author":2,"featured_media":0,"comment_status":"closed","ping_status":"closed","sticky":false,"template":"","format":"standard","meta":{"ngg_post_thumbnail":0,"footnotes":""},"categories":[868],"tags":[],"class_list":["post-37987","post","type-post","status-publish","format-standard","hentry","category-zwischen-himmel-und-erde"],"_links":{"self":[{"href":"https:\/\/www.forum-soegel.de\/information\/wp-json\/wp\/v2\/posts\/37987","targetHints":{"allow":["GET"]}}],"collection":[{"href":"https:\/\/www.forum-soegel.de\/information\/wp-json\/wp\/v2\/posts"}],"about":[{"href":"https:\/\/www.forum-soegel.de\/information\/wp-json\/wp\/v2\/types\/post"}],"author":[{"embeddable":true,"href":"https:\/\/www.forum-soegel.de\/information\/wp-json\/wp\/v2\/users\/2"}],"replies":[{"embeddable":true,"href":"https:\/\/www.forum-soegel.de\/information\/wp-json\/wp\/v2\/comments?post=37987"}],"version-history":[{"count":1,"href":"https:\/\/www.forum-soegel.de\/information\/wp-json\/wp\/v2\/posts\/37987\/revisions"}],"predecessor-version":[{"id":37989,"href":"https:\/\/www.forum-soegel.de\/information\/wp-json\/wp\/v2\/posts\/37987\/revisions\/37989"}],"wp:attachment":[{"href":"https:\/\/www.forum-soegel.de\/information\/wp-json\/wp\/v2\/media?parent=37987"}],"wp:term":[{"taxonomy":"category","embeddable":true,"href":"https:\/\/www.forum-soegel.de\/information\/wp-json\/wp\/v2\/categories?post=37987"},{"taxonomy":"post_tag","embeddable":true,"href":"https:\/\/www.forum-soegel.de\/information\/wp-json\/wp\/v2\/tags?post=37987"}],"curies":[{"name":"wp","href":"https:\/\/api.w.org\/{rel}","templated":true}]}}