{"id":37983,"date":"2024-11-01T18:40:31","date_gmt":"2024-11-01T17:40:31","guid":{"rendered":"https:\/\/www.forum-soegel.de\/information\/?p=37983"},"modified":"2024-12-08T18:43:14","modified_gmt":"2024-12-08T17:43:14","slug":"hand-in-hand-auf-dem-huemmling","status":"publish","type":"post","link":"https:\/\/www.forum-soegel.de\/information\/2024\/11\/hand-in-hand-auf-dem-huemmling\/","title":{"rendered":"Hand in Hand auf dem H\u00fcmmling"},"content":{"rendered":"\n<p><strong>Regionalbisch\u00f6fin Schiermeyer besuchte S\u00f6gel<\/strong><\/p>\n\n\n\n<p>S\u00f6gel &#8211; Auf Einladung von Samtgemeindeb\u00fcrgermeister Frank Kla\u00df besuchte Regionalbisch\u00f6fin Sabine Schiermeyer das Rathaus in S\u00f6gel. Seit Februar ist Schiermeyer&nbsp; Regionalbisch\u00f6fin f\u00fcr den Evangelisch-lutherischen Sprengel Ostfriesland-Ems. Kla\u00df w\u00fcnschte sich eine Gelegenheit zum gegenseitigen Kennenlernen und lud die leitende Geistliche zu einem Austausch bei Kaffee und Kuchen&nbsp; und zum Eintrag ins Goldene Buch ein. Mit dabei waren die allgemeine Stellvertreterin des Samtgemeindeb\u00fcrgermeisters Cornelia Willigmann-Kassner, der ehemalige Erste Samtgemeinderat Hans Nowak, Pastor Matthias Vo\u00df mit Kirchenvorsteher Niklas von Wewel von der Markuskirchengemeinde und Pfarrer J\u00fcrgen Krallmann von der H\u00fcmmlinger Pfarreiengemeinschaft um St. Jacobus S\u00f6gel. \u201eHier auf dem H\u00fcmmling gehen wir Hand in Hand\u201c, sagte Samtgemeindeb\u00fcrgermeister Kla\u00df \u00fcber die gute Zusammenarbeit mit den Kirchengemeinden. Die \u00d6kumene sei stets sichtbar durch das gemeinsame Auftreten der beiden lutherischen und katholischen Geistlichen.&nbsp;Regionalbisch\u00f6fin Schiermeyer freute sich \u00fcber die Einladung und das gute Zusammenwirken der Kirchen mit der Kommune. Auch sei sehr erfreulich, dass \u00fcber die Jahrzehnte hinweg sich die \u00f6kumenische Zusammenarbeit in dem katholisch gepr\u00e4gten Emsland so positiv entwickelt habe. Der H\u00f6hepunkt der Zusammenkunft war der Eintrag in das Goldene Buch. Beim Durchbl\u00e4ttern freuten sich die Anwesenden, die Unterschriften derer zu entdecken, die sich vorher dort eingetragen haben. Dazu geh\u00f6ren unter anderem Udo J\u00fcrgens und Ministerpr\u00e4sident Stephan Weil. Im Anschluss fuhren alle in die Evangelisch-lutherische Markuskirchengemeinde, um dort an dem Beisammensein der Gemeinde zum Empfang der Regionalbisch\u00f6fin teilzunehmen. Pastor Matthias Vo\u00df bot die Gelegenheit, das Gemeindeleben anhand von Fotos kennenzulernen und im Gegenzug durften die Anwesenden die Regionalbisch\u00f6fin alles fragen, was sie interessierte. \u201eWas erwarten Sie von Ihrer kirchlichen Zukunft?\u201c, lautete die erste Frage. \u201eDass wir sie gemeinsam im Miteinander gestalten\u201c, antwortete Schiermeyer. Eine von der Regionalbisch\u00f6fin gehaltene Andacht in der 74 Jahre alten Bartning-Notkirche beendete ihren Besuch in S\u00f6gel. Wann das 75-j\u00e4hrige Jubil\u00e4um der Markuskirche im kommenden Jahr gefeiert werde, stehe noch nicht fest, doch die Regionalbisch\u00f6fin solle auf jeden Fall rechtzeitig dazu eingeladen werden, sagte Pastor Matthias Vo\u00df.<\/p>\n\n\n\n<p>Text\/Foto: Dr. Hannegreth Grundmann<\/p>\n\n\n\n<figure class=\"wp-block-gallery has-nested-images columns-1 is-cropped wp-block-gallery-1 is-layout-flex wp-block-gallery-is-layout-flex\">\n<figure class=\"wp-block-image size-large\"><a href=\"https:\/\/www.forum-soegel.de\/information\/wp-content\/uploads\/2024\/12\/Hand-in-Hand-auf-dem-Hu\u2560emmling_1-scaled.jpg\"><img loading=\"lazy\" decoding=\"async\" width=\"1024\" height=\"684\" data-id=\"37984\" src=\"https:\/\/www.forum-soegel.de\/information\/wp-content\/uploads\/2024\/12\/Hand-in-Hand-auf-dem-Hu\u2560emmling_1-1024x684.jpg\" alt=\"\" class=\"wp-image-37984\" srcset=\"https:\/\/www.forum-soegel.de\/information\/wp-content\/uploads\/2024\/12\/Hand-in-Hand-auf-dem-Hu\u2560emmling_1-1024x684.jpg 1024w, https:\/\/www.forum-soegel.de\/information\/wp-content\/uploads\/2024\/12\/Hand-in-Hand-auf-dem-Hu\u2560emmling_1-300x200.jpg 300w, https:\/\/www.forum-soegel.de\/information\/wp-content\/uploads\/2024\/12\/Hand-in-Hand-auf-dem-Hu\u2560emmling_1-768x513.jpg 768w, https:\/\/www.forum-soegel.de\/information\/wp-content\/uploads\/2024\/12\/Hand-in-Hand-auf-dem-Hu\u2560emmling_1-1536x1026.jpg 1536w, https:\/\/www.forum-soegel.de\/information\/wp-content\/uploads\/2024\/12\/Hand-in-Hand-auf-dem-Hu\u2560emmling_1-2048x1368.jpg 2048w\" sizes=\"auto, (max-width: 1024px) 100vw, 1024px\" \/><\/a><\/figure>\n\n\n\n<figure class=\"wp-block-image size-large\"><a href=\"https:\/\/www.forum-soegel.de\/information\/wp-content\/uploads\/2024\/12\/Hand-in-Hand-auf-dem-Hu\u2560emmling_2-scaled.jpg\"><img loading=\"lazy\" decoding=\"async\" width=\"1024\" height=\"684\" data-id=\"37985\" src=\"https:\/\/www.forum-soegel.de\/information\/wp-content\/uploads\/2024\/12\/Hand-in-Hand-auf-dem-Hu\u2560emmling_2-1024x684.jpg\" alt=\"\" class=\"wp-image-37985\" srcset=\"https:\/\/www.forum-soegel.de\/information\/wp-content\/uploads\/2024\/12\/Hand-in-Hand-auf-dem-Hu\u2560emmling_2-1024x684.jpg 1024w, https:\/\/www.forum-soegel.de\/information\/wp-content\/uploads\/2024\/12\/Hand-in-Hand-auf-dem-Hu\u2560emmling_2-300x200.jpg 300w, https:\/\/www.forum-soegel.de\/information\/wp-content\/uploads\/2024\/12\/Hand-in-Hand-auf-dem-Hu\u2560emmling_2-768x513.jpg 768w, https:\/\/www.forum-soegel.de\/information\/wp-content\/uploads\/2024\/12\/Hand-in-Hand-auf-dem-Hu\u2560emmling_2-1536x1026.jpg 1536w, https:\/\/www.forum-soegel.de\/information\/wp-content\/uploads\/2024\/12\/Hand-in-Hand-auf-dem-Hu\u2560emmling_2-2048x1368.jpg 2048w\" sizes=\"auto, (max-width: 1024px) 100vw, 1024px\" \/><\/a><\/figure>\n<\/figure>\n\n\n\n<p>Pastor Matthias Vo\u00df (stehend) freute sich \u00fcber den Besuch von Regionalbisch\u00f6fin Sabine Schiermeyer (links) in der Evangelisch-lutherische Markusgemeinde S\u00f6gel. Mit dabei waren (von links):\u00a0 Pfarrer J\u00fcrgen Krallmann, Cornelia Willigmann- Kassner,\u00a0Samtgemeindeb\u00fcrgermeister Frank Kla\u00df, und der ehemalige Erste Samtgemeinderat Hans Nowak.<\/p>\n","protected":false},"excerpt":{"rendered":"Regionalbisch\u00f6fin Schiermeyer besuchte S\u00f6gel S\u00f6gel &#8211; Auf Einladung von Samtgemeindeb\u00fcrgermeister Frank Kla\u00df besuchte Regionalbisch\u00f6fin Sabine Schiermeyer das Rathaus in S\u00f6gel. Seit Februar ist Schiermeyer&nbsp; Regionalbisch\u00f6fin f\u00fcr den Evangelisch-lutherischen Sprengel Ostfriesland-Ems. Kla\u00df w\u00fcnschte sich eine Gelegenheit zum gegenseitigen Kennenlernen und lud die leitende Geistliche zu einem Austausch bei Kaffee und Kuchen&nbsp; und zum Eintrag ins Goldene [&hellip;]\n","protected":false},"author":2,"featured_media":0,"comment_status":"closed","ping_status":"closed","sticky":false,"template":"","format":"standard","meta":{"ngg_post_thumbnail":0,"footnotes":""},"categories":[868],"tags":[],"class_list":["post-37983","post","type-post","status-publish","format-standard","hentry","category-zwischen-himmel-und-erde"],"_links":{"self":[{"href":"https:\/\/www.forum-soegel.de\/information\/wp-json\/wp\/v2\/posts\/37983","targetHints":{"allow":["GET"]}}],"collection":[{"href":"https:\/\/www.forum-soegel.de\/information\/wp-json\/wp\/v2\/posts"}],"about":[{"href":"https:\/\/www.forum-soegel.de\/information\/wp-json\/wp\/v2\/types\/post"}],"author":[{"embeddable":true,"href":"https:\/\/www.forum-soegel.de\/information\/wp-json\/wp\/v2\/users\/2"}],"replies":[{"embeddable":true,"href":"https:\/\/www.forum-soegel.de\/information\/wp-json\/wp\/v2\/comments?post=37983"}],"version-history":[{"count":1,"href":"https:\/\/www.forum-soegel.de\/information\/wp-json\/wp\/v2\/posts\/37983\/revisions"}],"predecessor-version":[{"id":37986,"href":"https:\/\/www.forum-soegel.de\/information\/wp-json\/wp\/v2\/posts\/37983\/revisions\/37986"}],"wp:attachment":[{"href":"https:\/\/www.forum-soegel.de\/information\/wp-json\/wp\/v2\/media?parent=37983"}],"wp:term":[{"taxonomy":"category","embeddable":true,"href":"https:\/\/www.forum-soegel.de\/information\/wp-json\/wp\/v2\/categories?post=37983"},{"taxonomy":"post_tag","embeddable":true,"href":"https:\/\/www.forum-soegel.de\/information\/wp-json\/wp\/v2\/tags?post=37983"}],"curies":[{"name":"wp","href":"https:\/\/api.w.org\/{rel}","templated":true}]}}