{"id":37975,"date":"2024-11-01T18:34:03","date_gmt":"2024-11-01T17:34:03","guid":{"rendered":"https:\/\/www.forum-soegel.de\/information\/?p=37975"},"modified":"2024-12-08T18:38:38","modified_gmt":"2024-12-08T17:38:38","slug":"den-diamanten-schloss-clemenswerth-zum-funkeln-gebracht","status":"publish","type":"post","link":"https:\/\/www.forum-soegel.de\/information\/2024\/11\/den-diamanten-schloss-clemenswerth-zum-funkeln-gebracht\/","title":{"rendered":"\u201eDen Diamanten Schloss Clemenswerth zum Funkeln gebracht\u201c"},"content":{"rendered":"\n<p><strong>Museumsdirektor Oliver Fok wurde in den Ruhestand verabschiedet<\/strong><\/p>\n\n\n<div class=\"wp-block-image\">\n<figure class=\"alignleft size-large is-resized\"><a href=\"https:\/\/www.forum-soegel.de\/information\/wp-content\/uploads\/2024\/12\/Museumsdirektor-Oliver-Fok-wurde-in-den-Ruhestand-verabschiedet_14-scaled.jpeg\"><img loading=\"lazy\" decoding=\"async\" width=\"1024\" height=\"768\" src=\"https:\/\/www.forum-soegel.de\/information\/wp-content\/uploads\/2024\/12\/Museumsdirektor-Oliver-Fok-wurde-in-den-Ruhestand-verabschiedet_14-1024x768.jpeg\" alt=\"\" class=\"wp-image-37978\" style=\"width:329px;height:auto\" srcset=\"https:\/\/www.forum-soegel.de\/information\/wp-content\/uploads\/2024\/12\/Museumsdirektor-Oliver-Fok-wurde-in-den-Ruhestand-verabschiedet_14-1024x768.jpeg 1024w, https:\/\/www.forum-soegel.de\/information\/wp-content\/uploads\/2024\/12\/Museumsdirektor-Oliver-Fok-wurde-in-den-Ruhestand-verabschiedet_14-300x225.jpeg 300w, https:\/\/www.forum-soegel.de\/information\/wp-content\/uploads\/2024\/12\/Museumsdirektor-Oliver-Fok-wurde-in-den-Ruhestand-verabschiedet_14-768x576.jpeg 768w, https:\/\/www.forum-soegel.de\/information\/wp-content\/uploads\/2024\/12\/Museumsdirektor-Oliver-Fok-wurde-in-den-Ruhestand-verabschiedet_14-1536x1152.jpeg 1536w, https:\/\/www.forum-soegel.de\/information\/wp-content\/uploads\/2024\/12\/Museumsdirektor-Oliver-Fok-wurde-in-den-Ruhestand-verabschiedet_14-2048x1536.jpeg 2048w\" sizes=\"auto, (max-width: 1024px) 100vw, 1024px\" \/><\/a><\/figure>\n<\/div>\n\n\n<p>S\u00f6gel &#8211; In einem w\u00fcrdigen Rahmen verabschiedete der Landkreis Emsland den Direktor des Emslandmuseums Schloss Clemenswerth Oliver Fok. Wie Erster Kreisrat Martin Gerenkamp w\u00e4hrend der Feierstunde im Hauptschloss betonte, habe der scheidende Museumsdirektor, die Besucherzahlen auf mittlerweile 55.000 pro Jahr zu steigern. Sein Ziel sei gewesen, durch ein modernes Museumsmanagement das Schloss einem breiten Publikum zug\u00e4nglich zu machen. Besonders die museumsp\u00e4dagogische Arbeit habe Schulen und Kinderg\u00e4rten erreicht habe. Gerenkamp wies daraufhin hin, dass durch Veranstaltungen wie zum Beispiel Park Art, Fest der Sinne, Falknertag, Schleppjagd und durch Advent auf Clemenswerth, das Interesse zahlreicher Besucher gefunden habe.<\/p>\n\n\n\n<p>Fok habe es mit seinem Team geschafft, \u201eden Diamanten des H\u00fcmmlings &#8211; Schloss Clemenswerth &#8211; zum Funkeln zu bringen\u201c.<\/p>\n\n\n\n<p>Samtgemeinde B\u00fcrgermeister Frank Kla\u00df wies auch im Namen von S\u00f6gels B\u00fcrgermeister Johannes V\u00f6lker darauf hin, dass Oliver Fok auf Clemenswerth \u201eLeben auf die Fl\u00e4che\u201c gebracht habe. Mit seinem Namen verbinde man im gesamten Umfeld viel Positives. Die Bundestagsabgeordnete Gitta Connemann betonte, Fok sei schon ein \u201eMacher\u201c gewesen, als er seine Arbeit auf Schloss Clemenswerth begonnen habe. Zusammen mit Ramona Krons und seinem Team habe er das Schloss Clemenswerth positiv weiterentwickelt.<\/p>\n\n\n\n<p>Oliver Fok erg\u00e4nzte in seinem Schlusswort, dass man die Arbeit mit Kindern und Jugendlichen stets als Schwerpunkt gesehen habe. \u00dcber die Jugendliche und Kinder schaffe man es, die Begeisterung f\u00fcr die Kulturarbeit zu st\u00e4rken. Fok bedankte sich bei allen, die ihn in seiner Amtszeit positiv unterst\u00fctzt h\u00e4tten.<\/p>\n\n\n\n<p>Mit gro\u00dfem Beifall belohnt wurde die musikalische Umrahmung durch die Nachwuchsmusikerinnen Charlotte Kockelmann&nbsp;und&nbsp;Jessika Papert&nbsp;von Music ConneXts.<\/p>\n\n\n\n<p>Text\/Fotos: Lambert Brand<\/p>\n\n\n\n<figure class=\"wp-block-image size-large\"><a href=\"https:\/\/www.forum-soegel.de\/information\/wp-content\/uploads\/2024\/12\/Museumsdirektor-Oliver-Fok-wurde-in-den-Ruhestand-verabschiedet_12a-scaled.jpg\"><img loading=\"lazy\" decoding=\"async\" width=\"1024\" height=\"768\" src=\"https:\/\/www.forum-soegel.de\/information\/wp-content\/uploads\/2024\/12\/Museumsdirektor-Oliver-Fok-wurde-in-den-Ruhestand-verabschiedet_12a-1024x768.jpg\" alt=\"\" class=\"wp-image-37976\" srcset=\"https:\/\/www.forum-soegel.de\/information\/wp-content\/uploads\/2024\/12\/Museumsdirektor-Oliver-Fok-wurde-in-den-Ruhestand-verabschiedet_12a-1024x768.jpg 1024w, https:\/\/www.forum-soegel.de\/information\/wp-content\/uploads\/2024\/12\/Museumsdirektor-Oliver-Fok-wurde-in-den-Ruhestand-verabschiedet_12a-300x225.jpg 300w, https:\/\/www.forum-soegel.de\/information\/wp-content\/uploads\/2024\/12\/Museumsdirektor-Oliver-Fok-wurde-in-den-Ruhestand-verabschiedet_12a-768x576.jpg 768w, https:\/\/www.forum-soegel.de\/information\/wp-content\/uploads\/2024\/12\/Museumsdirektor-Oliver-Fok-wurde-in-den-Ruhestand-verabschiedet_12a-1536x1152.jpg 1536w, https:\/\/www.forum-soegel.de\/information\/wp-content\/uploads\/2024\/12\/Museumsdirektor-Oliver-Fok-wurde-in-den-Ruhestand-verabschiedet_12a-2048x1536.jpg 2048w\" sizes=\"auto, (max-width: 1024px) 100vw, 1024px\" \/><\/a><figcaption class=\"wp-element-caption\">Vor der besten Stube des Landkreises versammelten sich die Festg\u00e4ste, die der Verabschiedung beiwohnten.<\/figcaption><\/figure>\n\n\n\n<figure class=\"wp-block-image size-large\"><a href=\"https:\/\/www.forum-soegel.de\/information\/wp-content\/uploads\/2024\/12\/Museumsdirektor-Oliver-Fok-wurde-in-den-Ruhestand-verabschiedet_4.jpeg\"><img loading=\"lazy\" decoding=\"async\" width=\"1024\" height=\"683\" src=\"https:\/\/www.forum-soegel.de\/information\/wp-content\/uploads\/2024\/12\/Museumsdirektor-Oliver-Fok-wurde-in-den-Ruhestand-verabschiedet_4-1024x683.jpeg\" alt=\"\" class=\"wp-image-37977\" srcset=\"https:\/\/www.forum-soegel.de\/information\/wp-content\/uploads\/2024\/12\/Museumsdirektor-Oliver-Fok-wurde-in-den-Ruhestand-verabschiedet_4-1024x683.jpeg 1024w, https:\/\/www.forum-soegel.de\/information\/wp-content\/uploads\/2024\/12\/Museumsdirektor-Oliver-Fok-wurde-in-den-Ruhestand-verabschiedet_4-300x200.jpeg 300w, https:\/\/www.forum-soegel.de\/information\/wp-content\/uploads\/2024\/12\/Museumsdirektor-Oliver-Fok-wurde-in-den-Ruhestand-verabschiedet_4-768x512.jpeg 768w, https:\/\/www.forum-soegel.de\/information\/wp-content\/uploads\/2024\/12\/Museumsdirektor-Oliver-Fok-wurde-in-den-Ruhestand-verabschiedet_4-1536x1024.jpeg 1536w, https:\/\/www.forum-soegel.de\/information\/wp-content\/uploads\/2024\/12\/Museumsdirektor-Oliver-Fok-wurde-in-den-Ruhestand-verabschiedet_4-2048x1365.jpeg 2048w\" sizes=\"auto, (max-width: 1024px) 100vw, 1024px\" \/><\/a><figcaption class=\"wp-element-caption\">Anerkennung und Dank zum Abschied, v.l.: Fach-bereichsleiter LK EL \u201eBildung, Kultur und Sport\u201c, Dr. Philipp Scheidt; Erster Kreisrat LK EL Martin Gerenkamp; bisheriger Museumsdirektor Oliver Fok; die Personalratsvorsitzende LK EL Heike Sp\u00f6lming.<\/figcaption><\/figure>\n","protected":false},"excerpt":{"rendered":"Museumsdirektor Oliver Fok wurde in den Ruhestand verabschiedet S\u00f6gel &#8211; In einem w\u00fcrdigen Rahmen verabschiedete der Landkreis Emsland den Direktor des Emslandmuseums Schloss Clemenswerth Oliver Fok. Wie Erster Kreisrat Martin Gerenkamp w\u00e4hrend der Feierstunde im Hauptschloss betonte, habe der scheidende Museumsdirektor, die Besucherzahlen auf mittlerweile 55.000 pro Jahr zu steigern. Sein Ziel sei gewesen, durch [&hellip;]\n","protected":false},"author":2,"featured_media":0,"comment_status":"closed","ping_status":"closed","sticky":false,"template":"","format":"standard","meta":{"ngg_post_thumbnail":0,"footnotes":""},"categories":[3],"tags":[],"class_list":["post-37975","post","type-post","status-publish","format-standard","hentry","category-aktuelles-aus-der-region"],"_links":{"self":[{"href":"https:\/\/www.forum-soegel.de\/information\/wp-json\/wp\/v2\/posts\/37975","targetHints":{"allow":["GET"]}}],"collection":[{"href":"https:\/\/www.forum-soegel.de\/information\/wp-json\/wp\/v2\/posts"}],"about":[{"href":"https:\/\/www.forum-soegel.de\/information\/wp-json\/wp\/v2\/types\/post"}],"author":[{"embeddable":true,"href":"https:\/\/www.forum-soegel.de\/information\/wp-json\/wp\/v2\/users\/2"}],"replies":[{"embeddable":true,"href":"https:\/\/www.forum-soegel.de\/information\/wp-json\/wp\/v2\/comments?post=37975"}],"version-history":[{"count":1,"href":"https:\/\/www.forum-soegel.de\/information\/wp-json\/wp\/v2\/posts\/37975\/revisions"}],"predecessor-version":[{"id":37979,"href":"https:\/\/www.forum-soegel.de\/information\/wp-json\/wp\/v2\/posts\/37975\/revisions\/37979"}],"wp:attachment":[{"href":"https:\/\/www.forum-soegel.de\/information\/wp-json\/wp\/v2\/media?parent=37975"}],"wp:term":[{"taxonomy":"category","embeddable":true,"href":"https:\/\/www.forum-soegel.de\/information\/wp-json\/wp\/v2\/categories?post=37975"},{"taxonomy":"post_tag","embeddable":true,"href":"https:\/\/www.forum-soegel.de\/information\/wp-json\/wp\/v2\/tags?post=37975"}],"curies":[{"name":"wp","href":"https:\/\/api.w.org\/{rel}","templated":true}]}}