{"id":37972,"date":"2024-11-01T18:32:01","date_gmt":"2024-11-01T17:32:01","guid":{"rendered":"https:\/\/www.forum-soegel.de\/information\/?p=37972"},"modified":"2024-12-08T18:33:32","modified_gmt":"2024-12-08T17:33:32","slug":"jessica-sandmann-als-dorf-app-beauftragte-verabschiedet","status":"publish","type":"post","link":"https:\/\/www.forum-soegel.de\/information\/2024\/11\/jessica-sandmann-als-dorf-app-beauftragte-verabschiedet\/","title":{"rendered":"Jessica Sandmann als Dorf-App-Beauftragte verabschiedet"},"content":{"rendered":"<div class=\"wp-block-image\">\n<figure class=\"alignleft size-large is-resized\"><a href=\"https:\/\/www.forum-soegel.de\/information\/wp-content\/uploads\/2024\/12\/Jessica-Sandmann-Verabschiedung-scaled.jpg\"><img loading=\"lazy\" decoding=\"async\" width=\"816\" height=\"1024\" src=\"https:\/\/www.forum-soegel.de\/information\/wp-content\/uploads\/2024\/12\/Jessica-Sandmann-Verabschiedung-816x1024.jpg\" alt=\"\" class=\"wp-image-37973\" style=\"width:265px;height:auto\" srcset=\"https:\/\/www.forum-soegel.de\/information\/wp-content\/uploads\/2024\/12\/Jessica-Sandmann-Verabschiedung-816x1024.jpg 816w, https:\/\/www.forum-soegel.de\/information\/wp-content\/uploads\/2024\/12\/Jessica-Sandmann-Verabschiedung-239x300.jpg 239w, https:\/\/www.forum-soegel.de\/information\/wp-content\/uploads\/2024\/12\/Jessica-Sandmann-Verabschiedung-768x964.jpg 768w, https:\/\/www.forum-soegel.de\/information\/wp-content\/uploads\/2024\/12\/Jessica-Sandmann-Verabschiedung-1224x1536.jpg 1224w, https:\/\/www.forum-soegel.de\/information\/wp-content\/uploads\/2024\/12\/Jessica-Sandmann-Verabschiedung-1632x2048.jpg 1632w, https:\/\/www.forum-soegel.de\/information\/wp-content\/uploads\/2024\/12\/Jessica-Sandmann-Verabschiedung-scaled.jpg 2040w\" sizes=\"auto, (max-width: 816px) 100vw, 816px\" \/><\/a><\/figure>\n<\/div>\n\n\n<p>Als es im Jahr 2018 im Zuge des Projektes \u201eEmsland Dorfplan\u201c um Zukunftsideen f\u00fcr das Dorf H\u00fcven ging, war unter anderem ein Vorschlag sehr pr\u00e4sent, der aufgrund schon laufender Vorbereitungen des Landkreises Emsland praktisch greifbar war: Eine Dorf-App f\u00fcr H\u00fcven ging an den Start, die sich f\u00fcr alle B\u00fcrger in eine unkomplizierte, schnelle und heute nicht mehr wegzudenkende Informationsquelle f\u00fcr den Ort entwickeln sollte.<\/p>\n\n\n\n<p>Schnell stellte sich heraus, dass es f\u00fcr die Grundeinrichtung mit den Stammdaten H\u00fcvens und die weitere Pflege der App eine Ansprechperson geben muss, die f\u00fcr alle Belange der Anwendung zust\u00e4ndig ist.<\/p>\n\n\n\n<p>Mit Jessica Sandmann fand man diese und fortan k\u00fcmmerte sie sich darum, die App \u201elebendig\u201c und aktuell zu halten. Aber nicht nur das, auch sollte sie die \u00d6ffentlichkeitsarbeit rund um das Dorf mit ihren ca. 550 Einwohnern \u00fcbernehmen.<\/p>\n\n\n\n<p>Im September nun gab Sie aus pers\u00f6nlichen Gr\u00fcnden diese Aufgabe ab. F\u00fcr ihr Engagement gerade in der Start-Phase der App dankten ihr mit einem kleinen Abschieds-Geschenk B\u00fcrgermeister Aloys Ull sowie die stellvertretende B\u00fcrgermeisterin Sarah Geers-Ahaus.<\/p>\n\n\n\n<p>Auf Entscheidung des Gemeinderates im Bewerbungsverfahren wird zuk\u00fcnftig Birgit Wester diese Aufgabe \u00fcbernehmen und sich um die \u00d6ffentlichkeitsarbeit, die die App-Pflege beinhaltet, k\u00fcmmern.<\/p>\n\n\n\n<p>Text\/Foto: Birgit Wester<\/p>\n\n\n\n<p><\/p>\n","protected":false},"excerpt":{"rendered":"Als es im Jahr 2018 im Zuge des Projektes \u201eEmsland Dorfplan\u201c um Zukunftsideen f\u00fcr das Dorf H\u00fcven ging, war unter anderem ein Vorschlag sehr pr\u00e4sent, der aufgrund schon laufender Vorbereitungen des Landkreises Emsland praktisch greifbar war: Eine Dorf-App f\u00fcr H\u00fcven ging an den Start, die sich f\u00fcr alle B\u00fcrger in eine unkomplizierte, schnelle und heute [&hellip;]\n","protected":false},"author":2,"featured_media":0,"comment_status":"closed","ping_status":"closed","sticky":false,"template":"","format":"standard","meta":{"ngg_post_thumbnail":0,"footnotes":""},"categories":[3],"tags":[],"class_list":["post-37972","post","type-post","status-publish","format-standard","hentry","category-aktuelles-aus-der-region"],"_links":{"self":[{"href":"https:\/\/www.forum-soegel.de\/information\/wp-json\/wp\/v2\/posts\/37972","targetHints":{"allow":["GET"]}}],"collection":[{"href":"https:\/\/www.forum-soegel.de\/information\/wp-json\/wp\/v2\/posts"}],"about":[{"href":"https:\/\/www.forum-soegel.de\/information\/wp-json\/wp\/v2\/types\/post"}],"author":[{"embeddable":true,"href":"https:\/\/www.forum-soegel.de\/information\/wp-json\/wp\/v2\/users\/2"}],"replies":[{"embeddable":true,"href":"https:\/\/www.forum-soegel.de\/information\/wp-json\/wp\/v2\/comments?post=37972"}],"version-history":[{"count":1,"href":"https:\/\/www.forum-soegel.de\/information\/wp-json\/wp\/v2\/posts\/37972\/revisions"}],"predecessor-version":[{"id":37974,"href":"https:\/\/www.forum-soegel.de\/information\/wp-json\/wp\/v2\/posts\/37972\/revisions\/37974"}],"wp:attachment":[{"href":"https:\/\/www.forum-soegel.de\/information\/wp-json\/wp\/v2\/media?parent=37972"}],"wp:term":[{"taxonomy":"category","embeddable":true,"href":"https:\/\/www.forum-soegel.de\/information\/wp-json\/wp\/v2\/categories?post=37972"},{"taxonomy":"post_tag","embeddable":true,"href":"https:\/\/www.forum-soegel.de\/information\/wp-json\/wp\/v2\/tags?post=37972"}],"curies":[{"name":"wp","href":"https:\/\/api.w.org\/{rel}","templated":true}]}}