{"id":37969,"date":"2024-11-01T18:29:36","date_gmt":"2024-11-01T17:29:36","guid":{"rendered":"https:\/\/www.forum-soegel.de\/information\/?p=37969"},"modified":"2024-12-08T18:31:43","modified_gmt":"2024-12-08T17:31:43","slug":"auszeichnung-fuer-ehrenamtlich-taetige-buerger-gemeinde-boerger-ehrt-verkehrshelfer","status":"publish","type":"post","link":"https:\/\/www.forum-soegel.de\/information\/2024\/11\/auszeichnung-fuer-ehrenamtlich-taetige-buerger-gemeinde-boerger-ehrt-verkehrshelfer\/","title":{"rendered":"Auszeichnung f\u00fcr ehrenamtlich t\u00e4tige B\u00fcrger: Gemeinde B\u00f6rger ehrt Verkehrshelfer"},"content":{"rendered":"\n<p>B\u00f6rger &#8211; Im Rahmen der Herbstkirmes w\u00fcrdigt die Gemeinde B\u00f6rger B\u00fcrger, welche sich mit ihrem ehrenamtlichen Einsatz im Besonderen um das Gemeindeleben verdient gemacht haben. In diesem Jahr wurden die Verkehrshelfer geehrt. Die ehrenamtlichen Lotsen sorgen morgens an der Waldstra\u00dfe und an der Ringstra\u00dfe f\u00fcr eine gefahrlose Stra\u00dfen\u00fcberquerung und damit f\u00fcr einen sicheren Schulweg bzw. zu den Kindertagest\u00e4tten \u201aSpeelhus\u2018 und \u201aL\u00fctke L\u00fce\u2018. In seiner Laudatio lobte B\u00fcrgermeister J\u00fcrgen Ermes das Engagement der Verkehrshelfer: \u201eDurch Eure Arbeit tragt Ihr nicht nur zur Sicherheit unserer Kinder bei, sondern f\u00f6rdert auch das Bewusstsein f\u00fcr verantwortungsvolles Verhalten im Stra\u00dfenverkehr.\u201c Ihr Einsatz sei von gro\u00dfer Bedeutung f\u00fcr B\u00f6rger, weshalb die Gemeinde auch in Zukunft die Arbeit der Lotsen unterst\u00fctzen wolle. Es werden noch weitere Verkehrshelfer gesucht, um den Lotsendienst auch in der Zukunft weiter gew\u00e4hrleisten zu k\u00f6nnen. Interessenten, welche Lust haben und sich Zeit f\u00fcr diese wichtige ehrenamtliche T\u00e4tigkeit nehmen m\u00f6chten, k\u00f6nnen sich bei Silvia Funke (Tel.: 0175\/ 445 6337) melden.<\/p>\n\n\n\n<p>Text\/Foto: Gemeinde B\u00f6rger<\/p>\n\n\n\n<figure class=\"wp-block-image size-full\"><a href=\"https:\/\/www.forum-soegel.de\/information\/wp-content\/uploads\/2024\/12\/Gemeinde-Bo\u2560erger-ehrt-Verkehrshelfer.jpg\"><img loading=\"lazy\" decoding=\"async\" width=\"640\" height=\"480\" src=\"https:\/\/www.forum-soegel.de\/information\/wp-content\/uploads\/2024\/12\/Gemeinde-Bo\u2560erger-ehrt-Verkehrshelfer.jpg\" alt=\"\" class=\"wp-image-37970\" srcset=\"https:\/\/www.forum-soegel.de\/information\/wp-content\/uploads\/2024\/12\/Gemeinde-Bo\u2560erger-ehrt-Verkehrshelfer.jpg 640w, https:\/\/www.forum-soegel.de\/information\/wp-content\/uploads\/2024\/12\/Gemeinde-Bo\u2560erger-ehrt-Verkehrshelfer-300x225.jpg 300w\" sizes=\"auto, (max-width: 640px) 100vw, 640px\" \/><\/a><figcaption class=\"wp-element-caption\">Durch B\u00fcrgermeister Ermes (2. v.r.) und dem 2. stv. B\u00fcrgermeister Andreas Jansen (1. v.r.) wurde den anwesenden Verkehrshelfern eine Dankesurkunde mit Gutschein ausgeh\u00e4ndigt.<br>\u00a0<\/figcaption><\/figure>\n","protected":false},"excerpt":{"rendered":"B\u00f6rger &#8211; Im Rahmen der Herbstkirmes w\u00fcrdigt die Gemeinde B\u00f6rger B\u00fcrger, welche sich mit ihrem ehrenamtlichen Einsatz im Besonderen um das Gemeindeleben verdient gemacht haben. In diesem Jahr wurden die Verkehrshelfer geehrt. Die ehrenamtlichen Lotsen sorgen morgens an der Waldstra\u00dfe und an der Ringstra\u00dfe f\u00fcr eine gefahrlose Stra\u00dfen\u00fcberquerung und damit f\u00fcr einen sicheren Schulweg bzw. [&hellip;]\n","protected":false},"author":2,"featured_media":0,"comment_status":"closed","ping_status":"closed","sticky":false,"template":"","format":"standard","meta":{"ngg_post_thumbnail":0,"footnotes":""},"categories":[3],"tags":[],"class_list":["post-37969","post","type-post","status-publish","format-standard","hentry","category-aktuelles-aus-der-region"],"_links":{"self":[{"href":"https:\/\/www.forum-soegel.de\/information\/wp-json\/wp\/v2\/posts\/37969","targetHints":{"allow":["GET"]}}],"collection":[{"href":"https:\/\/www.forum-soegel.de\/information\/wp-json\/wp\/v2\/posts"}],"about":[{"href":"https:\/\/www.forum-soegel.de\/information\/wp-json\/wp\/v2\/types\/post"}],"author":[{"embeddable":true,"href":"https:\/\/www.forum-soegel.de\/information\/wp-json\/wp\/v2\/users\/2"}],"replies":[{"embeddable":true,"href":"https:\/\/www.forum-soegel.de\/information\/wp-json\/wp\/v2\/comments?post=37969"}],"version-history":[{"count":1,"href":"https:\/\/www.forum-soegel.de\/information\/wp-json\/wp\/v2\/posts\/37969\/revisions"}],"predecessor-version":[{"id":37971,"href":"https:\/\/www.forum-soegel.de\/information\/wp-json\/wp\/v2\/posts\/37969\/revisions\/37971"}],"wp:attachment":[{"href":"https:\/\/www.forum-soegel.de\/information\/wp-json\/wp\/v2\/media?parent=37969"}],"wp:term":[{"taxonomy":"category","embeddable":true,"href":"https:\/\/www.forum-soegel.de\/information\/wp-json\/wp\/v2\/categories?post=37969"},{"taxonomy":"post_tag","embeddable":true,"href":"https:\/\/www.forum-soegel.de\/information\/wp-json\/wp\/v2\/tags?post=37969"}],"curies":[{"name":"wp","href":"https:\/\/api.w.org\/{rel}","templated":true}]}}