{"id":3791,"date":"2010-12-01T00:39:06","date_gmt":"2010-11-30T23:39:06","guid":{"rendered":"https:\/\/www.forum-soegel.de\/information\/?p=3791"},"modified":"2010-11-27T20:33:53","modified_gmt":"2010-11-27T19:33:53","slug":"unser-besuch-bei-werder-in-bremen","status":"publish","type":"post","link":"https:\/\/www.forum-soegel.de\/information\/2010\/12\/unser-besuch-bei-werder-in-bremen\/","title":{"rendered":"Unser Besuch bei Werder in Bremen"},"content":{"rendered":"<p>Am 18.Oktober fuhr die Jugendredaktion nach Bremen. Nachdem wir dort ankamen, waren wir als erstes im \u201eWaterfront\u201c. Das ist ein riesiges Einkaufszentrum. Dort gab es viel zu sehen und zu kaufen.<\/p>\n<p>Anschlie\u00dfend fuhren wir zum Weser-Stadion und besuchten zun\u00e4chst den Fanshop.<\/p>\n<p>Um 14:30 Uhr sollte uns eigentlich Direktor f\u00fcr Medien und Kommunikation von Werder Bremen, Herr Tino Polster, am Osttor des Weserstadions abholen. Darauf freuten wir uns sehr. Mit leichter Versp\u00e4tung holte er uns ab. Die Versp\u00e4tung hatte allerdings auch eine gute Seite. Da die Werder-Spieler Training hatten, mussten sie durch das Osttor und wir konnten uns einige Autogramme holen. Wir sahen fast alle Spieler von Werder Bremen.<\/p>\n<p>Als Tino Polster dann kam, begr\u00fc\u00dfte er uns herzlich und f\u00fchrte uns in den Presseraum von Werder Bremen, in den Besucher eigentlich nicht rein d\u00fcrfen. Nachdem jeder eine Antwort auf seine Frage\/n hatte, holte uns ein Stadionf\u00fchrer ab. Er zeigte uns das Stadion und erkl\u00e4rte uns geduldig alles, was wir wissen wollten. Wir durften uns auch auf die Trainerbank, an die Reportertische und in verschiedene Logen setzen. Danach hat uns ein anderer Mitarbeiter eine F\u00fchrung durch das Stadion gegeben und uns noch Vieles \u00fcber den Stadionneubau erz\u00e4hlt.<\/p>\n<p>Anschlie\u00dfend schauten wir uns noch kurz das Training der Fu\u00dfballer an. Gl\u00fccklicherweise endete das Training schon und wir konnten uns wieder Autogramme und Fotos mit den Spielern holen. Zu guter Letzt a\u00dfen wir noch bei McDonald. Das war ein sehr interessanter und spa\u00dfiger Tag.<\/p>\n<p>Text\/Foto: IC<\/p>\n<p><span style=\"font-size: xx-small;\"><a href=\"https:\/\/www.forum-soegel.de\/information\/wp-content\/uploads\/2010\/11\/Werder-I.jpg\"><img loading=\"lazy\" decoding=\"async\" class=\"alignnone size-thumbnail wp-image-3792\" title=\"Werder I\" src=\"https:\/\/www.forum-soegel.de\/information\/wp-content\/uploads\/2010\/11\/Werder-I-150x150.jpg\" alt=\"\" width=\"150\" height=\"150\" \/><\/a>\u00a0 <a href=\"https:\/\/www.forum-soegel.de\/information\/wp-content\/uploads\/2010\/11\/Werder-II.jpg\"><img loading=\"lazy\" decoding=\"async\" class=\"alignnone size-thumbnail wp-image-3793\" title=\"Werder II\" src=\"https:\/\/www.forum-soegel.de\/information\/wp-content\/uploads\/2010\/11\/Werder-II-150x150.jpg\" alt=\"\" width=\"150\" height=\"150\" \/><\/a>\u00a0 <a href=\"https:\/\/www.forum-soegel.de\/information\/wp-content\/uploads\/2010\/11\/Werder-III.jpg\"><img loading=\"lazy\" decoding=\"async\" class=\"alignnone size-thumbnail wp-image-3794\" title=\"Werder III\" src=\"https:\/\/www.forum-soegel.de\/information\/wp-content\/uploads\/2010\/11\/Werder-III-150x150.jpg\" alt=\"\" width=\"150\" height=\"150\" \/><\/a><\/span><\/p>\n<p><span style=\"font-size: xx-small;\"><a href=\"https:\/\/www.forum-soegel.de\/information\/wp-content\/uploads\/2010\/11\/Werder-IV.jpg\"><img loading=\"lazy\" decoding=\"async\" class=\"alignnone size-thumbnail wp-image-3795\" title=\"Werder IV\" src=\"https:\/\/www.forum-soegel.de\/information\/wp-content\/uploads\/2010\/11\/Werder-IV-150x150.jpg\" alt=\"\" width=\"150\" height=\"150\" \/><\/a>\u00a0 <a href=\"https:\/\/www.forum-soegel.de\/information\/wp-content\/uploads\/2010\/11\/Werder-IX.jpg\"><img loading=\"lazy\" decoding=\"async\" class=\"alignnone size-thumbnail wp-image-3796\" title=\"Werder IX\" src=\"https:\/\/www.forum-soegel.de\/information\/wp-content\/uploads\/2010\/11\/Werder-IX-150x150.jpg\" alt=\"\" width=\"150\" height=\"150\" \/><\/a>\u00a0 <a href=\"https:\/\/www.forum-soegel.de\/information\/wp-content\/uploads\/2010\/11\/Werder-V.jpg\"><img loading=\"lazy\" decoding=\"async\" class=\"alignnone size-thumbnail wp-image-3797\" title=\"Werder V\" src=\"https:\/\/www.forum-soegel.de\/information\/wp-content\/uploads\/2010\/11\/Werder-V-150x150.jpg\" alt=\"\" width=\"150\" height=\"150\" \/><\/a><\/span><\/p>\n<p><span style=\"font-size: xx-small;\"><a href=\"https:\/\/www.forum-soegel.de\/information\/wp-content\/uploads\/2010\/11\/Werder-VI.jpg\"><img loading=\"lazy\" decoding=\"async\" class=\"alignnone size-thumbnail wp-image-3798\" title=\"Werder VI\" src=\"https:\/\/www.forum-soegel.de\/information\/wp-content\/uploads\/2010\/11\/Werder-VI-150x150.jpg\" alt=\"\" width=\"150\" height=\"150\" \/><\/a>\u00a0 <a href=\"https:\/\/www.forum-soegel.de\/information\/wp-content\/uploads\/2010\/11\/Werder-VII.jpg\"><img loading=\"lazy\" decoding=\"async\" class=\"alignnone size-thumbnail wp-image-3799\" title=\"Werder VII\" src=\"https:\/\/www.forum-soegel.de\/information\/wp-content\/uploads\/2010\/11\/Werder-VII-150x150.jpg\" alt=\"\" width=\"150\" height=\"150\" \/><\/a><\/span><\/p>\n","protected":false},"excerpt":{"rendered":"Am 18.Oktober fuhr die Jugendredaktion nach Bremen. Nachdem wir dort ankamen, waren wir als erstes im \u201eWaterfront\u201c. Das ist ein riesiges Einkaufszentrum. Dort gab es viel zu sehen und zu kaufen. Anschlie\u00dfend fuhren wir zum Weser-Stadion und besuchten zun\u00e4chst den Fanshop. Um 14:30 Uhr sollte uns eigentlich Direktor f\u00fcr Medien und Kommunikation von Werder Bremen, [&hellip;]\n","protected":false},"author":2,"featured_media":0,"comment_status":"closed","ping_status":"closed","sticky":false,"template":"","format":"standard","meta":{"ngg_post_thumbnail":0,"footnotes":""},"categories":[6],"tags":[],"class_list":["post-3791","post","type-post","status-publish","format-standard","hentry","category-aus-der-schule-geplaudert"],"_links":{"self":[{"href":"https:\/\/www.forum-soegel.de\/information\/wp-json\/wp\/v2\/posts\/3791","targetHints":{"allow":["GET"]}}],"collection":[{"href":"https:\/\/www.forum-soegel.de\/information\/wp-json\/wp\/v2\/posts"}],"about":[{"href":"https:\/\/www.forum-soegel.de\/information\/wp-json\/wp\/v2\/types\/post"}],"author":[{"embeddable":true,"href":"https:\/\/www.forum-soegel.de\/information\/wp-json\/wp\/v2\/users\/2"}],"replies":[{"embeddable":true,"href":"https:\/\/www.forum-soegel.de\/information\/wp-json\/wp\/v2\/comments?post=3791"}],"version-history":[{"count":7,"href":"https:\/\/www.forum-soegel.de\/information\/wp-json\/wp\/v2\/posts\/3791\/revisions"}],"predecessor-version":[{"id":3955,"href":"https:\/\/www.forum-soegel.de\/information\/wp-json\/wp\/v2\/posts\/3791\/revisions\/3955"}],"wp:attachment":[{"href":"https:\/\/www.forum-soegel.de\/information\/wp-json\/wp\/v2\/media?parent=3791"}],"wp:term":[{"taxonomy":"category","embeddable":true,"href":"https:\/\/www.forum-soegel.de\/information\/wp-json\/wp\/v2\/categories?post=3791"},{"taxonomy":"post_tag","embeddable":true,"href":"https:\/\/www.forum-soegel.de\/information\/wp-json\/wp\/v2\/tags?post=3791"}],"curies":[{"name":"wp","href":"https:\/\/api.w.org\/{rel}","templated":true}]}}