{"id":3787,"date":"2010-12-01T00:36:08","date_gmt":"2010-11-30T23:36:08","guid":{"rendered":"https:\/\/www.forum-soegel.de\/information\/?p=3787"},"modified":"2010-11-27T21:19:46","modified_gmt":"2010-11-27T20:19:46","slug":"waldspaziergang","status":"publish","type":"post","link":"https:\/\/www.forum-soegel.de\/information\/2010\/12\/waldspaziergang\/","title":{"rendered":"Waldspaziergang"},"content":{"rendered":"<p>Die Klassen 1 und 2 der Grundschule St. Johannes in Spahnharrenst\u00e4tte machten am 27.10.2010 einen Ausflug mit J\u00e4gern in den Wald.<\/p>\n<p>Auf zwei Planwagen wurden die Kinder ins Revier gefahren. Dort erz\u00e4hlten die J\u00e4ger ihnen dann bei einem Waldspaziergang viel \u00fcber die Pflanzen und Tiere des heimischen Waldes.<\/p>\n<p>Zum Abschluss erhielt jedes Kind eine Urkunde.<\/p>\n<p>Trotz des unwirtlichen Wetters waren alle Sch\u00fcler und Sch\u00fclerinnen mit Begeisterung dabei und dankten den J\u00e4gern f\u00fcr den tollen Ausflug.<\/p>\n<p>Text\/Foto: Grundschule Spahnharrenst\u00e4tte \/ Vereine-Spahnharrenst\u00e4tte<\/p>\n<p><span style=\"font-size: xx-small;\"><a href=\"https:\/\/www.forum-soegel.de\/information\/wp-content\/uploads\/2010\/11\/Waldspaziergang11.jpg\"><img loading=\"lazy\" decoding=\"async\" class=\"alignnone size-thumbnail wp-image-3788\" title=\"Waldspaziergang1\" src=\"https:\/\/www.forum-soegel.de\/information\/wp-content\/uploads\/2010\/11\/Waldspaziergang11-150x150.jpg\" alt=\"\" width=\"150\" height=\"150\" \/><\/a> <a href=\"https:\/\/www.forum-soegel.de\/information\/wp-content\/uploads\/2010\/11\/Waldspaziergang2JPG.jpg\"><img loading=\"lazy\" decoding=\"async\" class=\"alignnone size-thumbnail wp-image-3789\" title=\"Waldspaziergang2JPG\" src=\"https:\/\/www.forum-soegel.de\/information\/wp-content\/uploads\/2010\/11\/Waldspaziergang2JPG-150x150.jpg\" alt=\"\" width=\"150\" height=\"150\" \/><\/a><\/span><\/p>\n","protected":false},"excerpt":{"rendered":"Die Klassen 1 und 2 der Grundschule St. Johannes in Spahnharrenst\u00e4tte machten am 27.10.2010 einen Ausflug mit J\u00e4gern in den Wald. Auf zwei Planwagen wurden die Kinder ins Revier gefahren. Dort erz\u00e4hlten die J\u00e4ger ihnen dann bei einem Waldspaziergang viel \u00fcber die Pflanzen und Tiere des heimischen Waldes. Zum Abschluss erhielt jedes Kind eine Urkunde. [&hellip;]\n","protected":false},"author":2,"featured_media":0,"comment_status":"closed","ping_status":"closed","sticky":false,"template":"","format":"standard","meta":{"ngg_post_thumbnail":0,"footnotes":""},"categories":[6],"tags":[],"class_list":["post-3787","post","type-post","status-publish","format-standard","hentry","category-aus-der-schule-geplaudert"],"_links":{"self":[{"href":"https:\/\/www.forum-soegel.de\/information\/wp-json\/wp\/v2\/posts\/3787","targetHints":{"allow":["GET"]}}],"collection":[{"href":"https:\/\/www.forum-soegel.de\/information\/wp-json\/wp\/v2\/posts"}],"about":[{"href":"https:\/\/www.forum-soegel.de\/information\/wp-json\/wp\/v2\/types\/post"}],"author":[{"embeddable":true,"href":"https:\/\/www.forum-soegel.de\/information\/wp-json\/wp\/v2\/users\/2"}],"replies":[{"embeddable":true,"href":"https:\/\/www.forum-soegel.de\/information\/wp-json\/wp\/v2\/comments?post=3787"}],"version-history":[{"count":5,"href":"https:\/\/www.forum-soegel.de\/information\/wp-json\/wp\/v2\/posts\/3787\/revisions"}],"predecessor-version":[{"id":4010,"href":"https:\/\/www.forum-soegel.de\/information\/wp-json\/wp\/v2\/posts\/3787\/revisions\/4010"}],"wp:attachment":[{"href":"https:\/\/www.forum-soegel.de\/information\/wp-json\/wp\/v2\/media?parent=3787"}],"wp:term":[{"taxonomy":"category","embeddable":true,"href":"https:\/\/www.forum-soegel.de\/information\/wp-json\/wp\/v2\/categories?post=3787"},{"taxonomy":"post_tag","embeddable":true,"href":"https:\/\/www.forum-soegel.de\/information\/wp-json\/wp\/v2\/tags?post=3787"}],"curies":[{"name":"wp","href":"https:\/\/api.w.org\/{rel}","templated":true}]}}