{"id":3780,"date":"2010-12-01T00:30:58","date_gmt":"2010-11-30T23:30:58","guid":{"rendered":"https:\/\/www.forum-soegel.de\/information\/?p=3780"},"modified":"2010-11-27T21:16:48","modified_gmt":"2010-11-27T20:16:48","slug":"waldjugendspiele-2010","status":"publish","type":"post","link":"https:\/\/www.forum-soegel.de\/information\/2010\/12\/waldjugendspiele-2010\/","title":{"rendered":"Waldjugendspiele 2010"},"content":{"rendered":"<p>Am 27.10.2010 fanden f\u00fcr die 3. und 4. Klassen die Waldjugendspiele statt. Wir sind mit dem Fahrrad zum S\u00fcdholz gefahren. Da warteten auch schon die F\u00f6rster Herr Heyen, Herr Schomaker, Hermann und der Praktikant Lukas auf uns. Einige M\u00fctter haben bei den einzelnen Stationen mitgeholfen. Die F\u00f6rster hatten einen gro\u00dfen Infowagen mit \u00fcber 80 ausgestopften Tieren aufgestellt. Den haben sich zuerst alle angesehen.<\/p>\n<p>An f\u00fcnf Stationen mussten wir Tiere, B\u00e4ume, Str\u00e4ucher und Zapfen erkennen.<\/p>\n<p>Zum Schluss bekam jedes Kind eine Holzmedaille und eine Teilnehmerurkunde. Wir bedankten uns bei den F\u00f6rstern f\u00fcr die gute Organisation. Das war f\u00fcr alle ein erlebnisreicher Tag.<\/p>\n<p>Grundschule SPH \/ Vereine-Spahnharrenst\u00e4tte<\/p>\n<p>Lara, Antonia, Anna und Eva aus Klasse 3<\/p>\n<p><span style=\"font-size: xx-small;\">\u00a0<\/span><\/p>\n<p><a href=\"https:\/\/www.forum-soegel.de\/information\/wp-content\/uploads\/2010\/11\/Waldjugendspiele2.jpg\"><img loading=\"lazy\" decoding=\"async\" class=\"alignnone size-thumbnail wp-image-3781\" title=\"Waldjugendspiele2\" src=\"https:\/\/www.forum-soegel.de\/information\/wp-content\/uploads\/2010\/11\/Waldjugendspiele2-150x150.jpg\" alt=\"\" width=\"150\" height=\"150\" \/><\/a> <a href=\"https:\/\/www.forum-soegel.de\/information\/wp-content\/uploads\/2010\/11\/Waldjugendspiele3.jpg\"><img loading=\"lazy\" decoding=\"async\" class=\"alignnone size-thumbnail wp-image-3782\" title=\"Waldjugendspiele3\" src=\"https:\/\/www.forum-soegel.de\/information\/wp-content\/uploads\/2010\/11\/Waldjugendspiele3-150x150.jpg\" alt=\"\" width=\"150\" height=\"150\" \/><\/a> <a href=\"https:\/\/www.forum-soegel.de\/information\/wp-content\/uploads\/2010\/11\/Waldjugendspiele5.jpg\"><img loading=\"lazy\" decoding=\"async\" class=\"alignnone size-thumbnail wp-image-3783\" title=\"Waldjugendspiele5\" src=\"https:\/\/www.forum-soegel.de\/information\/wp-content\/uploads\/2010\/11\/Waldjugendspiele5-150x150.jpg\" alt=\"\" width=\"150\" height=\"150\" \/><\/a><\/p>\n<p><a href=\"https:\/\/www.forum-soegel.de\/information\/wp-content\/uploads\/2010\/11\/Waldjugendspiele6.jpg\"><img loading=\"lazy\" decoding=\"async\" class=\"alignnone size-thumbnail wp-image-3784\" title=\"Waldjugendspiele6\" src=\"https:\/\/www.forum-soegel.de\/information\/wp-content\/uploads\/2010\/11\/Waldjugendspiele6-150x150.jpg\" alt=\"\" width=\"150\" height=\"150\" \/><\/a><\/p>\n","protected":false},"excerpt":{"rendered":"Am 27.10.2010 fanden f\u00fcr die 3. und 4. Klassen die Waldjugendspiele statt. Wir sind mit dem Fahrrad zum S\u00fcdholz gefahren. Da warteten auch schon die F\u00f6rster Herr Heyen, Herr Schomaker, Hermann und der Praktikant Lukas auf uns. Einige M\u00fctter haben bei den einzelnen Stationen mitgeholfen. Die F\u00f6rster hatten einen gro\u00dfen Infowagen mit \u00fcber 80 ausgestopften [&hellip;]\n","protected":false},"author":2,"featured_media":0,"comment_status":"closed","ping_status":"closed","sticky":false,"template":"","format":"standard","meta":{"ngg_post_thumbnail":0,"footnotes":""},"categories":[6],"tags":[],"class_list":["post-3780","post","type-post","status-publish","format-standard","hentry","category-aus-der-schule-geplaudert"],"_links":{"self":[{"href":"https:\/\/www.forum-soegel.de\/information\/wp-json\/wp\/v2\/posts\/3780","targetHints":{"allow":["GET"]}}],"collection":[{"href":"https:\/\/www.forum-soegel.de\/information\/wp-json\/wp\/v2\/posts"}],"about":[{"href":"https:\/\/www.forum-soegel.de\/information\/wp-json\/wp\/v2\/types\/post"}],"author":[{"embeddable":true,"href":"https:\/\/www.forum-soegel.de\/information\/wp-json\/wp\/v2\/users\/2"}],"replies":[{"embeddable":true,"href":"https:\/\/www.forum-soegel.de\/information\/wp-json\/wp\/v2\/comments?post=3780"}],"version-history":[{"count":5,"href":"https:\/\/www.forum-soegel.de\/information\/wp-json\/wp\/v2\/posts\/3780\/revisions"}],"predecessor-version":[{"id":4008,"href":"https:\/\/www.forum-soegel.de\/information\/wp-json\/wp\/v2\/posts\/3780\/revisions\/4008"}],"wp:attachment":[{"href":"https:\/\/www.forum-soegel.de\/information\/wp-json\/wp\/v2\/media?parent=3780"}],"wp:term":[{"taxonomy":"category","embeddable":true,"href":"https:\/\/www.forum-soegel.de\/information\/wp-json\/wp\/v2\/categories?post=3780"},{"taxonomy":"post_tag","embeddable":true,"href":"https:\/\/www.forum-soegel.de\/information\/wp-json\/wp\/v2\/tags?post=3780"}],"curies":[{"name":"wp","href":"https:\/\/api.w.org\/{rel}","templated":true}]}}