{"id":3776,"date":"2010-12-01T00:26:24","date_gmt":"2010-11-30T23:26:24","guid":{"rendered":"https:\/\/www.forum-soegel.de\/information\/?p=3776"},"modified":"2010-11-27T20:54:34","modified_gmt":"2010-11-27T19:54:34","slug":"senioren-lernen-von-schulern","status":"publish","type":"post","link":"https:\/\/www.forum-soegel.de\/information\/2010\/12\/senioren-lernen-von-schulern\/","title":{"rendered":"Senioren lernen von Sch\u00fclern"},"content":{"rendered":"<div id=\"_mcePaste\">Die Grundschule Gro\u00df Berssen\/H\u00fcven nahm bereits zum dritten Mal am Medienprojekt \u201eRan an den Computer \u2013 Sch\u00fcler schulen Senioren\u201c teil, welches vom Verein n21 Schulen in Niedersachen online als auch von den Sparkassen Niedersachsen organisiert und finanziert wurde. Die Leitung \u00fcbernahm Ursula M\u00f6hlmann. Die Aufgabe der Kinder der Computer AG \u00a0war es, Senioren aus Gro\u00df Berssen, H\u00fcven und der n\u00e4heren Umgebung \u00a0den Umgang mit dem Computer n\u00e4herzubringen. Beispielsweise lernten sie in Kleingruppen, wie mit der Internetsuchmaschine \u201eGoogle\u201c umzugehen ist oder wie sie im Textverarbeitungsprogramm Texte verfassen k\u00f6nnen. Ein weiterer Auftrag war es, Artikel f\u00fcr die Sch\u00fclerzeitung zu erstellen, die zum Schuljubil\u00e4um im Mai 2011 ver\u00f6ffentlicht wird. \u00a0Nach Aussage der Schulleiterin Mechthild Wigbers f\u00f6rdert dieses Projekt nicht nur die multimediale Ausweitung und das multimediale Gespr\u00e4ch, sondern auch das soziale Miteinander zwischen den Generationen. Unter anderem sei dies die Motivation, die die Sch\u00fcler an zwei Nachmittagen die Schule besuchen l\u00e4sst.<\/div>\n<div id=\"_mcePaste\">In den Pausen wurden alle mit Kaffee und Kuchen verpflegt.<\/div>\n<div id=\"_mcePaste\">Einige Senioren waren schon mehrfach dabei, was von einer erfolgreichen Schulung im vergangenen Jahr und einer gro\u00dfen Motivation der Senioren im Bezug auf die Computer- und Internetarbeit zeugt.<\/div>\n<div id=\"_mcePaste\">Zum Ende dieser Projekttage wurden den teilnehmenden Senioren eine Urkunde und ein Pr\u00e4sent \u00a0von der Mitarbeiterin der Sparkasse Emsland, Frau Ruth Gerdes, \u00fcberreicht. Auch die Kinder erhielten eine kleine \u00dcberraschung<span style=\"font-size: 14px;\">.<\/span><\/div>\n<div id=\"_mcePaste\">Text\/Foto: Maria Efken.<\/div>\n<div id=\"_mcePaste\">Das Foto zeigt Sch\u00fcler der Computer AG, die teilnehmenden Senioren, Ruth Gerdes (Sparkasse Emsland), Ursula M\u00f6hlmann (verantwortliche Lehrkraft) und Mechthild Wigbers (Schulleiterin)<\/div>\n<p>Die Grundschule Gro\u00df Berssen\/H\u00fcven nahm bereits zum dritten Mal am Medienprojekt \u201eRan an den Computer \u2013 Sch\u00fcler schulen Senioren\u201c teil, welches vom Verein n21 Schulen in Niedersachen online als auch von den Sparkassen Niedersachsen organisiert und finanziert wurde. Die Leitung \u00fcbernahm Ursula M\u00f6hlmann. Die Aufgabe der Kinder der Computer AG \u00a0war es, Senioren aus Gro\u00df Berssen, H\u00fcven und der n\u00e4heren Umgebung \u00a0den Umgang mit dem Computer n\u00e4herzubringen. Beispielsweise lernten sie in Kleingruppen, wie mit der Internetsuchmaschine \u201eGoogle\u201c umzugehen ist oder wie sie im Textverarbeitungsprogramm Texte verfassen k\u00f6nnen. Ein weiterer Auftrag war es, Artikel f\u00fcr die Sch\u00fclerzeitung zu erstellen, die zum Schuljubil\u00e4um im Mai 2011 ver\u00f6ffentlicht wird. \u00a0Nach Aussage der Schulleiterin Mechthild Wigbers f\u00f6rdert dieses Projekt nicht nur die multimediale Ausweitung und das multimediale Gespr\u00e4ch, sondern auch das soziale Miteinander zwischen den Generationen. Unter anderem sei dies die Motivation, die die Sch\u00fcler an zwei Nachmittagen die Schule besuchen l\u00e4sst.\u00a0In den Pausen wurden alle mit Kaffee und Kuchen verpflegt.\u00a0Einige Senioren waren schon mehrfach dabei, was von einer erfolgreichen Schulung im vergangenen Jahr und einer gro\u00dfen Motivation der Senioren im Bezug auf die Computer- und Internetarbeit zeugt.\u00a0Zum Ende dieser Projekttage wurden den teilnehmenden Senioren eine Urkunde und ein Pr\u00e4sent \u00a0von der Mitarbeiterin der Sparkasse Emsland, Frau Ruth Gerdes, \u00fcberreicht. Auch die Kinder erhielten eine kleine \u00dcberraschung.<br \/>\nText\/Foto: Maria Efken.<br \/>\nDas Foto zeigt Sch\u00fcler der Computer AG, die teilnehmenden Senioren, Ruth Gerdes (Sparkasse Emsland), Ursula M\u00f6hlmann (verantwortliche Lehrkraft) und Mechthild Wigbers (Schulleiterin)<\/p>\n<p><a href=\"https:\/\/www.forum-soegel.de\/information\/wp-content\/uploads\/2010\/11\/Senioren-lernen-von-Sch\u00fclern1.jpg\"><img loading=\"lazy\" decoding=\"async\" class=\"alignnone size-thumbnail wp-image-3778\" title=\"Senioren lernen von Sch\u00fclern\" src=\"https:\/\/www.forum-soegel.de\/information\/wp-content\/uploads\/2010\/11\/Senioren-lernen-von-Sch\u00fclern1-150x150.jpg\" alt=\"\" width=\"150\" height=\"150\" \/><\/a><\/p>\n","protected":false},"excerpt":{"rendered":"Die Grundschule Gro\u00df Berssen\/H\u00fcven nahm bereits zum dritten Mal am Medienprojekt \u201eRan an den Computer \u2013 Sch\u00fcler schulen Senioren\u201c teil, welches vom Verein n21 Schulen in Niedersachen online als auch von den Sparkassen Niedersachsen organisiert und finanziert wurde. Die Leitung \u00fcbernahm Ursula M\u00f6hlmann. Die Aufgabe der Kinder der Computer AG \u00a0war es, Senioren aus Gro\u00df [&hellip;]\n","protected":false},"author":2,"featured_media":0,"comment_status":"closed","ping_status":"closed","sticky":false,"template":"","format":"standard","meta":{"ngg_post_thumbnail":0,"footnotes":""},"categories":[6],"tags":[],"class_list":["post-3776","post","type-post","status-publish","format-standard","hentry","category-aus-der-schule-geplaudert"],"_links":{"self":[{"href":"https:\/\/www.forum-soegel.de\/information\/wp-json\/wp\/v2\/posts\/3776","targetHints":{"allow":["GET"]}}],"collection":[{"href":"https:\/\/www.forum-soegel.de\/information\/wp-json\/wp\/v2\/posts"}],"about":[{"href":"https:\/\/www.forum-soegel.de\/information\/wp-json\/wp\/v2\/types\/post"}],"author":[{"embeddable":true,"href":"https:\/\/www.forum-soegel.de\/information\/wp-json\/wp\/v2\/users\/2"}],"replies":[{"embeddable":true,"href":"https:\/\/www.forum-soegel.de\/information\/wp-json\/wp\/v2\/comments?post=3776"}],"version-history":[{"count":2,"href":"https:\/\/www.forum-soegel.de\/information\/wp-json\/wp\/v2\/posts\/3776\/revisions"}],"predecessor-version":[{"id":3977,"href":"https:\/\/www.forum-soegel.de\/information\/wp-json\/wp\/v2\/posts\/3776\/revisions\/3977"}],"wp:attachment":[{"href":"https:\/\/www.forum-soegel.de\/information\/wp-json\/wp\/v2\/media?parent=3776"}],"wp:term":[{"taxonomy":"category","embeddable":true,"href":"https:\/\/www.forum-soegel.de\/information\/wp-json\/wp\/v2\/categories?post=3776"},{"taxonomy":"post_tag","embeddable":true,"href":"https:\/\/www.forum-soegel.de\/information\/wp-json\/wp\/v2\/tags?post=3776"}],"curies":[{"name":"wp","href":"https:\/\/api.w.org\/{rel}","templated":true}]}}