{"id":3758,"date":"2010-12-01T00:04:48","date_gmt":"2010-11-30T23:04:48","guid":{"rendered":"https:\/\/www.forum-soegel.de\/information\/?p=3758"},"modified":"2010-11-27T20:59:23","modified_gmt":"2010-11-27T19:59:23","slug":"schuler-trafen-ex-nationalspieler-sigi-held","status":"publish","type":"post","link":"https:\/\/www.forum-soegel.de\/information\/2010\/12\/schuler-trafen-ex-nationalspieler-sigi-held\/","title":{"rendered":"Sch\u00fcler trafen Ex-Nationalspieler Sigi Held"},"content":{"rendered":"<p><span style=\"font-family: Arial, sans-serif; font-size: x-small;\">Sch\u00fcler der Klasse 7 L des H\u00fcmmling-Gymnasiums S\u00f6gel sowie eine B-Jugendm\u00e4dchenmannschaft des SV Sigiltra S\u00f6gel fuhren gemeinsam zum Spitzenspiel des Tabellenf\u00fchrers BVB \u2013 1. FC Hoffenheim.<\/span><\/p>\n<p><span style=\"font-family: Arial, sans-serif;\"><span style=\"font-size: x-small;\">Vor ausverkauftem Haus, 80720 Zuschauern, sahen sie ein abwechslungsreiches Spiel mit einem verschossenen Elfmeter und einem tollen Freisto\u00dftor. <\/span><\/span><\/p>\n<p><span style=\"font-family: Arial, sans-serif;\"><span style=\"font-size: x-small;\">Der Anblick der gr\u00f6\u00dften Stehtrib\u00fcne Deutschlands, etwa 25000 Fans, war schon \u00fcberw\u00e4ltigend. <\/span><\/span><\/p>\n<p><span style=\"font-family: Arial, sans-serif;\"><span style=\"font-size: x-small;\">Aber genauso einmalig war das Zusammentreffen vor dem Spiel mit dem ehemaligen Nationalspieler und Borussia Spieler Sigi Held. <\/span><\/span><\/p>\n<p><span style=\"font-family: Arial, sans-serif;\"><span style=\"font-size: x-small;\">Freundlich beantwortete unsere Fragen und es wurden tolle Erinnerungsfotos mit dem 45 fachen Nationalspieler gemacht. Unter anderem war er bei der WM 1966 in England sowie 1970 in Mexico dabei.<\/span><\/span><\/p>\n<p><span style=\"font-family: Arial, sans-serif;\"><span style=\"font-size: x-small;\">Alle Kinder erhielten als Erinnerung noch eine Autogrammkarte. Ein besonderen Dank geht an Petra Stueker die dieses Zusammentreffen organisiert hatte. Mit tollen Eindr\u00fccken und einem 1 : 1 ging es zur\u00fcck nach S\u00f6gel. <\/span><\/span><\/p>\n<p><span style=\"font-family: Arial, sans-serif;\"><span style=\"font-size: x-small;\"><a href=\"https:\/\/www.forum-soegel.de\/information\/wp-content\/uploads\/2010\/11\/Sch\u00fcler-trafen1.jpg\"><img loading=\"lazy\" decoding=\"async\" class=\"alignnone size-thumbnail wp-image-3759\" title=\"Sch\u00fcler trafen1\" src=\"https:\/\/www.forum-soegel.de\/information\/wp-content\/uploads\/2010\/11\/Sch\u00fcler-trafen1-150x150.jpg\" alt=\"\" width=\"150\" height=\"150\" \/><\/a> <a href=\"https:\/\/www.forum-soegel.de\/information\/wp-content\/uploads\/2010\/12\/Sch\u00fcler-trafen21.jpg\"><img loading=\"lazy\" decoding=\"async\" class=\"alignnone size-thumbnail wp-image-3763\" title=\"Sch\u00fcler trafen2\" src=\"https:\/\/www.forum-soegel.de\/information\/wp-content\/uploads\/2010\/12\/Sch\u00fcler-trafen21-150x150.jpg\" alt=\"\" width=\"150\" height=\"150\" \/><\/a><\/span><\/span><\/p>\n","protected":false},"excerpt":{"rendered":"Sch\u00fcler der Klasse 7 L des H\u00fcmmling-Gymnasiums S\u00f6gel sowie eine B-Jugendm\u00e4dchenmannschaft des SV Sigiltra S\u00f6gel fuhren gemeinsam zum Spitzenspiel des Tabellenf\u00fchrers BVB \u2013 1. FC Hoffenheim. Vor ausverkauftem Haus, 80720 Zuschauern, sahen sie ein abwechslungsreiches Spiel mit einem verschossenen Elfmeter und einem tollen Freisto\u00dftor. Der Anblick der gr\u00f6\u00dften Stehtrib\u00fcne Deutschlands, etwa 25000 Fans, war schon [&hellip;]\n","protected":false},"author":2,"featured_media":0,"comment_status":"closed","ping_status":"closed","sticky":false,"template":"","format":"standard","meta":{"ngg_post_thumbnail":0,"footnotes":""},"categories":[6],"tags":[],"class_list":["post-3758","post","type-post","status-publish","format-standard","hentry","category-aus-der-schule-geplaudert"],"_links":{"self":[{"href":"https:\/\/www.forum-soegel.de\/information\/wp-json\/wp\/v2\/posts\/3758","targetHints":{"allow":["GET"]}}],"collection":[{"href":"https:\/\/www.forum-soegel.de\/information\/wp-json\/wp\/v2\/posts"}],"about":[{"href":"https:\/\/www.forum-soegel.de\/information\/wp-json\/wp\/v2\/types\/post"}],"author":[{"embeddable":true,"href":"https:\/\/www.forum-soegel.de\/information\/wp-json\/wp\/v2\/users\/2"}],"replies":[{"embeddable":true,"href":"https:\/\/www.forum-soegel.de\/information\/wp-json\/wp\/v2\/comments?post=3758"}],"version-history":[{"count":5,"href":"https:\/\/www.forum-soegel.de\/information\/wp-json\/wp\/v2\/posts\/3758\/revisions"}],"predecessor-version":[{"id":3989,"href":"https:\/\/www.forum-soegel.de\/information\/wp-json\/wp\/v2\/posts\/3758\/revisions\/3989"}],"wp:attachment":[{"href":"https:\/\/www.forum-soegel.de\/information\/wp-json\/wp\/v2\/media?parent=3758"}],"wp:term":[{"taxonomy":"category","embeddable":true,"href":"https:\/\/www.forum-soegel.de\/information\/wp-json\/wp\/v2\/categories?post=3758"},{"taxonomy":"post_tag","embeddable":true,"href":"https:\/\/www.forum-soegel.de\/information\/wp-json\/wp\/v2\/tags?post=3758"}],"curies":[{"name":"wp","href":"https:\/\/api.w.org\/{rel}","templated":true}]}}