{"id":3752,"date":"2010-12-01T00:58:57","date_gmt":"2010-11-30T23:58:57","guid":{"rendered":"https:\/\/www.forum-soegel.de\/information\/?p=3752"},"modified":"2010-11-27T20:45:31","modified_gmt":"2010-11-27T19:45:31","slug":"sicherheitswesten-fur-schulanfanger-i-start-frei-fur-deutschlands-groste-schutz-aktion-initiative-von-adac-ein-herz-fur-kinder-und-deutscher-post","status":"publish","type":"post","link":"https:\/\/www.forum-soegel.de\/information\/2010\/12\/sicherheitswesten-fur-schulanfanger-i-start-frei-fur-deutschlands-groste-schutz-aktion-initiative-von-adac-ein-herz-fur-kinder-und-deutscher-post\/","title":{"rendered":"Sicherheitswesten f\u00fcr Schulanf\u00e4nger I"},"content":{"rendered":"<p><strong>\u00a0Start frei f\u00fcr Deutschlands gr\u00f6\u00dfte Schutz-Aktion Initiative von ADAC, &#8222;Ein Herz f\u00fcr Kinder&#8220; und Deutscher Post<\/strong><\/p>\n<p>\u201eAlle 17 Minuten wird auf Deutschlands Stra\u00dfen ein Kind unter 15 Jahren von einem Auto erfasst.\u201c Der Vorsitzende Volker Mattern des ADAC S\u00fcdbaden weiter: \u201eOft nur deshalb, weil es nicht oder zu sp\u00e4t gesehen wird!\u201c<\/p>\n<p>Die Stiftung &#8222;Gelber Engel&#8220; des ADAC, die BILD-Hilfsorganisation \u201eEin Herz f\u00fcr Kinder\u201c und die Deutsche Post AG haben daher beschlossen: So kann und darf es nicht weiter gehen! Heraus kam eine Aktion, die zweifelsohne als H\u00f6hepunkt in der bisherigen, jahrzehntelangen Verkehrssicherheitsarbeit des ADAC bezeichnet werden darf. Zum Schuljahresbeginn 2010\/11 bekommen alle Erstkl\u00e4ssler in Deutschland kostenlose, leuchtend bunte Sicherheitswesten. So auch die Sch\u00fcler an der Grundschule S\u00f6gel. Es wurden 75 solcher gelben Westen verteilt. Heiko K\u00fcnnen vom ADAC Pannendienst aus S\u00f6gel traf ebenfalls zum Fototermin ein. \u201eDie Aktion ist sehr unterst\u00fctzenswert\u201c, so K\u00fcnnen.<\/p>\n<p>Die Schirmherrschaft f\u00fcr das Projekt haben Bundesfamilienministerin Kristina Schr\u00f6der und der Pr\u00e4sident der Kultusministerkonferenz Ludwig Spaenle \u00fcbernommen.<br \/>\nUm die Verkehrssicherheit von Schulanf\u00e4ngern dar\u00fcber hinaus zu verbessern, sollten Eltern den Schulweg mit ihrem Nachwuchs \u00fcben. Gefordert sind aber auch die Autofahrer. Sie sollten stets ein waches Auge auf Kinder am Fahrbahnrand werfen und in der N\u00e4he von Schulen besonders vorsichtig fahren.<\/p>\n<p>\u201eWir wollen damit den Schulweg f\u00fcr die J\u00fcngsten sicherer machen!\u201c berichtet Volker Mattern. Der Vorsitzende des ADAC-S\u00fcdbaden: \u201eDenn gerade im Herbst verungl\u00fccken Kinder deutlich h\u00e4ufiger als im Sommer; deswegen m\u00fcssen sie fr\u00fcher gesehen werden!\u201c So d\u00fcrfen sich in S\u00fcdbaden fast 20.000 Erstkl\u00e4ssler an rund 520 Schulen \u00fcber die praktische, knallgelbe, coole Sicherheitsweste freuen.<\/p>\n<p>Text\/Foto: IC<\/p>\n<p><span style=\"font-family: Arial, sans-serif;\"><span style=\"font-size: xx-small;\"><a href=\"https:\/\/www.forum-soegel.de\/information\/wp-content\/uploads\/2010\/11\/GS-S\u00f6gel-ADAC-Westen.jpg\"><img loading=\"lazy\" decoding=\"async\" class=\"alignnone size-thumbnail wp-image-3753\" title=\"GS S\u00f6gel ADAC Westen\" src=\"https:\/\/www.forum-soegel.de\/information\/wp-content\/uploads\/2010\/11\/GS-S\u00f6gel-ADAC-Westen-150x150.jpg\" alt=\"\" width=\"150\" height=\"150\" \/><\/a><\/span><\/span><\/p>\n","protected":false},"excerpt":{"rendered":"\u00a0Start frei f\u00fcr Deutschlands gr\u00f6\u00dfte Schutz-Aktion Initiative von ADAC, &#8222;Ein Herz f\u00fcr Kinder&#8220; und Deutscher Post \u201eAlle 17 Minuten wird auf Deutschlands Stra\u00dfen ein Kind unter 15 Jahren von einem Auto erfasst.\u201c Der Vorsitzende Volker Mattern des ADAC S\u00fcdbaden weiter: \u201eOft nur deshalb, weil es nicht oder zu sp\u00e4t gesehen wird!\u201c Die Stiftung &#8222;Gelber Engel&#8220; [&hellip;]\n","protected":false},"author":2,"featured_media":0,"comment_status":"closed","ping_status":"closed","sticky":false,"template":"","format":"standard","meta":{"ngg_post_thumbnail":0,"footnotes":""},"categories":[6],"tags":[],"class_list":["post-3752","post","type-post","status-publish","format-standard","hentry","category-aus-der-schule-geplaudert"],"_links":{"self":[{"href":"https:\/\/www.forum-soegel.de\/information\/wp-json\/wp\/v2\/posts\/3752","targetHints":{"allow":["GET"]}}],"collection":[{"href":"https:\/\/www.forum-soegel.de\/information\/wp-json\/wp\/v2\/posts"}],"about":[{"href":"https:\/\/www.forum-soegel.de\/information\/wp-json\/wp\/v2\/types\/post"}],"author":[{"embeddable":true,"href":"https:\/\/www.forum-soegel.de\/information\/wp-json\/wp\/v2\/users\/2"}],"replies":[{"embeddable":true,"href":"https:\/\/www.forum-soegel.de\/information\/wp-json\/wp\/v2\/comments?post=3752"}],"version-history":[{"count":6,"href":"https:\/\/www.forum-soegel.de\/information\/wp-json\/wp\/v2\/posts\/3752\/revisions"}],"predecessor-version":[{"id":3966,"href":"https:\/\/www.forum-soegel.de\/information\/wp-json\/wp\/v2\/posts\/3752\/revisions\/3966"}],"wp:attachment":[{"href":"https:\/\/www.forum-soegel.de\/information\/wp-json\/wp\/v2\/media?parent=3752"}],"wp:term":[{"taxonomy":"category","embeddable":true,"href":"https:\/\/www.forum-soegel.de\/information\/wp-json\/wp\/v2\/categories?post=3752"},{"taxonomy":"post_tag","embeddable":true,"href":"https:\/\/www.forum-soegel.de\/information\/wp-json\/wp\/v2\/tags?post=3752"}],"curies":[{"name":"wp","href":"https:\/\/api.w.org\/{rel}","templated":true}]}}