{"id":3749,"date":"2010-12-01T00:55:37","date_gmt":"2010-11-30T23:55:37","guid":{"rendered":"https:\/\/www.forum-soegel.de\/information\/?p=3749"},"modified":"2010-11-27T21:05:49","modified_gmt":"2010-11-27T20:05:49","slug":"36-000-e-in-vier-4-jahren-erwirtschaftet-jahreshauptversammlung-des-vereins-%e2%80%9efreunde-und-forderung-der-schule-am-schloss%e2%80%9c-neuwahlen","status":"publish","type":"post","link":"https:\/\/www.forum-soegel.de\/information\/2010\/12\/36-000-e-in-vier-4-jahren-erwirtschaftet-jahreshauptversammlung-des-vereins-%e2%80%9efreunde-und-forderung-der-schule-am-schloss%e2%80%9c-neuwahlen\/","title":{"rendered":"36.000 \u20ac in vier 4 Jahren erwirtschaftet"},"content":{"rendered":"<p><span style=\"font-family: Arial, sans-serif;\"><span style=\"font-size: x-small;\"><strong>Jahreshauptversammlung des Vereins \u201eFreunde und F\u00f6rderung der Schule am Schloss\u201c &#8211; Neuwahlen &#8211;<\/strong><\/span><\/span><\/p>\n<p>Zur Jahreshauptversammlung mit Neuwahlen trafen sich am 27. Oktober 2010 die Mitglieder des F\u00f6rdervereins \u201eFreunde und F\u00f6rderer der Schule am Schloss e.V.\u201c<\/p>\n<p>Nachdem Frau Borchers das Protokoll der letzten Jahreshauptversammlung verlesen hatte, berichtete Vorsitzender Theo L\u00fcke ausf\u00fchrlich \u00fcber die Aktivit\u00e4ten des Vereins im letzten Jahr.<\/p>\n<p>Dabei erkl\u00e4rte er der Versammlung,\u00a0 dass dem Verein die Unterst\u00fctzung gemeinschaftlicher Aktivit\u00e4ten besonders wichtig sei. So habe es\u00a0 Zusch\u00fcsse zu Klassenfahrten, Projekten und kulturellen Ereignissen gegeben.<\/p>\n<p>Danach folgte der ausf\u00fchrliche\u00a0 Kassenbericht der Kassenwartin Katharina Vogel. Die Kassenpr\u00fcferin Sylke Geers best\u00e4tigte eine einwandfreie Kassenf\u00fchrung, so dass eine einstimmige Entlastung erfolgen konnte.<\/p>\n<p>Die Anerkennung der Vorstandsmitglieder kam in der einstimmigen Wiederwahl des<\/p>\n<p>1. Vorsitzenden Theo L\u00fcke und Stellvertreterin Monika Lammers zum Ausdruck. Ebenfalls in seinem Amt als Schriftf\u00fchrer wurde Berthold K\u00e4ser best\u00e4tigt. Neue stellvertretende Schriftf\u00fchrerin ist Annette Stemmer. Frau Vogel stellte ihr Amt als Kassenwartin zur Verf\u00fcgung, welches nun Frau Julia Jackst\u00e4dt nach einstimmiger Wahl \u00fcbernommen hat. Frau Vogel bleibt dem neuen Vorstand als stellvertretende Kassenwartin erhalten. Beisitzer sind: Schulleiter Lothar Schulz, Lehrer J\u00fcrgen Jansen, Herr Beckering, Frau Biesenbaum, Frau Christochowitz und Frau Borchers. Konrektorin Maria Lau ist Ersatz-Beisitzer.<\/p>\n<p>Vorsitzender Theo L\u00fcke berichtete weiter: \u201eEin weiteres Dauerprojekt des F\u00f6rdervereins ist das Deeskalationstraining sowie das Web-Training.\u201c<\/p>\n<p>Ob neue Computer f\u00fcr die AG`s oder Keyboards f\u00fcr den Musikunterricht , Geschirr f\u00fcr die K\u00fcche,<\/p>\n<p>Tischtennisplatten f\u00fcr die Pausenhalle oder B\u00fccher f\u00fcr die Bibliothek \u00a0&#8211;\u00a0 ohne den\u00a0 F\u00f6rderverein h\u00e4tte die Schule am Schloss\u00a0 vieles nicht umsetzen k\u00f6nnen.<\/p>\n<p>Insgesamt seien vom F\u00f6rderverein in den 4 Jahren seines Bestehens\u00a0 36.296,00 \u20ac erwirtschaftet und f\u00fcr die Schule am Schloss ausgegeben worden, erw\u00e4hnte\u00a0 Theo L\u00fcke stolz.\u00a0 Die wertvolle und vertrauensvolle Zusammenarbeit zwischen dem Verein und der Schule am Schloss werde derzeit von 128 Mitgliedern mitgetragen.\u00a0 Damit weitere Projekte verwirklicht werden k\u00f6nnten, sei der Verein auf weitere Spendengelder und Mitgliedsbeitr\u00e4ge\u00a0 angewiesen. Die\u00a0 n\u00e4chste Aktion sei die Unterst\u00fctzung bei der Neugestaltung des Schulhofes der Schule am Schloss mit einem Betrag von 2.000,00 \u20ac\u00a0 f\u00fcr die Bepflanzung.<\/p>\n<p>W\u00e4hrend der Versammlung wurden auch neue Antr\u00e4ge auf Bezuschussung gestellt und zwar f\u00fcr eine Musikanlage in der Au\u00dfenstelle der Schule am Schloss\u00a0 und f\u00fcr einen Flachbildschirm im neuen Aufenthaltsraum des Hauptgeb\u00e4udes.<\/p>\n<p>Schulleiter Lothar Schulz bedankte sich beim alten Vorstand\u00a0 f\u00fcr das gro\u00dfe Engagement im F\u00f6rderverein\u00a0 und w\u00fcnschte dem neuen Vorstand viel Erfolg bei seinen bevorstehenden Aufgaben.<\/p>\n<p>Text\/Foto: Gisela Arling<\/p>\n<div id=\"attachment_3996\" style=\"width: 310px\" class=\"wp-caption alignnone\"><a href=\"https:\/\/www.forum-soegel.de\/information\/wp-content\/uploads\/2010\/12\/F\u00f6rderverein-Neuwahlen.jpg\"><img loading=\"lazy\" decoding=\"async\" aria-describedby=\"caption-attachment-3996\" class=\"size-medium wp-image-3996\" title=\"F\u00f6rderverein Neuwahlen\" src=\"https:\/\/www.forum-soegel.de\/information\/wp-content\/uploads\/2010\/12\/F\u00f6rderverein-Neuwahlen-300x199.jpg\" alt=\"\" width=\"300\" height=\"199\" srcset=\"https:\/\/www.forum-soegel.de\/information\/wp-content\/uploads\/2010\/12\/F\u00f6rderverein-Neuwahlen-300x199.jpg 300w, https:\/\/www.forum-soegel.de\/information\/wp-content\/uploads\/2010\/12\/F\u00f6rderverein-Neuwahlen.jpg 640w\" sizes=\"auto, (max-width: 300px) 100vw, 300px\" \/><\/a><p id=\"caption-attachment-3996\" class=\"wp-caption-text\">Der neue Vorstand von links: A. Stemmer, K. Vogel, M. Lammers, Theo L\u00fcke, B. K\u00e4ser, H. Jackst\u00e4dt<\/p><\/div>\n","protected":false},"excerpt":{"rendered":"Jahreshauptversammlung des Vereins \u201eFreunde und F\u00f6rderung der Schule am Schloss\u201c &#8211; Neuwahlen &#8211; Zur Jahreshauptversammlung mit Neuwahlen trafen sich am 27. Oktober 2010 die Mitglieder des F\u00f6rdervereins \u201eFreunde und F\u00f6rderer der Schule am Schloss e.V.\u201c Nachdem Frau Borchers das Protokoll der letzten Jahreshauptversammlung verlesen hatte, berichtete Vorsitzender Theo L\u00fcke ausf\u00fchrlich \u00fcber die Aktivit\u00e4ten des Vereins [&hellip;]\n","protected":false},"author":2,"featured_media":0,"comment_status":"closed","ping_status":"closed","sticky":false,"template":"","format":"standard","meta":{"ngg_post_thumbnail":0,"footnotes":""},"categories":[6],"tags":[],"class_list":["post-3749","post","type-post","status-publish","format-standard","hentry","category-aus-der-schule-geplaudert"],"_links":{"self":[{"href":"https:\/\/www.forum-soegel.de\/information\/wp-json\/wp\/v2\/posts\/3749","targetHints":{"allow":["GET"]}}],"collection":[{"href":"https:\/\/www.forum-soegel.de\/information\/wp-json\/wp\/v2\/posts"}],"about":[{"href":"https:\/\/www.forum-soegel.de\/information\/wp-json\/wp\/v2\/types\/post"}],"author":[{"embeddable":true,"href":"https:\/\/www.forum-soegel.de\/information\/wp-json\/wp\/v2\/users\/2"}],"replies":[{"embeddable":true,"href":"https:\/\/www.forum-soegel.de\/information\/wp-json\/wp\/v2\/comments?post=3749"}],"version-history":[{"count":7,"href":"https:\/\/www.forum-soegel.de\/information\/wp-json\/wp\/v2\/posts\/3749\/revisions"}],"predecessor-version":[{"id":3992,"href":"https:\/\/www.forum-soegel.de\/information\/wp-json\/wp\/v2\/posts\/3749\/revisions\/3992"}],"wp:attachment":[{"href":"https:\/\/www.forum-soegel.de\/information\/wp-json\/wp\/v2\/media?parent=3749"}],"wp:term":[{"taxonomy":"category","embeddable":true,"href":"https:\/\/www.forum-soegel.de\/information\/wp-json\/wp\/v2\/categories?post=3749"},{"taxonomy":"post_tag","embeddable":true,"href":"https:\/\/www.forum-soegel.de\/information\/wp-json\/wp\/v2\/tags?post=3749"}],"curies":[{"name":"wp","href":"https:\/\/api.w.org\/{rel}","templated":true}]}}