{"id":3741,"date":"2010-12-01T00:47:30","date_gmt":"2010-11-30T23:47:30","guid":{"rendered":"https:\/\/www.forum-soegel.de\/information\/?p=3741"},"modified":"2010-11-27T21:11:23","modified_gmt":"2010-11-27T20:11:23","slug":"big-band-bosel-seit-1996-wintergast-in-der-aula-des-hummling-gymnasiums","status":"publish","type":"post","link":"https:\/\/www.forum-soegel.de\/information\/2010\/12\/big-band-bosel-seit-1996-wintergast-in-der-aula-des-hummling-gymnasiums\/","title":{"rendered":"Big Band B\u00f6sel seit 1996 Wintergast in der Aula des H\u00fcmmling-Gymnasiums"},"content":{"rendered":"<p>Die Big Band B\u00f6sel l\u00e4dt f\u00fcr den 15. Januar 2011 zum allj\u00e4hrlichen Gala-Abend in die Aula des H\u00fcmmling-Gymnasiums in S\u00f6gel ein. Karten gibt es ab der n\u00e4chsten Woche im Vorverkauf, unter anderem in den Back-Shops von City B\u00e4cker Abeln bei Netto und in Knippers Kohlenhof (Mein Holzofenb\u00e4cker).Das Erste Konzert der Big Band in S\u00f6gel war 1996 bei der Schlussziehung der Emsland-Sport-Tombola, bei der auch ein nagelneuer VW Polo als Hauptgewinn auf der B\u00fchne stand. Als diese begehrte Veranstaltung auf die Waldb\u00fchne Ahmsen verlegt wurde, handelte die Big Band und bot ein gesondertes Konzert in S\u00f6gel an.Seit 1998 k\u00f6nnen die vielen emsl\u00e4ndischen Musikfans der Big Band B\u00f6sel die aktuellen Melodien in einem Gala-Konzert verfolgen. Nat\u00fcrlich fehlen nicht die Glenn-Miller-Kompositionen und Arrangements von \u201eIn The Mood\u201c bis zur \u201eMoonlight Serenade\u201c, auch nicht die Udo-J\u00fcrgens- oder Abba-Melodien. Aktuelle Musikst\u00fccke, auch Gesangseinlagen, vervollst\u00e4ndigen das Programm.Erstmals in S\u00f6gel stellt sich mit Ralph Meyer aus Cloppenburg der neue Dirigent der Big Band vor. Bei den vier Weihnachts-Konzerten in Cloppenburg \u00fcbernimmt er den Taktstock von Oliver Thoben.Die Karten f\u00fcr den Gala-Abend in S\u00f6gel kosten 12,50 Euro. Ab n\u00e4chster Woche sind sie im\u00a0Verkauf, so dass sie sich auch als Weihnachtsgeschenk eignen.<\/p>\n<p><a href=\"https:\/\/www.forum-soegel.de\/information\/wp-content\/uploads\/2010\/11\/Big-Band-B\u00f6sel1.jpg\"><img loading=\"lazy\" decoding=\"async\" class=\"alignnone size-thumbnail wp-image-3743\" title=\"Big Band B\u00f6sel\" src=\"https:\/\/www.forum-soegel.de\/information\/wp-content\/uploads\/2010\/11\/Big-Band-B\u00f6sel1-150x150.jpg\" alt=\"\" width=\"150\" height=\"150\" \/><\/a> <a href=\"https:\/\/www.forum-soegel.de\/information\/wp-content\/uploads\/2010\/12\/Big-Band-B\u00f6sel-1.jpg\"><img loading=\"lazy\" decoding=\"async\" class=\"alignnone size-thumbnail wp-image-3745\" title=\"Big Band B\u00f6sel-1\" src=\"https:\/\/www.forum-soegel.de\/information\/wp-content\/uploads\/2010\/12\/Big-Band-B\u00f6sel-1-150x150.jpg\" alt=\"\" width=\"150\" height=\"150\" \/><\/a><\/p>\n","protected":false},"excerpt":{"rendered":"Die Big Band B\u00f6sel l\u00e4dt f\u00fcr den 15. Januar 2011 zum allj\u00e4hrlichen Gala-Abend in die Aula des H\u00fcmmling-Gymnasiums in S\u00f6gel ein. Karten gibt es ab der n\u00e4chsten Woche im Vorverkauf, unter anderem in den Back-Shops von City B\u00e4cker Abeln bei Netto und in Knippers Kohlenhof (Mein Holzofenb\u00e4cker).Das Erste Konzert der Big Band in S\u00f6gel war [&hellip;]\n","protected":false},"author":2,"featured_media":0,"comment_status":"closed","ping_status":"closed","sticky":false,"template":"","format":"standard","meta":{"ngg_post_thumbnail":0,"footnotes":""},"categories":[6],"tags":[],"class_list":["post-3741","post","type-post","status-publish","format-standard","hentry","category-aus-der-schule-geplaudert"],"_links":{"self":[{"href":"https:\/\/www.forum-soegel.de\/information\/wp-json\/wp\/v2\/posts\/3741","targetHints":{"allow":["GET"]}}],"collection":[{"href":"https:\/\/www.forum-soegel.de\/information\/wp-json\/wp\/v2\/posts"}],"about":[{"href":"https:\/\/www.forum-soegel.de\/information\/wp-json\/wp\/v2\/types\/post"}],"author":[{"embeddable":true,"href":"https:\/\/www.forum-soegel.de\/information\/wp-json\/wp\/v2\/users\/2"}],"replies":[{"embeddable":true,"href":"https:\/\/www.forum-soegel.de\/information\/wp-json\/wp\/v2\/comments?post=3741"}],"version-history":[{"count":4,"href":"https:\/\/www.forum-soegel.de\/information\/wp-json\/wp\/v2\/posts\/3741\/revisions"}],"predecessor-version":[{"id":4005,"href":"https:\/\/www.forum-soegel.de\/information\/wp-json\/wp\/v2\/posts\/3741\/revisions\/4005"}],"wp:attachment":[{"href":"https:\/\/www.forum-soegel.de\/information\/wp-json\/wp\/v2\/media?parent=3741"}],"wp:term":[{"taxonomy":"category","embeddable":true,"href":"https:\/\/www.forum-soegel.de\/information\/wp-json\/wp\/v2\/categories?post=3741"},{"taxonomy":"post_tag","embeddable":true,"href":"https:\/\/www.forum-soegel.de\/information\/wp-json\/wp\/v2\/tags?post=3741"}],"curies":[{"name":"wp","href":"https:\/\/api.w.org\/{rel}","templated":true}]}}