{"id":3735,"date":"2010-12-01T00:42:29","date_gmt":"2010-11-30T23:42:29","guid":{"rendered":"https:\/\/www.forum-soegel.de\/information\/?p=3735"},"modified":"2010-11-27T20:51:18","modified_gmt":"2010-11-27T19:51:18","slug":"adac-sicherheitswesten-fur-schulanfanger-ii","status":"publish","type":"post","link":"https:\/\/www.forum-soegel.de\/information\/2010\/12\/adac-sicherheitswesten-fur-schulanfanger-ii\/","title":{"rendered":"ADAC-Sicherheitswesten f\u00fcr Schulanf\u00e4nger II"},"content":{"rendered":"<p>Die Schulanf\u00e4nger der Grundschule St. Johannes in Spahnharrenst\u00e4tte werden in der dunklen Jahreszeit jetzt auf ihrem Schulweg noch besser und fr\u00fcher gesehen. Daf\u00fcr sorgen die Sicherheitswesten, die vom ADAC f\u00fcr jedes Kind der ersten Klasse gesponsert wurden. Die Schulleiterin, Frau Rode \u00fcbergab in Anwesenheit von Elternrat und Elternlotsen, sowie dem Vertreter der \u00f6rtlichen Polizeistation, Hermann Schmitz,\u00a0 die Westen an die Erstkl\u00e4ssler und lobte die Aktion, die den Schulweg der Kinder noch sicherer machen wird.<\/p>\n<p>Text\/Foto: Grundschule St. Johannes SPH<\/p>\n<p><a href=\"https:\/\/www.forum-soegel.de\/information\/wp-content\/uploads\/2010\/12\/ADAC-Schutzweste.jpg\"><img loading=\"lazy\" decoding=\"async\" class=\"alignnone size-medium wp-image-3973\" title=\"ADAC Schutzweste\" src=\"https:\/\/www.forum-soegel.de\/information\/wp-content\/uploads\/2010\/12\/ADAC-Schutzweste-300x225.jpg\" alt=\"\" width=\"300\" height=\"225\" srcset=\"https:\/\/www.forum-soegel.de\/information\/wp-content\/uploads\/2010\/12\/ADAC-Schutzweste-300x225.jpg 300w, https:\/\/www.forum-soegel.de\/information\/wp-content\/uploads\/2010\/12\/ADAC-Schutzweste.jpg 1024w\" sizes=\"auto, (max-width: 300px) 100vw, 300px\" \/><\/a><\/p>\n","protected":false},"excerpt":{"rendered":"Die Schulanf\u00e4nger der Grundschule St. Johannes in Spahnharrenst\u00e4tte werden in der dunklen Jahreszeit jetzt auf ihrem Schulweg noch besser und fr\u00fcher gesehen. Daf\u00fcr sorgen die Sicherheitswesten, die vom ADAC f\u00fcr jedes Kind der ersten Klasse gesponsert wurden. Die Schulleiterin, Frau Rode \u00fcbergab in Anwesenheit von Elternrat und Elternlotsen, sowie dem Vertreter der \u00f6rtlichen Polizeistation, Hermann [&hellip;]\n","protected":false},"author":2,"featured_media":0,"comment_status":"closed","ping_status":"closed","sticky":false,"template":"","format":"standard","meta":{"ngg_post_thumbnail":0,"footnotes":""},"categories":[6],"tags":[],"class_list":["post-3735","post","type-post","status-publish","format-standard","hentry","category-aus-der-schule-geplaudert"],"_links":{"self":[{"href":"https:\/\/www.forum-soegel.de\/information\/wp-json\/wp\/v2\/posts\/3735","targetHints":{"allow":["GET"]}}],"collection":[{"href":"https:\/\/www.forum-soegel.de\/information\/wp-json\/wp\/v2\/posts"}],"about":[{"href":"https:\/\/www.forum-soegel.de\/information\/wp-json\/wp\/v2\/types\/post"}],"author":[{"embeddable":true,"href":"https:\/\/www.forum-soegel.de\/information\/wp-json\/wp\/v2\/users\/2"}],"replies":[{"embeddable":true,"href":"https:\/\/www.forum-soegel.de\/information\/wp-json\/wp\/v2\/comments?post=3735"}],"version-history":[{"count":4,"href":"https:\/\/www.forum-soegel.de\/information\/wp-json\/wp\/v2\/posts\/3735\/revisions"}],"predecessor-version":[{"id":3972,"href":"https:\/\/www.forum-soegel.de\/information\/wp-json\/wp\/v2\/posts\/3735\/revisions\/3972"}],"wp:attachment":[{"href":"https:\/\/www.forum-soegel.de\/information\/wp-json\/wp\/v2\/media?parent=3735"}],"wp:term":[{"taxonomy":"category","embeddable":true,"href":"https:\/\/www.forum-soegel.de\/information\/wp-json\/wp\/v2\/categories?post=3735"},{"taxonomy":"post_tag","embeddable":true,"href":"https:\/\/www.forum-soegel.de\/information\/wp-json\/wp\/v2\/tags?post=3735"}],"curies":[{"name":"wp","href":"https:\/\/api.w.org\/{rel}","templated":true}]}}