{"id":36967,"date":"2024-06-03T17:38:36","date_gmt":"2024-06-03T15:38:36","guid":{"rendered":"https:\/\/www.forum-soegel.de\/information\/?p=36967"},"modified":"2024-06-03T17:38:36","modified_gmt":"2024-06-03T15:38:36","slug":"pater-edmund-wurde-vor-50-jahren-zum-priester-geweiht","status":"publish","type":"post","link":"https:\/\/www.forum-soegel.de\/information\/2024\/06\/pater-edmund-wurde-vor-50-jahren-zum-priester-geweiht\/","title":{"rendered":"Pater Edmund wurde vor 50 Jahren zum Priester geweiht"},"content":{"rendered":"\n<p><strong>Der Lebensweg des Jubilars<\/strong><\/p>\n\n\n\n<p>S\u00f6gel. Die Klosterkapelle auf Schloss Clemenswerth stand Ostern ganz im Zeichen des Goldenen Priesterjubil\u00e4ums von Pater Edmund Kesenheimer. Dar\u00fcber berichtete wir in unserer letzten Ausgabe. Wie angek\u00fcndigt beschreiben wir heute den Lebensweg des beliebten 77-j\u00e4hrigen Geistlichen, der ihn unter anderem in die Mission auf der indonesischen Insel Nias und zuletzt nach S\u00f6gel auf Schloss Clemenswerth f\u00fchrte.<\/p>\n\n\n\n<p>Pater Edmund stammt geb\u00fcrtig aus Sattelbach (Baden-W\u00fcrttemberg). Er wuchs in einer Arbeiterfamilie auf und besuchte das Alte Kurf\u00fcrstliches Gymnasium im hessischen Bensheim. Untergebracht war er im Internat des Kapuzinerordens. Hier habe er das Leben in der Ordensgemeinschaft kennen- und sch\u00e4tzengelernt. \u201eDie Kapuziner haben mich schon als junger Mann fasziniert, nicht nur des Glaubens wegen, sondern auch wegen ihrer Einfachheit und Schlichtheit\u201c, betonte Pater Edmund, der sich anschlie\u00dfend f\u00fcr das Leben im Orden entschied. Nach dem einj\u00e4hrigen Noviziat legte er die Profess (Ordensgel\u00fcbde) ab, studierte in M\u00fcnster Philosophie und Theologie und bereitete sich dann auf die Priesterweihe vor. Vor der Priesterweihe im Jahre 1974 habe er \u201evorsorglich\u201c noch ein Sportstudium abgeschlossen, um gegebenenfalls als Sportlehrer t\u00e4tig sein zu k\u00f6nnen. Kesenheimer war dann als junger Priester in der Jugendarbeit in der Di\u00f6zese M\u00fcnster und in der Schulmission t\u00e4tig. \u201eDas war eine interessante und bewegte Zeit, aber ich besch\u00e4ftigte mich schon zu der Zeit stark mit dem Gedanken, in die Mission zu gehen\u201c, erinnerte sich der Pater. Als ihm dann der Missionsprokurator best\u00e4tigte, \u201eder Richtige f\u00fcr die Missionsarbeit\u201c zu sein, war die Entscheidung schnell getroffen. Der damals 31-J\u00e4hrige erlernte 1977 die indonesische Sprache und war schlie\u00dflich bis 1982 auf der Insel Nias in der Di\u00f6zese Sibolga als Missionar t\u00e4tig. Die Arbeit habe ihm gut gefallen, und wie ein Blick ins Fotoalbum zeigte, war Pater Edmund gerne mit den Menschen&nbsp; auf der Insel zusammen.<\/p>\n\n\n\n<p>Wegen einer schweren Infektionskrankheit musste er seine Missionarst\u00e4tigkeit beendeten und lie\u00df sich dann im Clemenshospital in M\u00fcnster behandeln, wo er dann sp\u00e4ter auch als Krankenhausseelsorger t\u00e4tig war.&nbsp;Sein weiterer Lebensweg f\u00fchrte den Ordensmann 1993 dann zur\u00fcck heimatnah nach Reute\/Bad Waldsee, wo er als Seelsorger in einem Pflegeheim f\u00fcr Ordensschwestern wirkte.<\/p>\n\n\n\n<p>Im Jahre 2015 bot der Orden dem r\u00fchrigen Pater die Leitung und Betreuung des Kapuzinerklosters auf der Schlossanlage von Clemenswerth in S\u00f6gel an. Er habe dieses Angebot nach kurzer Bedenkzeit gerne angenommen. Nicht zuletzt auch deshalb, um den Erhalt des n\u00f6rdlichsten Klosters der Deutschen Kapuzinerprovinz \u201ezu stabilisieren\u201c, betonte Pater Edmund, der zusammen mit seinen Ordensbr\u00fcdern Romuald, Franz und Laurentius den im Jahr 1741 eingeweihten barocken Kapellenpavillon und das sich daran anschlie\u00dfende Kapuzinerkloster betreut und mit Leben erf\u00fcllt. Die vier Ordensm\u00e4nner freuen sich, in dem sch\u00f6nen Schlossumfeld leben und wirken zu k\u00f6nnen.<\/p>\n\n\n\n<p>Dass sie genug zu tun haben und trotz ihres fortgeschrittenen Alters noch viele Aufgaben wahrnehmen, macht \u201eihre T\u00e4tigkeitsliste\u201c deutlich.<\/p>\n\n\n\n<p>In der Klosterkapelle finden nicht nur die stets gut besuchten Sonntagsmessen statt, sondern auch Werktagsmessen. Aber auch Beicht- und Seelsorgegespr\u00e4che geh\u00f6ren ebenso dazu wie die Betreuung der St. Josef-Kapelle im S\u00f6geler Ortsteil Eisten. Dar\u00fcber hinaus sind die Patres aufgrund des akuten Priestermangels vertretungsweise in und um S\u00f6gel zur Unterst\u00fctzung der Pfarrgemeinden unterwegs, um Gottesdienst zu feiern, seelsorgerische Aufgaben wahrzunehmen und Sakramente wie zum Beispiel die Taufe, die Firmung, die Eheschlie\u00dfung und die Krankensalbung zu spenden. \u201eDie Clemenswerther Patres helfen uns sehr, unsere Aufgaben zu erf\u00fcllen. Dar\u00fcber freuen wir uns und sind sehr dankbar\u201c, lobte Pfarrer J\u00fcrgen Krallmann als Leiter der H\u00fcmmlinger Pfarreiengemeinschaft das Engagement der Ordensleute. Nicht nur die Kapellenbesucher kennen den Jubilar als einen stets gut gelaunten und zuversichtlichen geselligen Geistlichen, der auf die Menschen zugeht und gerne unter ihnen ist.<\/p>\n\n\n\n<p>Text\/Fotos und Repros: Lambert Brand<\/p>\n\n\n\n<figure class=\"wp-block-image size-large\"><img loading=\"lazy\" decoding=\"async\" width=\"1024\" height=\"768\" src=\"https:\/\/www.forum-soegel.de\/information\/wp-content\/uploads\/2024\/06\/Jubila\u2560eum-Edmund-Patres-1-1024x768.jpeg\" alt=\"\" class=\"wp-image-36968\" srcset=\"https:\/\/www.forum-soegel.de\/information\/wp-content\/uploads\/2024\/06\/Jubila\u2560eum-Edmund-Patres-1-1024x768.jpeg 1024w, https:\/\/www.forum-soegel.de\/information\/wp-content\/uploads\/2024\/06\/Jubila\u2560eum-Edmund-Patres-1-300x225.jpeg 300w, https:\/\/www.forum-soegel.de\/information\/wp-content\/uploads\/2024\/06\/Jubila\u2560eum-Edmund-Patres-1-768x576.jpeg 768w, https:\/\/www.forum-soegel.de\/information\/wp-content\/uploads\/2024\/06\/Jubila\u2560eum-Edmund-Patres-1.jpeg 1280w\" sizes=\"auto, (max-width: 1024px) 100vw, 1024px\" \/><\/figure>\n\n\n\n<p>Sie betreuen gemeinsam die Klosterkapelle und erf\u00fcllen zahlreiche Aufgaben in den Pfarrgemeinden rund um S\u00f6gel: Die Clemenswerther Patres Franz, Edmund, Laurentius und Romuald (von links).<\/p>\n\n\n\n<figure class=\"wp-block-image size-large\"><img loading=\"lazy\" decoding=\"async\" width=\"704\" height=\"1024\" src=\"https:\/\/www.forum-soegel.de\/information\/wp-content\/uploads\/2024\/06\/Jubila\u2560eum-Edmund-Priesterweihe-Edmund-1-2-704x1024.jpeg\" alt=\"\" class=\"wp-image-36969\" srcset=\"https:\/\/www.forum-soegel.de\/information\/wp-content\/uploads\/2024\/06\/Jubila\u2560eum-Edmund-Priesterweihe-Edmund-1-2-704x1024.jpeg 704w, https:\/\/www.forum-soegel.de\/information\/wp-content\/uploads\/2024\/06\/Jubila\u2560eum-Edmund-Priesterweihe-Edmund-1-2-206x300.jpeg 206w, https:\/\/www.forum-soegel.de\/information\/wp-content\/uploads\/2024\/06\/Jubila\u2560eum-Edmund-Priesterweihe-Edmund-1-2-768x1117.jpeg 768w, https:\/\/www.forum-soegel.de\/information\/wp-content\/uploads\/2024\/06\/Jubila\u2560eum-Edmund-Priesterweihe-Edmund-1-2.jpeg 880w\" sizes=\"auto, (max-width: 704px) 100vw, 704px\" \/><\/figure>\n\n\n\n<p>Priesterweihe im Jahre 1974. Unser Foto zeigt Pater Edmund Kesenheimer vorne rechts zusammen mit dem Bischof Volk und einem weiteren Weihekandidaten.<\/p>\n\n\n\n<figure class=\"wp-block-image size-large\"><img loading=\"lazy\" decoding=\"async\" width=\"1024\" height=\"720\" src=\"https:\/\/www.forum-soegel.de\/information\/wp-content\/uploads\/2024\/06\/Jubila\u2560eum-Edmund-in-Indonesien-1-1024x720.jpeg\" alt=\"\" class=\"wp-image-36970\" srcset=\"https:\/\/www.forum-soegel.de\/information\/wp-content\/uploads\/2024\/06\/Jubila\u2560eum-Edmund-in-Indonesien-1-1024x720.jpeg 1024w, https:\/\/www.forum-soegel.de\/information\/wp-content\/uploads\/2024\/06\/Jubila\u2560eum-Edmund-in-Indonesien-1-300x211.jpeg 300w, https:\/\/www.forum-soegel.de\/information\/wp-content\/uploads\/2024\/06\/Jubila\u2560eum-Edmund-in-Indonesien-1-768x540.jpeg 768w, https:\/\/www.forum-soegel.de\/information\/wp-content\/uploads\/2024\/06\/Jubila\u2560eum-Edmund-in-Indonesien-1.jpeg 1280w\" sizes=\"auto, (max-width: 1024px) 100vw, 1024px\" \/><\/figure>\n\n\n\n<p>Gerne erinnert sich der Jubilar (vorne 2.v.r.) an seine Zeit als Missionar in Indonesien, wie Impressionen aus seinem Fotoalbum zeigen.<\/p>\n","protected":false},"excerpt":{"rendered":"Der Lebensweg des Jubilars S\u00f6gel. Die Klosterkapelle auf Schloss Clemenswerth stand Ostern ganz im Zeichen des Goldenen Priesterjubil\u00e4ums von Pater Edmund Kesenheimer. Dar\u00fcber berichtete wir in unserer letzten Ausgabe. Wie angek\u00fcndigt beschreiben wir heute den Lebensweg des beliebten 77-j\u00e4hrigen Geistlichen, der ihn unter anderem in die Mission auf der indonesischen Insel Nias und zuletzt nach [&hellip;]\n","protected":false},"author":2,"featured_media":0,"comment_status":"closed","ping_status":"closed","sticky":false,"template":"","format":"standard","meta":{"ngg_post_thumbnail":0,"footnotes":""},"categories":[868],"tags":[],"class_list":["post-36967","post","type-post","status-publish","format-standard","hentry","category-zwischen-himmel-und-erde"],"_links":{"self":[{"href":"https:\/\/www.forum-soegel.de\/information\/wp-json\/wp\/v2\/posts\/36967","targetHints":{"allow":["GET"]}}],"collection":[{"href":"https:\/\/www.forum-soegel.de\/information\/wp-json\/wp\/v2\/posts"}],"about":[{"href":"https:\/\/www.forum-soegel.de\/information\/wp-json\/wp\/v2\/types\/post"}],"author":[{"embeddable":true,"href":"https:\/\/www.forum-soegel.de\/information\/wp-json\/wp\/v2\/users\/2"}],"replies":[{"embeddable":true,"href":"https:\/\/www.forum-soegel.de\/information\/wp-json\/wp\/v2\/comments?post=36967"}],"version-history":[{"count":1,"href":"https:\/\/www.forum-soegel.de\/information\/wp-json\/wp\/v2\/posts\/36967\/revisions"}],"predecessor-version":[{"id":36971,"href":"https:\/\/www.forum-soegel.de\/information\/wp-json\/wp\/v2\/posts\/36967\/revisions\/36971"}],"wp:attachment":[{"href":"https:\/\/www.forum-soegel.de\/information\/wp-json\/wp\/v2\/media?parent=36967"}],"wp:term":[{"taxonomy":"category","embeddable":true,"href":"https:\/\/www.forum-soegel.de\/information\/wp-json\/wp\/v2\/categories?post=36967"},{"taxonomy":"post_tag","embeddable":true,"href":"https:\/\/www.forum-soegel.de\/information\/wp-json\/wp\/v2\/tags?post=36967"}],"curies":[{"name":"wp","href":"https:\/\/api.w.org\/{rel}","templated":true}]}}