{"id":3681,"date":"2010-11-01T00:27:16","date_gmt":"2010-10-31T22:27:16","guid":{"rendered":"https:\/\/www.forum-soegel.de\/information\/?p=3681"},"modified":"2010-10-30T21:30:26","modified_gmt":"2010-10-30T19:30:26","slug":"schuler-veranstalten-festliches-theaterspektakel-auf-dem-schlossplatz","status":"publish","type":"post","link":"https:\/\/www.forum-soegel.de\/information\/2010\/11\/schuler-veranstalten-festliches-theaterspektakel-auf-dem-schlossplatz\/","title":{"rendered":"Sch\u00fcler veranstalten festliches Theaterspektakel auf dem Schlossplatz"},"content":{"rendered":"<p>Zu Theaterspiel mit anschlie\u00dfendem Beisammensein an einer f\u00fcrstlich gedeckten Tafel haben die 115 Sch\u00fcler der Erich-K\u00e4stner-Schule S\u00f6gel ihre Eltern am Donnerstag, den 07.Oktober, eingeladen. Das Fest war das Ergebnis eines dreit\u00e4gigen Projektes, welches in Kooperation mit dem Emslandmuseum Schloss Clemenswerth durchgef\u00fchrt wurde.<\/p>\n<p>Nur zwei Tage hatten die Sch\u00fcler gemeinsam mit den 19 Lehrern und den Museumsp\u00e4dagoginnen f\u00fcr die Vorbereitung des Theaterspektakels Zeit. In Gruppen, gestaffelt nach Klassenstufen, haben die M\u00e4dchen und Jungen sowie Jugendlichen diese Aufgabe mit Bravour gemeistert. Chors\u00e4nger und Schauspieler waren die Sch\u00fcler der Klassen 1 bis 5, die bereits einige Wochen vorher mit dem Ein\u00fcben der Lieder und Texte begonnen haben. Hinter den Kulissen waren die Klassen 6 bis 7 f\u00fcr die Requisiten und Masken verantwortlich und die Klassen 8 bis 9 k\u00fcmmerten sich um die Einladungskarten sowie die Bewirtung der G\u00e4ste.<\/p>\n<p>Die Erich-K\u00e4stner-Schule sowie das Emslandmuseum Schloss Clemenswerth sind sich sicher, die Zusammenarbeit nicht einmalig sein zu lassen. Eine l\u00e4ngerfristige Kooperation in Form eines Vertrages ist bereits in Planung. Die Begeisterung der Sch\u00fcler w\u00e4hrend der drei Tage und die sehr gute Zusammenarbeit zwischen Lehrern und den Museumsmitarbeitern best\u00e4rken diesen Schritt.<\/p>\n<p>Text\/Foto: Ramona Krons<\/p>\n<p><a href=\"https:\/\/www.forum-soegel.de\/information\/wp-content\/uploads\/2010\/10\/pm-projekttage.jpg\"><img loading=\"lazy\" decoding=\"async\" class=\"alignnone size-medium wp-image-3682\" title=\"pm projekttage\" src=\"https:\/\/www.forum-soegel.de\/information\/wp-content\/uploads\/2010\/10\/pm-projekttage-300x225.jpg\" alt=\"\" width=\"300\" height=\"225\" srcset=\"https:\/\/www.forum-soegel.de\/information\/wp-content\/uploads\/2010\/10\/pm-projekttage-300x225.jpg 300w, https:\/\/www.forum-soegel.de\/information\/wp-content\/uploads\/2010\/10\/pm-projekttage.jpg 1024w\" sizes=\"auto, (max-width: 300px) 100vw, 300px\" \/><\/a><\/p>\n","protected":false},"excerpt":{"rendered":"Zu Theaterspiel mit anschlie\u00dfendem Beisammensein an einer f\u00fcrstlich gedeckten Tafel haben die 115 Sch\u00fcler der Erich-K\u00e4stner-Schule S\u00f6gel ihre Eltern am Donnerstag, den 07.Oktober, eingeladen. Das Fest war das Ergebnis eines dreit\u00e4gigen Projektes, welches in Kooperation mit dem Emslandmuseum Schloss Clemenswerth durchgef\u00fchrt wurde. Nur zwei Tage hatten die Sch\u00fcler gemeinsam mit den 19 Lehrern und den [&hellip;]\n","protected":false},"author":2,"featured_media":0,"comment_status":"closed","ping_status":"closed","sticky":false,"template":"","format":"standard","meta":{"ngg_post_thumbnail":0,"footnotes":""},"categories":[6],"tags":[369,509],"class_list":["post-3681","post","type-post","status-publish","format-standard","hentry","category-aus-der-schule-geplaudert","tag-erich-kastner-schule","tag-theater"],"_links":{"self":[{"href":"https:\/\/www.forum-soegel.de\/information\/wp-json\/wp\/v2\/posts\/3681","targetHints":{"allow":["GET"]}}],"collection":[{"href":"https:\/\/www.forum-soegel.de\/information\/wp-json\/wp\/v2\/posts"}],"about":[{"href":"https:\/\/www.forum-soegel.de\/information\/wp-json\/wp\/v2\/types\/post"}],"author":[{"embeddable":true,"href":"https:\/\/www.forum-soegel.de\/information\/wp-json\/wp\/v2\/users\/2"}],"replies":[{"embeddable":true,"href":"https:\/\/www.forum-soegel.de\/information\/wp-json\/wp\/v2\/comments?post=3681"}],"version-history":[{"count":1,"href":"https:\/\/www.forum-soegel.de\/information\/wp-json\/wp\/v2\/posts\/3681\/revisions"}],"predecessor-version":[{"id":3683,"href":"https:\/\/www.forum-soegel.de\/information\/wp-json\/wp\/v2\/posts\/3681\/revisions\/3683"}],"wp:attachment":[{"href":"https:\/\/www.forum-soegel.de\/information\/wp-json\/wp\/v2\/media?parent=3681"}],"wp:term":[{"taxonomy":"category","embeddable":true,"href":"https:\/\/www.forum-soegel.de\/information\/wp-json\/wp\/v2\/categories?post=3681"},{"taxonomy":"post_tag","embeddable":true,"href":"https:\/\/www.forum-soegel.de\/information\/wp-json\/wp\/v2\/tags?post=3681"}],"curies":[{"name":"wp","href":"https:\/\/api.w.org\/{rel}","templated":true}]}}