{"id":3663,"date":"2010-11-01T00:01:12","date_gmt":"2010-10-31T22:01:12","guid":{"rendered":"https:\/\/www.forum-soegel.de\/information\/?p=3663"},"modified":"2010-10-30T21:07:03","modified_gmt":"2010-10-30T19:07:03","slug":"kommersabend-zum-25jahrigen-bestehen-der-schutzenkapelle","status":"publish","type":"post","link":"https:\/\/www.forum-soegel.de\/information\/2010\/11\/kommersabend-zum-25jahrigen-bestehen-der-schutzenkapelle\/","title":{"rendered":"Kommersabend zum 25j\u00e4hrigen Bestehen der Sch\u00fctzenkapelle"},"content":{"rendered":"<p>Am 15. Oktober feierte die Sch\u00fctzenkapelle im Rahmen eines Kommersabends ihr 25j\u00e4hriges Bestehen. Der Kommersabend wurde von der Sch\u00fctzenkapelle mit einigen Musikst\u00fccken umrahmt.<br \/>\nDer Vorsitzende Bernd Deters begr\u00fc\u00dfte in L\u00fcns Hus die zahlreich erschienenen G\u00e4ste und Freunde der Sch\u00fctzenkapelle. Darunter die Mitglieder des F\u00f6rdervereins, die seit Gr\u00fcndung die Kapelle finanziell unterst\u00fctzen. Weiterhin begr\u00fc\u00dfte er den Sch\u00fctzenverein, die ehemaligen Mitglieder, den Ehrenvorsitzenden Hans Roosmann, den Ehrendirgenten Werner R\u00fcdebusch, die ehemaligen Dirigenten Josef Domnik und Johannes Siemer, die Vertreter der Gemeinde und der Samtgemeinde sowie Pastor Bernd Horstmann.<\/p>\n<p>Er umriss noch einmal kurz den Ablauf der bisherigen Jubil\u00e4umsaktivit\u00e4ten<\/p>\n<p>Danach wurde den G\u00e4sten die Gelegenheit geboten, Gru\u00dfworte zu entrichten.<\/p>\n<p>Pastor Horstmann begann mit den Worten: \u201eWas macht ein Dorf attraktiv?\u201c.\u00a0 Neben einem Lebensmittelmarkt, Kindergarten und Schule ist dies, laut einer Studie, das musikalische Angebot einer Gemeinde.<br \/>\nDie Vertreter des F\u00f6rdervereins Josef T\u00e4lkers und Hermann P\u00fclsken \u00fcbergaben einen Scheck in H\u00f6he von 1.100 \u20ac. Sie haben in den letzten Wochen diesen Betrag von den F\u00f6rderkreismitgliedern gesammelt und damit die Finanzierung von dringend ben\u00f6tigten Regenjacken f\u00fcr die Sch\u00fctzenkapelle etwas erleichtert<\/p>\n<p>Der Chor \u201eIm Takt\u201c trug als besondere Gratulation ein selbst getextetes Lied vor.<br \/>\nAnschlie\u00dfend wurden Ehrungen vorgenommen. Dabei wurden einige Mitglieder der Sch\u00fctzenkapelle durch Bernd Deters, dem Nieders\u00e4chsischen Musikverband und dem Regionalmusikverband Emsland-Grafschaft Bentheim ausgezeichnet<br \/>\nF\u00fcr 25j\u00e4hrige Mitgliedschaft wurden geehrt:<br \/>\nBurkhard Becker, Ursula Deters, Holger Kuper, Thomas G\u00e4ken, Melanie Stevens, Heiner Kr\u00f6ger und Hans-J\u00fcrgen Ficker.<br \/>\nZum Schluss bedankte sich Bernd Deters und lud alle zum Musikerball am n\u00e4chsten Abend (16.Okt.) in L\u00fcns Hus ein. Mit dem Musikerball enden dann die Feierlichkeiten zum Jubil\u00e4um.<br \/>\nDie Sch\u00fctzenkapelle bedankte sich bei Bernd Deters f\u00fcr seine souver\u00e4ne Moderation mit einem musikalischen Dankesch\u00f6n.<\/p>\n<p>Text\/Foto: WR\/Vereine-Spahnharrenst\u00e4tte<\/p>\n<p><a href=\"https:\/\/www.forum-soegel.de\/information\/wp-content\/uploads\/2010\/10\/Kommersabend_sks-002.jpg\"><img loading=\"lazy\" decoding=\"async\" class=\"alignnone size-medium wp-image-3664\" title=\"Kommersabend_sks 002\" src=\"https:\/\/www.forum-soegel.de\/information\/wp-content\/uploads\/2010\/10\/Kommersabend_sks-002-300x225.jpg\" alt=\"\" width=\"300\" height=\"225\" srcset=\"https:\/\/www.forum-soegel.de\/information\/wp-content\/uploads\/2010\/10\/Kommersabend_sks-002-300x225.jpg 300w, https:\/\/www.forum-soegel.de\/information\/wp-content\/uploads\/2010\/10\/Kommersabend_sks-002.jpg 1024w\" sizes=\"auto, (max-width: 300px) 100vw, 300px\" \/><\/a><\/p>\n","protected":false},"excerpt":{"rendered":"Am 15. Oktober feierte die Sch\u00fctzenkapelle im Rahmen eines Kommersabends ihr 25j\u00e4hriges Bestehen. Der Kommersabend wurde von der Sch\u00fctzenkapelle mit einigen Musikst\u00fccken umrahmt. Der Vorsitzende Bernd Deters begr\u00fc\u00dfte in L\u00fcns Hus die zahlreich erschienenen G\u00e4ste und Freunde der Sch\u00fctzenkapelle. Darunter die Mitglieder des F\u00f6rdervereins, die seit Gr\u00fcndung die Kapelle finanziell unterst\u00fctzen. Weiterhin begr\u00fc\u00dfte er den [&hellip;]\n","protected":false},"author":2,"featured_media":0,"comment_status":"closed","ping_status":"closed","sticky":false,"template":"","format":"standard","meta":{"ngg_post_thumbnail":0,"footnotes":""},"categories":[5],"tags":[506,49],"class_list":["post-3663","post","type-post","status-publish","format-standard","hentry","category-was-machen-die-vereine","tag-kommersabend","tag-schutzenkapelle-st-johannes"],"_links":{"self":[{"href":"https:\/\/www.forum-soegel.de\/information\/wp-json\/wp\/v2\/posts\/3663","targetHints":{"allow":["GET"]}}],"collection":[{"href":"https:\/\/www.forum-soegel.de\/information\/wp-json\/wp\/v2\/posts"}],"about":[{"href":"https:\/\/www.forum-soegel.de\/information\/wp-json\/wp\/v2\/types\/post"}],"author":[{"embeddable":true,"href":"https:\/\/www.forum-soegel.de\/information\/wp-json\/wp\/v2\/users\/2"}],"replies":[{"embeddable":true,"href":"https:\/\/www.forum-soegel.de\/information\/wp-json\/wp\/v2\/comments?post=3663"}],"version-history":[{"count":1,"href":"https:\/\/www.forum-soegel.de\/information\/wp-json\/wp\/v2\/posts\/3663\/revisions"}],"predecessor-version":[{"id":3665,"href":"https:\/\/www.forum-soegel.de\/information\/wp-json\/wp\/v2\/posts\/3663\/revisions\/3665"}],"wp:attachment":[{"href":"https:\/\/www.forum-soegel.de\/information\/wp-json\/wp\/v2\/media?parent=3663"}],"wp:term":[{"taxonomy":"category","embeddable":true,"href":"https:\/\/www.forum-soegel.de\/information\/wp-json\/wp\/v2\/categories?post=3663"},{"taxonomy":"post_tag","embeddable":true,"href":"https:\/\/www.forum-soegel.de\/information\/wp-json\/wp\/v2\/tags?post=3663"}],"curies":[{"name":"wp","href":"https:\/\/api.w.org\/{rel}","templated":true}]}}