{"id":36578,"date":"2024-03-16T16:31:44","date_gmt":"2024-03-16T15:31:44","guid":{"rendered":"https:\/\/www.forum-soegel.de\/information\/?p=36578"},"modified":"2024-03-16T16:31:44","modified_gmt":"2024-03-16T15:31:44","slug":"polizeimeldungen-23","status":"publish","type":"post","link":"https:\/\/www.forum-soegel.de\/information\/2024\/03\/polizeimeldungen-23\/","title":{"rendered":"Polizeimeldungen"},"content":{"rendered":"\n<p><strong>S\u00f6gel \u2013 Unfallflucht<\/strong><\/p>\n\n\n\n<p>Am Montag, 05.02.2024, in der Zeit von 07:15 Uhr bis 16:15 Uhr kam es in der M\u00fchlenstra\u00dfe auf dem Parkplatz des Krankenhauses zu einem Verkehrsunfall.<\/p>\n\n\n\n<p>Ein bislang unbekannter Verkehrsteilnehmer besch\u00e4digt mit seinem Fahrzeug vermutlich beim Ein- oder Ausparken einen abgestellten Fiat 500. Anschlie\u00dfend setzte er seine Fahrt fort, ohne sich um den entstandenen Schaden zu k\u00fcmmern.<\/p>\n\n\n\n<p>Zeugen werden gebeten sich bei der Polizei in S\u00f6gel unter der Rufnummer 05952 &#8211; 93450 zu melden.<\/p>\n\n\n\n<p><strong>Klein Ber\u00dfen \u2013 Polizei stoppt betrunkenen Sattelzugfahrer<\/strong><\/p>\n\n\n\n<p>Am Montag, 12.02.2024, 10:40 Uhr, stoppte die Polizei S\u00f6gel in Klein Ber\u00dfen auf der Apeldorner Stra\u00dfe einen Sattelzug, dessen Fahrer zuvor die Vorfahrt eines anderen Fahrzeuges mi\u00dfachtet hatte. Im Zuge der Kontrolle wurde Alkoholgeruch bei dem 42-j\u00e4hrigen Fahrer festgestellt. Ein entsprechender Atemalkoholtest ergab einen Wert von 2,69 Promille. Eine Blutprobe im Krankenhaus S\u00f6gel war die Folge. Der F\u00fchrerschein wurde sichergestellt.<\/p>\n\n\n\n<p>Anschlie\u00dfend wurde der Fahrer in Gewahrsam genommen. Des Weiteren wurde eine Sicherheitsleistung von 1000 Euro durch die Staatsanwaltschaft Osnabr\u00fcck verf\u00fcgt.<\/p>\n\n\n\n<p>Zusammengestellt von Gerd Rode<\/p>\n","protected":false},"excerpt":{"rendered":"S\u00f6gel \u2013 Unfallflucht Am Montag, 05.02.2024, in der Zeit von 07:15 Uhr bis 16:15 Uhr kam es in der M\u00fchlenstra\u00dfe auf dem Parkplatz des Krankenhauses zu einem Verkehrsunfall. Ein bislang unbekannter Verkehrsteilnehmer besch\u00e4digt mit seinem Fahrzeug vermutlich beim Ein- oder Ausparken einen abgestellten Fiat 500. Anschlie\u00dfend setzte er seine Fahrt fort, ohne sich um den [&hellip;]\n","protected":false},"author":2,"featured_media":0,"comment_status":"closed","ping_status":"closed","sticky":false,"template":"","format":"standard","meta":{"ngg_post_thumbnail":0,"footnotes":""},"categories":[931],"tags":[],"class_list":["post-36578","post","type-post","status-publish","format-standard","hentry","category-blaulichtreport"],"_links":{"self":[{"href":"https:\/\/www.forum-soegel.de\/information\/wp-json\/wp\/v2\/posts\/36578","targetHints":{"allow":["GET"]}}],"collection":[{"href":"https:\/\/www.forum-soegel.de\/information\/wp-json\/wp\/v2\/posts"}],"about":[{"href":"https:\/\/www.forum-soegel.de\/information\/wp-json\/wp\/v2\/types\/post"}],"author":[{"embeddable":true,"href":"https:\/\/www.forum-soegel.de\/information\/wp-json\/wp\/v2\/users\/2"}],"replies":[{"embeddable":true,"href":"https:\/\/www.forum-soegel.de\/information\/wp-json\/wp\/v2\/comments?post=36578"}],"version-history":[{"count":1,"href":"https:\/\/www.forum-soegel.de\/information\/wp-json\/wp\/v2\/posts\/36578\/revisions"}],"predecessor-version":[{"id":36579,"href":"https:\/\/www.forum-soegel.de\/information\/wp-json\/wp\/v2\/posts\/36578\/revisions\/36579"}],"wp:attachment":[{"href":"https:\/\/www.forum-soegel.de\/information\/wp-json\/wp\/v2\/media?parent=36578"}],"wp:term":[{"taxonomy":"category","embeddable":true,"href":"https:\/\/www.forum-soegel.de\/information\/wp-json\/wp\/v2\/categories?post=36578"},{"taxonomy":"post_tag","embeddable":true,"href":"https:\/\/www.forum-soegel.de\/information\/wp-json\/wp\/v2\/tags?post=36578"}],"curies":[{"name":"wp","href":"https:\/\/api.w.org\/{rel}","templated":true}]}}