{"id":36542,"date":"2024-03-16T16:16:21","date_gmt":"2024-03-16T15:16:21","guid":{"rendered":"https:\/\/www.forum-soegel.de\/information\/?p=36542"},"modified":"2024-03-16T16:16:40","modified_gmt":"2024-03-16T15:16:40","slug":"vortrag-ueber-palliativ-und-hospiz-beim-neujahrstreffen-des-sovd-ortsverbandes-soegel","status":"publish","type":"post","link":"https:\/\/www.forum-soegel.de\/information\/2024\/03\/vortrag-ueber-palliativ-und-hospiz-beim-neujahrstreffen-des-sovd-ortsverbandes-soegel\/","title":{"rendered":"Vortrag \u00fcber Palliativ und Hospiz beim Neujahrstreffen des SoVD-Ortsverbandes S\u00f6gel"},"content":{"rendered":"\n<p>Beim diesj\u00e4hrigen Neujahrstreffen des Sozialverbandes (SoVD) Ortsverband S\u00f6gel im Hotel Wobus begr\u00fc\u00dfte der Vorsitzende Gerhard Gerdes neben den Mitgliedern auch Ilona Konkjen (Koordinatorin der ambulanten Palliativversorgung im Emsland) sowie Stefanie Olliges (Koordinatorin des S\u00f6geler Hospiz e.V.)<\/p>\n\n\n<div class=\"wp-block-image\">\n<figure class=\"alignright size-large is-resized\"><a href=\"https:\/\/www.forum-soegel.de\/information\/wp-content\/uploads\/2024\/03\/Vortrag-Hospiz-u.-Palliativ-2-2.jpg\"><img loading=\"lazy\" decoding=\"async\" width=\"1024\" height=\"768\" src=\"https:\/\/www.forum-soegel.de\/information\/wp-content\/uploads\/2024\/03\/Vortrag-Hospiz-u.-Palliativ-2-2-1024x768.jpg\" alt=\"\" class=\"wp-image-36544\" style=\"width:240px;height:auto\" srcset=\"https:\/\/www.forum-soegel.de\/information\/wp-content\/uploads\/2024\/03\/Vortrag-Hospiz-u.-Palliativ-2-2-1024x768.jpg 1024w, https:\/\/www.forum-soegel.de\/information\/wp-content\/uploads\/2024\/03\/Vortrag-Hospiz-u.-Palliativ-2-2-300x225.jpg 300w, https:\/\/www.forum-soegel.de\/information\/wp-content\/uploads\/2024\/03\/Vortrag-Hospiz-u.-Palliativ-2-2-768x576.jpg 768w, https:\/\/www.forum-soegel.de\/information\/wp-content\/uploads\/2024\/03\/Vortrag-Hospiz-u.-Palliativ-2-2.jpg 1155w\" sizes=\"auto, (max-width: 1024px) 100vw, 1024px\" \/><\/a><figcaption class=\"wp-element-caption\">Gut 60 interessierte Zuh\u00f6rer*innen im Hotel Wobus<\/figcaption><\/figure>\n<\/div>\n\n\n<p>Zum Thema \u201ePalliativ und Hospiz \u2013 nicht nur am Ende dabei \u2013\u201c gaben Konken und Olliges Einblicke in ihre Arbeit und erkl\u00e4rten die einzelnen Konzepte der Palliativ- und Hospizbegleitung. Viele Menschen w\u00fcrden mit dem Begriff Palliativ gleich unmittelbares Sterben und Tod in Verbindung bringen, sagte Konken und veranschaulichte per Power-Point-Pr\u00e4sentation, was Palliativ bedeutet und wann eine Palliativversorgung in Anspruch genommen werden kann. \u201ePalliativ bedeutet eine angemessene medizinische Versorgung bei Menschen, die schwer und unheilbar krank sind und deren Lebenszeit begrenzt ist. Wir sprechen hier nicht von sterbenden Menschen. Unser Ziel ist es, die bestm\u00f6gliche Lebensqualit\u00e4t der Betroffenen zu erhalten\u201c, so Konken. Jeder gesetzlich Versicherte hat Anspruch auf eine station\u00e4re und ambulante spezialisierte Palliativversorgung . Voraussetzung ist ein Verordnungsformular des Hausarztes f\u00fcr die Krankenkasse. Die Palliativstation im S\u00f6geler Krankenhaus plant immer eine begrenzte Aufenthaltsdauer der Patienten und ihre Entlassung nach Hause oder in eine andere Einrichtung. Die Palliativversorgung setzt sich aus Teams von \u00c4rzten, Pflegekr\u00e4ften, Psychologen, Physiotherapeuten und Seelsorgern zusammen, die stets in einem engen Austausch stehen. Mit der ambulanten Unterst\u00fctzung des S\u00f6geler Hospizdienstes und spezialisierten ambulanten Palliativversorgungsteams (SAPV) findet die Begleitung laut Konken nicht nur in verschiedenen Pflegeeinrichtungen, sondern auch bei den Patienten zu Hause statt, wobei die Nahestehenden der Betroffenen mit im Fokus stehen. \u201eEmslandweit sind wir t\u00e4glich mit acht Pflegekr\u00e4ften vom SAPV-Team am H\u00fcmmling Hospital S\u00f6gel und f\u00fcnf Pflegekr\u00e4ften vom SAPV-Team am Bonifatius Hospital Lingen unterwegs. Inzwischen werden auch schwer kranke Kinder von uns betreut,\u201c so Konken.<\/p>\n\n\n\n<p>Stefanie Olliges stellte fest: \u201ePalliative Pflege und hospizliche Begleitung sind sehr eng miteinander verbunden\u201c. Die Palliativpflege und medizinische Versorgung sind vorrangig f\u00fcr die Schmerz- und Symptomlinderung da und \u00fcbernehmen die fachliche Beratung, w\u00e4hrend sich die Hospizarbeit auf den Menschen am Ende seines Lebens konzentriert. \u201eNicht der Tod, sondern das Leben steht im Vordergrund\u201c, sagte Olliges. Der ambulante Hospizdienst bietet sterbenden Menschen, Angeh\u00f6rigen und Trauernden Unterst\u00fctzung durch geschulte ehrenamtliche Mitarbeiter*nnen an. Die Begleitung erfolgt in gewohnter Umgebung. \u201eWir wollen den Menschen in seiner letzten Lebensphase so ernst nehmen, dass er selbstbestimmt und mit W\u00fcrde bis zum Schluss leben und sterben kann. Im Mittelpunkt unserer Arbeit steht immer der Mensch mit seinen individuellen W\u00fcnschen und Bed\u00fcrfnissen sowie das Einbeziehen der Angeh\u00f6rigen\u201c, betonte Olliges. Sie erw\u00e4hnte in dem Zusammenhang auch den in Eigenarbeit erstellten Garten bei der Palliativstation und das regelm\u00e4\u00dfig stattfindende Trauercaf\u00e9 im H\u00fcmmling Hospital unter der Leitung von Karola D\u00fcrbaum. Zudem zeigte sie sich erfreut \u00fcber die Anwesenheit von Therapie-Hund \u201eOskar\u201c mit seiner Halterin Alev Gorniak und bezeichnete sie als gro\u00dfe Bereicherung auch f\u00fcr die Palliativstation.<\/p>\n\n\n\n<p>Olliges und Konken schlossen ihre Ausf\u00fchrungen mit einem Zitat von Cicely Saunders, der Begr\u00fcnderin der modernen Hospizbewegung und Palliativmedizin. \u201eSie sind wichtig, weil Sie eben Sie sind. Sie sind bis zum letzten Augenblick Ihres Lebens wichtig und wir werden alles tun, damit Sie nicht nur in Frieden sterben, sondern auch bis zuletzt leben k\u00f6nnen\u201c.<\/p>\n\n\n\n<p>Die Zuh\u00f6rer*innen bedankten sich bei den Rednerinnen mit einem kr\u00e4ftigen Applaus f\u00fcr die sehr verst\u00e4ndlich her\u00fcbergebrachten Beitr\u00e4ge.<\/p>\n\n\n\n<p>Text\/Fotos: Gisela Arling<\/p>\n\n\n\n<figure class=\"wp-block-image size-large\"><a href=\"https:\/\/www.forum-soegel.de\/information\/wp-content\/uploads\/2024\/03\/Vortrag-Hospiz-u.-Palliativ-3.jpg\"><img loading=\"lazy\" decoding=\"async\" width=\"1024\" height=\"768\" src=\"https:\/\/www.forum-soegel.de\/information\/wp-content\/uploads\/2024\/03\/Vortrag-Hospiz-u.-Palliativ-3-1024x768.jpg\" alt=\"\" class=\"wp-image-36543\" srcset=\"https:\/\/www.forum-soegel.de\/information\/wp-content\/uploads\/2024\/03\/Vortrag-Hospiz-u.-Palliativ-3-1024x768.jpg 1024w, https:\/\/www.forum-soegel.de\/information\/wp-content\/uploads\/2024\/03\/Vortrag-Hospiz-u.-Palliativ-3-300x225.jpg 300w, https:\/\/www.forum-soegel.de\/information\/wp-content\/uploads\/2024\/03\/Vortrag-Hospiz-u.-Palliativ-3-768x576.jpg 768w, https:\/\/www.forum-soegel.de\/information\/wp-content\/uploads\/2024\/03\/Vortrag-Hospiz-u.-Palliativ-3.jpg 1155w\" sizes=\"auto, (max-width: 1024px) 100vw, 1024px\" \/><\/a><figcaption class=\"wp-element-caption\">&nbsp;v.l.: Gerhard Gerdes, Ilona Konken, Stefanie Olliges und Alev Gorniak (mit Therapiehund Oskar)<\/figcaption><\/figure>\n","protected":false},"excerpt":{"rendered":"Beim diesj\u00e4hrigen Neujahrstreffen des Sozialverbandes (SoVD) Ortsverband S\u00f6gel im Hotel Wobus begr\u00fc\u00dfte der Vorsitzende Gerhard Gerdes neben den Mitgliedern auch Ilona Konkjen (Koordinatorin der ambulanten Palliativversorgung im Emsland) sowie Stefanie Olliges (Koordinatorin des S\u00f6geler Hospiz e.V.) Zum Thema \u201ePalliativ und Hospiz \u2013 nicht nur am Ende dabei \u2013\u201c gaben Konken und Olliges Einblicke in ihre [&hellip;]\n","protected":false},"author":2,"featured_media":0,"comment_status":"closed","ping_status":"closed","sticky":false,"template":"","format":"standard","meta":{"ngg_post_thumbnail":0,"footnotes":""},"categories":[5],"tags":[],"class_list":["post-36542","post","type-post","status-publish","format-standard","hentry","category-was-machen-die-vereine"],"_links":{"self":[{"href":"https:\/\/www.forum-soegel.de\/information\/wp-json\/wp\/v2\/posts\/36542","targetHints":{"allow":["GET"]}}],"collection":[{"href":"https:\/\/www.forum-soegel.de\/information\/wp-json\/wp\/v2\/posts"}],"about":[{"href":"https:\/\/www.forum-soegel.de\/information\/wp-json\/wp\/v2\/types\/post"}],"author":[{"embeddable":true,"href":"https:\/\/www.forum-soegel.de\/information\/wp-json\/wp\/v2\/users\/2"}],"replies":[{"embeddable":true,"href":"https:\/\/www.forum-soegel.de\/information\/wp-json\/wp\/v2\/comments?post=36542"}],"version-history":[{"count":2,"href":"https:\/\/www.forum-soegel.de\/information\/wp-json\/wp\/v2\/posts\/36542\/revisions"}],"predecessor-version":[{"id":36546,"href":"https:\/\/www.forum-soegel.de\/information\/wp-json\/wp\/v2\/posts\/36542\/revisions\/36546"}],"wp:attachment":[{"href":"https:\/\/www.forum-soegel.de\/information\/wp-json\/wp\/v2\/media?parent=36542"}],"wp:term":[{"taxonomy":"category","embeddable":true,"href":"https:\/\/www.forum-soegel.de\/information\/wp-json\/wp\/v2\/categories?post=36542"},{"taxonomy":"post_tag","embeddable":true,"href":"https:\/\/www.forum-soegel.de\/information\/wp-json\/wp\/v2\/tags?post=36542"}],"curies":[{"name":"wp","href":"https:\/\/api.w.org\/{rel}","templated":true}]}}