{"id":36351,"date":"2024-02-14T15:28:48","date_gmt":"2024-02-14T14:28:48","guid":{"rendered":"https:\/\/www.forum-soegel.de\/information\/?p=36351"},"modified":"2024-02-14T15:28:48","modified_gmt":"2024-02-14T14:28:48","slug":"generalversammlung-der-landfrauen-2","status":"publish","type":"post","link":"https:\/\/www.forum-soegel.de\/information\/2024\/02\/generalversammlung-der-landfrauen-2\/","title":{"rendered":"Generalversammlung der LandFrauen"},"content":{"rendered":"<div class=\"wp-block-image\">\n<figure class=\"alignleft size-large is-resized\"><img loading=\"lazy\" decoding=\"async\" width=\"833\" height=\"1024\" src=\"https:\/\/www.forum-soegel.de\/information\/wp-content\/uploads\/2024\/02\/Generalversammlung-der-LandFrauen-1-833x1024.jpg\" alt=\"\" class=\"wp-image-36353\" style=\"width:212px;height:auto\" srcset=\"https:\/\/www.forum-soegel.de\/information\/wp-content\/uploads\/2024\/02\/Generalversammlung-der-LandFrauen-1-833x1024.jpg 833w, https:\/\/www.forum-soegel.de\/information\/wp-content\/uploads\/2024\/02\/Generalversammlung-der-LandFrauen-1-244x300.jpg 244w, https:\/\/www.forum-soegel.de\/information\/wp-content\/uploads\/2024\/02\/Generalversammlung-der-LandFrauen-1-768x944.jpg 768w, https:\/\/www.forum-soegel.de\/information\/wp-content\/uploads\/2024\/02\/Generalversammlung-der-LandFrauen-1-1249x1536.jpg 1249w, https:\/\/www.forum-soegel.de\/information\/wp-content\/uploads\/2024\/02\/Generalversammlung-der-LandFrauen-1-1666x2048.jpg 1666w\" sizes=\"auto, (max-width: 833px) 100vw, 833px\" \/><\/figure>\n<\/div>\n\n\n<p>Zur Generalversammlung und zum 75-j\u00e4hrigen Jubil\u00e4um des LandFrauenvereins S\u00f6gel-H\u00fcmmling trafen sich im Dezember 63 Frauen im Mehrgenerationenhaus in Werpeloh. Vorstandsmitglied Wilma Pohlmann berichtete von den Anf\u00e4ngen des LandFrauenvereins H\u00fcmmling im Jahr 1948. Im Laufe der Jahre wuchs der Verein heran und man entschloss sich 1981, den LandFrauenverein H\u00fcmmling zu teilen. So entstanden die Vereine LandFrauenverein Werlte-H\u00fcmmling und S\u00f6gel-H\u00fcmmling.<\/p>\n\n\n\n<p>Anschlie\u00dfend berichtete sie von den aktuellen Mitgliederzahlen. Der Verein hat aktuell 147 Mitglieder, wovon 33 junge Landfrauen sind, d.h., sie sind unter 40 Jahre alt und somit zus\u00e4tzlich ein aktives Mitglied der Gruppe junger LandFrauen. Im Jahr 2023 konnten 16 neue Mitglieder gewonnen werden.<\/p>\n\n\n\n<p>Im Anschluss an die Rede lie\u00df Vorstandsmitglied Julia Eilers das Jahr 2023 Revue passieren und berichtete von den erfolgreichen Veranstaltungen, Fahrten und Besichtigungen.<\/p>\n\n\n\n<p>Geehrt f\u00fcr 40 Jahre im Verein wurden an dem Abend Hedwig Jansen, Cilly Hilmes und Margret Jansen-Meiners. Maria Konken, Maria Lammers, sowie Emma Thomann f\u00fcr 45 Jahre und K\u00e4the Herm\u00fchlen f\u00fcr 50 Jahre Vereinszugeh\u00f6rigkeit. 55 Jahre im Verein ist Christina G\u00f6\u00dfling und seit 68 Jahren im Verein und somit am l\u00e4ngsten ist Leni Hermann. Alle bekamen ein Geschenk \u00fcberreicht.<\/p>\n\n\n\n<p>Nach dem offiziellen Teil der Generalversammlung wurden kleine H\u00e4ppchen gereicht. Zur Einstimmung in die Weihnachtszeit hielt Lars Cohrs seine Weihnachtslesung: \u201eOHA DU FR\u00d6HLICHE \u2013 wenn Familienfeiern aus dem Ruder laufen\u201c. Lars Cohrs war Radiomoderator und seine Stimme d\u00fcrften vielen noch aus dem Programm von NDR1 Niedersachsen kennen. Seine Lesung war humorvoll, besinnlich, aber auch nachdenklich. Als kleinen \u00dcberraschungsgast hatte er die bekannte Radioente dabei.<\/p>\n\n\n\n<p>Text\/Fotos: Landfrauen S\u00f6gel<\/p>\n\n\n\n<figure class=\"wp-block-image size-large\"><a href=\"https:\/\/www.forum-soegel.de\/information\/wp-content\/uploads\/2024\/02\/Generalversammlung-der-LandFrauen-2.jpg\"><img loading=\"lazy\" decoding=\"async\" width=\"1024\" height=\"768\" src=\"https:\/\/www.forum-soegel.de\/information\/wp-content\/uploads\/2024\/02\/Generalversammlung-der-LandFrauen-2-1024x768.jpg\" alt=\"\" class=\"wp-image-36352\" srcset=\"https:\/\/www.forum-soegel.de\/information\/wp-content\/uploads\/2024\/02\/Generalversammlung-der-LandFrauen-2-1024x768.jpg 1024w, https:\/\/www.forum-soegel.de\/information\/wp-content\/uploads\/2024\/02\/Generalversammlung-der-LandFrauen-2-300x225.jpg 300w, https:\/\/www.forum-soegel.de\/information\/wp-content\/uploads\/2024\/02\/Generalversammlung-der-LandFrauen-2-768x576.jpg 768w, https:\/\/www.forum-soegel.de\/information\/wp-content\/uploads\/2024\/02\/Generalversammlung-der-LandFrauen-2-1536x1153.jpg 1536w, https:\/\/www.forum-soegel.de\/information\/wp-content\/uploads\/2024\/02\/Generalversammlung-der-LandFrauen-2.jpg 1803w\" sizes=\"auto, (max-width: 1024px) 100vw, 1024px\" \/><\/a><\/figure>\n","protected":false},"excerpt":{"rendered":"Zur Generalversammlung und zum 75-j\u00e4hrigen Jubil\u00e4um des LandFrauenvereins S\u00f6gel-H\u00fcmmling trafen sich im Dezember 63 Frauen im Mehrgenerationenhaus in Werpeloh. Vorstandsmitglied Wilma Pohlmann berichtete von den Anf\u00e4ngen des LandFrauenvereins H\u00fcmmling im Jahr 1948. Im Laufe der Jahre wuchs der Verein heran und man entschloss sich 1981, den LandFrauenverein H\u00fcmmling zu teilen. So entstanden die Vereine LandFrauenverein [&hellip;]\n","protected":false},"author":2,"featured_media":0,"comment_status":"closed","ping_status":"closed","sticky":false,"template":"","format":"standard","meta":{"ngg_post_thumbnail":0,"footnotes":""},"categories":[5],"tags":[],"class_list":["post-36351","post","type-post","status-publish","format-standard","hentry","category-was-machen-die-vereine"],"_links":{"self":[{"href":"https:\/\/www.forum-soegel.de\/information\/wp-json\/wp\/v2\/posts\/36351","targetHints":{"allow":["GET"]}}],"collection":[{"href":"https:\/\/www.forum-soegel.de\/information\/wp-json\/wp\/v2\/posts"}],"about":[{"href":"https:\/\/www.forum-soegel.de\/information\/wp-json\/wp\/v2\/types\/post"}],"author":[{"embeddable":true,"href":"https:\/\/www.forum-soegel.de\/information\/wp-json\/wp\/v2\/users\/2"}],"replies":[{"embeddable":true,"href":"https:\/\/www.forum-soegel.de\/information\/wp-json\/wp\/v2\/comments?post=36351"}],"version-history":[{"count":1,"href":"https:\/\/www.forum-soegel.de\/information\/wp-json\/wp\/v2\/posts\/36351\/revisions"}],"predecessor-version":[{"id":36354,"href":"https:\/\/www.forum-soegel.de\/information\/wp-json\/wp\/v2\/posts\/36351\/revisions\/36354"}],"wp:attachment":[{"href":"https:\/\/www.forum-soegel.de\/information\/wp-json\/wp\/v2\/media?parent=36351"}],"wp:term":[{"taxonomy":"category","embeddable":true,"href":"https:\/\/www.forum-soegel.de\/information\/wp-json\/wp\/v2\/categories?post=36351"},{"taxonomy":"post_tag","embeddable":true,"href":"https:\/\/www.forum-soegel.de\/information\/wp-json\/wp\/v2\/tags?post=36351"}],"curies":[{"name":"wp","href":"https:\/\/api.w.org\/{rel}","templated":true}]}}