{"id":3581,"date":"2010-11-01T00:59:18","date_gmt":"2010-10-31T22:59:18","guid":{"rendered":"https:\/\/www.forum-soegel.de\/information\/?p=3581"},"modified":"2010-10-29T20:24:15","modified_gmt":"2010-10-29T18:24:15","slug":"schleppjagd-vor-grosem-publikum","status":"publish","type":"post","link":"https:\/\/www.forum-soegel.de\/information\/2010\/11\/schleppjagd-vor-grosem-publikum\/","title":{"rendered":"Schleppjagd vor gro\u00dfem Publikum"},"content":{"rendered":"<p>Ein reizvoller Anblick bot sich am letzten Septembersonntag auf der Schlossanlage Clemenswerth: Jagdhornkl\u00e4nge, rotberockte Reiter auf ihren Pferden, mehrsp\u00e4nnige Kutschen, und das alles unter Mitwirken der Cappenberger Meute mit ihren englischen Foxhounds. Josef Bramlage, Vorsitzender des S\u00f6geler Reit- und Fahrvereins, war sichtlich erfreut, dass er zudem so viele Zuschauer zu diesem Spektakel willkommen hei\u00dfen durfte. Die neue Programmgestaltung habe sich wie bereits im Vorjahr best\u00e4tigt, so Bramlage.<\/p>\n<p>Nachdem die Jagdhornbl\u00e4ser aus S\u00f6gel mit Jagdkl\u00e4ngen f\u00fcr die passende Stimmung sorgten, knisterte es f\u00f6rmlich vor Spannung bei den Reitern, Pferden und Hunden. Die Jagdherrin Kerstin Knipper gab sodann die Jagd frei, eine Jagdmeute folgte ihr und den \u201eSpurenlegern\u201c quer durch die mit zwei Hindernissen ausgestattete Allee und den weiteren Ritt durch die W\u00e4lder des H\u00fcmmlings.<\/p>\n<p>Ein ansprechendes Rahmenprogramm bis zum Wiedereintreffen der Jagdgesellschaft wurde derweil auf der Schlossanlage geboten. Museumsdirektor Oliver Fok zeigte sich angesichts des etwas regnerischen Wetters sehr zufrieden mit der Beteiligung an den verschiedenen Angeboten. Viele Kinder hatten sich mit ihren \u201ePferden\u201c am Steckenpferdrennen beteiligt, aber auch die Basteltische und der Informationsstand der Cappenberger Meute hatten regen Zulauf. Der M\u00e4nnergesangverein Harmonie S\u00f6gel erfreute die Anwesenden mit passenden Jagdliedern.<\/p>\n<p>Am sp\u00e4ten Nachmittag traf die Jagdgesellschaft wieder unversehrt ein, wo zun\u00e4chst die Hunde mit dem \u201eCurre\u201c (Rinderpansen), und die Reiter mit dem \u201eBruch\u201c (Eichenlaubgesteck) von der Jagdherrin belohnt wurden.<\/p>\n<p>Text\/Foto: I C<\/p>\n<p><a href=\"https:\/\/www.forum-soegel.de\/information\/wp-content\/uploads\/2010\/10\/H\u00fcmmling-Nov.1.jpg\"><img loading=\"lazy\" decoding=\"async\" class=\"alignnone size-thumbnail wp-image-3582\" title=\"H\u00fcmmling Nov.1\" src=\"https:\/\/www.forum-soegel.de\/information\/wp-content\/uploads\/2010\/10\/H\u00fcmmling-Nov.1-150x150.jpg\" alt=\"\" width=\"150\" height=\"150\" \/><\/a>\u00a0 <a href=\"https:\/\/www.forum-soegel.de\/information\/wp-content\/uploads\/2010\/10\/H\u00fcmmling-Nov.2.jpg\"><img loading=\"lazy\" decoding=\"async\" class=\"alignnone size-thumbnail wp-image-3583\" title=\"H\u00fcmmling Nov.2\" src=\"https:\/\/www.forum-soegel.de\/information\/wp-content\/uploads\/2010\/10\/H\u00fcmmling-Nov.2-150x150.jpg\" alt=\"\" width=\"150\" height=\"150\" \/><\/a>\u00a0<a href=\"https:\/\/www.forum-soegel.de\/information\/wp-content\/uploads\/2010\/10\/H\u00fcmmling-Nov.3.jpg\"><img loading=\"lazy\" decoding=\"async\" class=\"alignnone size-thumbnail wp-image-3584\" title=\"H\u00fcmmling Nov.3\" src=\"https:\/\/www.forum-soegel.de\/information\/wp-content\/uploads\/2010\/10\/H\u00fcmmling-Nov.3-150x150.jpg\" alt=\"\" width=\"150\" height=\"150\" \/><\/a><\/p>\n<p><a href=\"https:\/\/www.forum-soegel.de\/information\/wp-content\/uploads\/2010\/10\/H\u00fcmmling-Nov.4.jpg\"><img loading=\"lazy\" decoding=\"async\" class=\"alignnone size-thumbnail wp-image-3585\" title=\"H\u00fcmmling Nov.4\" src=\"https:\/\/www.forum-soegel.de\/information\/wp-content\/uploads\/2010\/10\/H\u00fcmmling-Nov.4-150x150.jpg\" alt=\"\" width=\"150\" height=\"150\" \/><\/a>\u00a0 <a href=\"https:\/\/www.forum-soegel.de\/information\/wp-content\/uploads\/2010\/11\/Schleppjagd1.jpg\"><img loading=\"lazy\" decoding=\"async\" class=\"alignnone size-thumbnail wp-image-3603\" title=\"Schleppjagd1\" src=\"https:\/\/www.forum-soegel.de\/information\/wp-content\/uploads\/2010\/11\/Schleppjagd1-150x150.jpg\" alt=\"\" width=\"150\" height=\"150\" \/><\/a>\u00a0 <a href=\"https:\/\/www.forum-soegel.de\/information\/wp-content\/uploads\/2010\/11\/Schleppjagd2.jpg\"><img loading=\"lazy\" decoding=\"async\" class=\"alignnone size-thumbnail wp-image-3604\" title=\"Schleppjagd2\" src=\"https:\/\/www.forum-soegel.de\/information\/wp-content\/uploads\/2010\/11\/Schleppjagd2-150x150.jpg\" alt=\"\" width=\"150\" height=\"150\" \/><\/a><\/p>\n<p><a href=\"https:\/\/www.forum-soegel.de\/information\/wp-content\/uploads\/2010\/11\/Schleppjagd3.jpg\"><img loading=\"lazy\" decoding=\"async\" class=\"alignnone size-thumbnail wp-image-3606\" title=\"Schleppjagd3\" src=\"https:\/\/www.forum-soegel.de\/information\/wp-content\/uploads\/2010\/11\/Schleppjagd3-150x150.jpg\" alt=\"\" width=\"150\" height=\"150\" \/><\/a>\u00a0 <a href=\"https:\/\/www.forum-soegel.de\/information\/wp-content\/uploads\/2010\/11\/Schleppjagd-steckenpferd-1.jpg\"><img loading=\"lazy\" decoding=\"async\" class=\"alignnone size-thumbnail wp-image-3607\" title=\"Schleppjagd steckenpferd 1\" src=\"https:\/\/www.forum-soegel.de\/information\/wp-content\/uploads\/2010\/11\/Schleppjagd-steckenpferd-1-150x150.jpg\" alt=\"\" width=\"150\" height=\"150\" \/><\/a>\u00a0 <a href=\"https:\/\/www.forum-soegel.de\/information\/wp-content\/uploads\/2010\/11\/Schleppjagd-Steckenpferd-2.jpg\"><img loading=\"lazy\" decoding=\"async\" class=\"alignnone size-thumbnail wp-image-3608\" title=\"Schleppjagd Steckenpferd 2\" src=\"https:\/\/www.forum-soegel.de\/information\/wp-content\/uploads\/2010\/11\/Schleppjagd-Steckenpferd-2-150x150.jpg\" alt=\"\" width=\"150\" height=\"150\" \/><\/a><\/p>\n<p><a href=\"https:\/\/www.forum-soegel.de\/information\/wp-content\/uploads\/2010\/11\/Schleppjagd-Steckenpferd-3.jpg\"><img loading=\"lazy\" decoding=\"async\" class=\"alignnone size-thumbnail wp-image-3609\" title=\"Schleppjagd Steckenpferd 3\" src=\"https:\/\/www.forum-soegel.de\/information\/wp-content\/uploads\/2010\/11\/Schleppjagd-Steckenpferd-3-150x150.jpg\" alt=\"\" width=\"150\" height=\"150\" \/><\/a><\/p>\n","protected":false},"excerpt":{"rendered":"Ein reizvoller Anblick bot sich am letzten Septembersonntag auf der Schlossanlage Clemenswerth: Jagdhornkl\u00e4nge, rotberockte Reiter auf ihren Pferden, mehrsp\u00e4nnige Kutschen, und das alles unter Mitwirken der Cappenberger Meute mit ihren englischen Foxhounds. Josef Bramlage, Vorsitzender des S\u00f6geler Reit- und Fahrvereins, war sichtlich erfreut, dass er zudem so viele Zuschauer zu diesem Spektakel willkommen hei\u00dfen durfte. [&hellip;]\n","protected":false},"author":2,"featured_media":0,"comment_status":"closed","ping_status":"closed","sticky":false,"template":"","format":"standard","meta":{"ngg_post_thumbnail":0,"footnotes":""},"categories":[3],"tags":[492,188,416,303],"class_list":["post-3581","post","type-post","status-publish","format-standard","hentry","category-aktuelles-aus-der-region","tag-jagd","tag-mgv-harmonie","tag-schleppjagd","tag-schloss-clemenswerth"],"_links":{"self":[{"href":"https:\/\/www.forum-soegel.de\/information\/wp-json\/wp\/v2\/posts\/3581","targetHints":{"allow":["GET"]}}],"collection":[{"href":"https:\/\/www.forum-soegel.de\/information\/wp-json\/wp\/v2\/posts"}],"about":[{"href":"https:\/\/www.forum-soegel.de\/information\/wp-json\/wp\/v2\/types\/post"}],"author":[{"embeddable":true,"href":"https:\/\/www.forum-soegel.de\/information\/wp-json\/wp\/v2\/users\/2"}],"replies":[{"embeddable":true,"href":"https:\/\/www.forum-soegel.de\/information\/wp-json\/wp\/v2\/comments?post=3581"}],"version-history":[{"count":3,"href":"https:\/\/www.forum-soegel.de\/information\/wp-json\/wp\/v2\/posts\/3581\/revisions"}],"predecessor-version":[{"id":3605,"href":"https:\/\/www.forum-soegel.de\/information\/wp-json\/wp\/v2\/posts\/3581\/revisions\/3605"}],"wp:attachment":[{"href":"https:\/\/www.forum-soegel.de\/information\/wp-json\/wp\/v2\/media?parent=3581"}],"wp:term":[{"taxonomy":"category","embeddable":true,"href":"https:\/\/www.forum-soegel.de\/information\/wp-json\/wp\/v2\/categories?post=3581"},{"taxonomy":"post_tag","embeddable":true,"href":"https:\/\/www.forum-soegel.de\/information\/wp-json\/wp\/v2\/tags?post=3581"}],"curies":[{"name":"wp","href":"https:\/\/api.w.org\/{rel}","templated":true}]}}