{"id":35701,"date":"2023-11-01T16:59:24","date_gmt":"2023-11-01T15:59:24","guid":{"rendered":"https:\/\/www.forum-soegel.de\/information\/?p=35701"},"modified":"2023-12-11T17:01:19","modified_gmt":"2023-12-11T16:01:19","slug":"druecken-die-karnevalisten-die-schulbank-geheimnis-des-elferrates-gelueftet","status":"publish","type":"post","link":"https:\/\/www.forum-soegel.de\/information\/2023\/11\/druecken-die-karnevalisten-die-schulbank-geheimnis-des-elferrates-gelueftet\/","title":{"rendered":"Dr\u00fccken die Karnevalisten die Schulbank? \u2013\u00a0 Geheimnis des Elferrates gel\u00fcftet"},"content":{"rendered":"<div class=\"wp-block-image\">\n<figure class=\"alignleft size-large is-resized\"><a href=\"https:\/\/www.forum-soegel.de\/information\/wp-content\/uploads\/2023\/12\/Anku\u2560endigung-karneval-2024-2.jpg\"><img loading=\"lazy\" decoding=\"async\" width=\"1024\" height=\"734\" src=\"https:\/\/www.forum-soegel.de\/information\/wp-content\/uploads\/2023\/12\/Anku\u2560endigung-karneval-2024-2-1024x734.jpg\" alt=\"\" class=\"wp-image-35703\" style=\"width:342px;height:auto\" srcset=\"https:\/\/www.forum-soegel.de\/information\/wp-content\/uploads\/2023\/12\/Anku\u2560endigung-karneval-2024-2-1024x734.jpg 1024w, https:\/\/www.forum-soegel.de\/information\/wp-content\/uploads\/2023\/12\/Anku\u2560endigung-karneval-2024-2-300x215.jpg 300w, https:\/\/www.forum-soegel.de\/information\/wp-content\/uploads\/2023\/12\/Anku\u2560endigung-karneval-2024-2-768x551.jpg 768w, https:\/\/www.forum-soegel.de\/information\/wp-content\/uploads\/2023\/12\/Anku\u2560endigung-karneval-2024-2.jpg 1181w\" sizes=\"auto, (max-width: 1024px) 100vw, 1024px\" \/><\/a><\/figure>\n<\/div>\n\n\n<p>S\u00f6gel &#8211; \u201eNach dem Kindergarten ist vor der Schulzeit\u201c, getreu diesem Motto wechselt der Regentenstab des S\u00f6geler Kolpingkarnevals vom Prinzenpaar Rainer und Heike Rohe, die mit den S\u00f6geler Kinderg\u00e4rten den Elferrat im diesj\u00e4hrigen Karneval gebildet hatten, an das neue Prinzenpaar, welches vom Kollegium der Bernhardschule und der Oberschule S\u00f6gel umgeben sein wird. Wer das neue Prinzenpaar nun sein wird, ist ein weiteres streng geh\u00fctetes Geheimnis, welches erst beim M\u00fctzenfest am 13. Januar 2024 preisgegeben wird.<\/p>\n\n\n\n<p>Karnevalisten sollten sich folgenden Termin schon mal dick und rot in ihrem Kalender eintragen: Am Samstag, 11. November 2023, beginnt um 18 Uhr im Clemenswerther Hof der Kartenvorverkauf f\u00fcr den Sitzungsreigen im Januar und Februar 2024. Daf\u00fcr gibt es insgesamt vier Termine: 26.\/27. Januar und 2.\/3. Februar.<\/p>\n\n\n\n<p>Auf diese Termine sind auch die Lehrkr\u00e4fte Mareike Kla\u00dfen, Henrike Sanders und Andreas Terborg gespannt, die sich seitens der Schulen f\u00fcr die Koordination des Elferrates verantwortlich zeigen: \u201eEs ist f\u00fcr uns ein Novum, den Elferrat beim S\u00f6geler Karneval stellen zu d\u00fcrfen. Wir freuen uns riesig auf vier stimmungsvolle Abende!\u201c<\/p>\n\n\n\n<p>Zum Vorverkaufsstart sind die Tickets direkt vor Ort zu erwerben. Sp\u00e4ter sind den Veranstaltern zufolge Bestellungen auch telefonisch unter 05952 1230 (Clemenswerther Hof) m\u00f6glich. Eine Karte kostet 15 Euro. Die Organisatoren versprechen ein rund vierst\u00fcndiges Programm mit Comedy, B\u00fcttenreden, Spa\u00df, Tanz und Gesang sowie einer gro\u00dfen Aftershowparty unmittelbar nach der Sitzung. Voller Vorfreude d\u00fcrfen sich die G\u00e4ste auf \u201eFrieda und Anneliese\u201c (Pastor J\u00fcrgen Krallmann mit Steffi L\u00fcbbers), auf den \u201eTurmfalken\u201c alias Burkhard Becker, auf die KKS-Tanzgruppe und Vieles mehr freuen. Alte und neue Gesichter tragen zu einem bunten Programm bei, welches sich sehen lassen kann, versprechen Sitzungspr\u00e4sident Johannes Lake und Zeremonienmeister Johannes Hanekamp vom Karnevalsausschuss. Aber auch eine neue Gruppe ist in Planung. Dies sei wichtig, so Lake. \u201eWir haben immer gerne ein neues Gesicht auf der B\u00fchne. Dadurch bleibt unser Karneval jung und abwechslungsreich.\u201c<\/p>\n\n\n\n<p>Die Sitzungen erfreuen sich auch au\u00dferhalb der H\u00fcmmlinggemeinde gro\u00dfer Beliebtheit. So gebe es zahlreiche G\u00e4ste aus den Nachbarkommunen ebenso wie Stammg\u00e4ste aus Osnabr\u00fcck, K\u00f6ln und Butjadingen. Den Auftakt der S\u00f6geler Karnevalssession bildet das M\u00fctzenfest, das am 13. Januar 2024 ebenfalls im Clemenswerther Hof stattfindet. Das Fest wird wiederum von der Kolpingkapelle S\u00f6gel ausgerichtet. Das Organisationsteam freut sich an den Erfolg des Vorjahres ankn\u00fcpfen zu k\u00f6nnen. G\u00e4ste d\u00fcrfen sich auf die ver\u00e4nderte Ausstattung des Festsaales, auf abwechslungsreiche Musik und witzige Beitr\u00e4ge freuen.<\/p>\n\n\n\n<p>Text\/Foto: Ingrid Cloppenburg<\/p>\n\n\n\n<figure class=\"wp-block-image size-large\"><a href=\"https:\/\/www.forum-soegel.de\/information\/wp-content\/uploads\/2023\/12\/Anku\u2560endigung-Karneval-2024-1.jpg\"><img loading=\"lazy\" decoding=\"async\" width=\"1024\" height=\"786\" src=\"https:\/\/www.forum-soegel.de\/information\/wp-content\/uploads\/2023\/12\/Anku\u2560endigung-Karneval-2024-1-1024x786.jpg\" alt=\"\" class=\"wp-image-35702\" srcset=\"https:\/\/www.forum-soegel.de\/information\/wp-content\/uploads\/2023\/12\/Anku\u2560endigung-Karneval-2024-1-1024x786.jpg 1024w, https:\/\/www.forum-soegel.de\/information\/wp-content\/uploads\/2023\/12\/Anku\u2560endigung-Karneval-2024-1-300x230.jpg 300w, https:\/\/www.forum-soegel.de\/information\/wp-content\/uploads\/2023\/12\/Anku\u2560endigung-Karneval-2024-1-768x590.jpg 768w, https:\/\/www.forum-soegel.de\/information\/wp-content\/uploads\/2023\/12\/Anku\u2560endigung-Karneval-2024-1.jpg 1141w\" sizes=\"auto, (max-width: 1024px) 100vw, 1024px\" \/><\/a><figcaption class=\"wp-element-caption\">Johannes Hanekamp, Mareike Kla\u00dfen, Henrike Sanders, Andreas Terborg und Johannes Lake bereiten sich jetzt schon auf den S\u00f6geler Karneval vor. Das Thema der kommenden Veranstaltungen benennt Lake mit einem Augenzwinkern wie folgt: \u201eirgendetwas mit Bildung\u201c.<\/figcaption><\/figure>\n","protected":false},"excerpt":{"rendered":"S\u00f6gel &#8211; \u201eNach dem Kindergarten ist vor der Schulzeit\u201c, getreu diesem Motto wechselt der Regentenstab des S\u00f6geler Kolpingkarnevals vom Prinzenpaar Rainer und Heike Rohe, die mit den S\u00f6geler Kinderg\u00e4rten den Elferrat im diesj\u00e4hrigen Karneval gebildet hatten, an das neue Prinzenpaar, welches vom Kollegium der Bernhardschule und der Oberschule S\u00f6gel umgeben sein wird. Wer das neue [&hellip;]\n","protected":false},"author":2,"featured_media":0,"comment_status":"closed","ping_status":"closed","sticky":false,"template":"","format":"standard","meta":{"ngg_post_thumbnail":0,"footnotes":""},"categories":[11],"tags":[],"class_list":["post-35701","post","type-post","status-publish","format-standard","hentry","category-termine"],"_links":{"self":[{"href":"https:\/\/www.forum-soegel.de\/information\/wp-json\/wp\/v2\/posts\/35701","targetHints":{"allow":["GET"]}}],"collection":[{"href":"https:\/\/www.forum-soegel.de\/information\/wp-json\/wp\/v2\/posts"}],"about":[{"href":"https:\/\/www.forum-soegel.de\/information\/wp-json\/wp\/v2\/types\/post"}],"author":[{"embeddable":true,"href":"https:\/\/www.forum-soegel.de\/information\/wp-json\/wp\/v2\/users\/2"}],"replies":[{"embeddable":true,"href":"https:\/\/www.forum-soegel.de\/information\/wp-json\/wp\/v2\/comments?post=35701"}],"version-history":[{"count":1,"href":"https:\/\/www.forum-soegel.de\/information\/wp-json\/wp\/v2\/posts\/35701\/revisions"}],"predecessor-version":[{"id":35704,"href":"https:\/\/www.forum-soegel.de\/information\/wp-json\/wp\/v2\/posts\/35701\/revisions\/35704"}],"wp:attachment":[{"href":"https:\/\/www.forum-soegel.de\/information\/wp-json\/wp\/v2\/media?parent=35701"}],"wp:term":[{"taxonomy":"category","embeddable":true,"href":"https:\/\/www.forum-soegel.de\/information\/wp-json\/wp\/v2\/categories?post=35701"},{"taxonomy":"post_tag","embeddable":true,"href":"https:\/\/www.forum-soegel.de\/information\/wp-json\/wp\/v2\/tags?post=35701"}],"curies":[{"name":"wp","href":"https:\/\/api.w.org\/{rel}","templated":true}]}}