{"id":35667,"date":"2023-11-01T16:41:41","date_gmt":"2023-11-01T15:41:41","guid":{"rendered":"https:\/\/www.forum-soegel.de\/information\/?p=35667"},"modified":"2023-12-11T16:43:22","modified_gmt":"2023-12-11T15:43:22","slug":"sicher-im-verkehr-aktion-gelbe-fuesse-und-fahrradkontrolle","status":"publish","type":"post","link":"https:\/\/www.forum-soegel.de\/information\/2023\/11\/sicher-im-verkehr-aktion-gelbe-fuesse-und-fahrradkontrolle\/","title":{"rendered":"Sicher im Verkehr \u2013 Aktion \u201eGelbe F\u00fc\u00dfe\u201c und Fahrradkontrolle"},"content":{"rendered":"\n<p>Spahnharrenst\u00e4tte &#8211; Bereits am 22.08.2023 besuchte die Polizei unsere erste Klasse, um mit ihnen gelbe F\u00fc\u00dfe am Zebrastreifen aufzumalen.<\/p>\n\n\n\n<p>Zun\u00e4chst gab es eine kleine Einf\u00fchrung zum Thema \u201eSicher im Verkehr\u201c und den Kindern wurde erkl\u00e4rt, was die gelben F\u00fc\u00dfe bedeuten. Anschlie\u00dfend gingen die Erstkl\u00e4ssler mit ihrer Klassenlehrerin Frau Konen und dem Polizisten zum Zebrastreifen, wo auch die Kinder einen Fu\u00df aufmalen durften. Au\u00dferdem wurde darauf hingewiesen, worauf man als Fu\u00dfg\u00e4nger und Radfahrer am Zebrastreifen achten muss.<\/p>\n\n\n\n<p>Am Dienstag, 10.10.23, kam dann die Polizei noch einmal in die Schule, um bei allen Kindern die Fahrr\u00e4der auf Verkehrstauglichkeit zu \u00fcberpr\u00fcfen. Die Kinder, deren Fahrr\u00e4der in Ordnung waren, freuten sich \u00fcber die \u201eT\u00dcV-Plakette\u201c f\u00fcr ihr Fahrrad. Bei Fahrr\u00e4dern mit kleinen M\u00e4ngeln wurden die Eltern \u00fcber einen Meldezettel informiert, was repariert werden muss, damit auch diese Kinder dann von ihren Klassenlehrerinnen noch die Plakette erhalten.<\/p>\n\n\n\n<p>Text\/Fotos: Grundschule Spahnharrenst\u00e4tte<\/p>\n\n\n\n<figure class=\"wp-block-gallery has-nested-images columns-2 is-cropped wp-block-gallery-1 is-layout-flex wp-block-gallery-is-layout-flex\">\n<figure class=\"wp-block-image size-large\"><a href=\"https:\/\/www.forum-soegel.de\/information\/wp-content\/uploads\/2023\/12\/Sicher-im-Verkehr-6.jpg\"><img loading=\"lazy\" decoding=\"async\" width=\"769\" height=\"1024\" data-id=\"35670\" src=\"https:\/\/www.forum-soegel.de\/information\/wp-content\/uploads\/2023\/12\/Sicher-im-Verkehr-6-769x1024.jpg\" alt=\"\" class=\"wp-image-35670\" srcset=\"https:\/\/www.forum-soegel.de\/information\/wp-content\/uploads\/2023\/12\/Sicher-im-Verkehr-6-769x1024.jpg 769w, https:\/\/www.forum-soegel.de\/information\/wp-content\/uploads\/2023\/12\/Sicher-im-Verkehr-6-225x300.jpg 225w, https:\/\/www.forum-soegel.de\/information\/wp-content\/uploads\/2023\/12\/Sicher-im-Verkehr-6-768x1022.jpg 768w, https:\/\/www.forum-soegel.de\/information\/wp-content\/uploads\/2023\/12\/Sicher-im-Verkehr-6.jpg 867w\" sizes=\"auto, (max-width: 769px) 100vw, 769px\" \/><\/a><\/figure>\n\n\n\n<figure class=\"wp-block-image size-large\"><a href=\"https:\/\/www.forum-soegel.de\/information\/wp-content\/uploads\/2023\/12\/Sicher-im-Verkehr-5.jpg\"><img loading=\"lazy\" decoding=\"async\" width=\"769\" height=\"1024\" data-id=\"35669\" src=\"https:\/\/www.forum-soegel.de\/information\/wp-content\/uploads\/2023\/12\/Sicher-im-Verkehr-5-769x1024.jpg\" alt=\"\" class=\"wp-image-35669\" srcset=\"https:\/\/www.forum-soegel.de\/information\/wp-content\/uploads\/2023\/12\/Sicher-im-Verkehr-5-769x1024.jpg 769w, https:\/\/www.forum-soegel.de\/information\/wp-content\/uploads\/2023\/12\/Sicher-im-Verkehr-5-225x300.jpg 225w, https:\/\/www.forum-soegel.de\/information\/wp-content\/uploads\/2023\/12\/Sicher-im-Verkehr-5-768x1022.jpg 768w, https:\/\/www.forum-soegel.de\/information\/wp-content\/uploads\/2023\/12\/Sicher-im-Verkehr-5.jpg 867w\" sizes=\"auto, (max-width: 769px) 100vw, 769px\" \/><\/a><\/figure>\n\n\n\n<figure class=\"wp-block-image size-large\"><a href=\"https:\/\/www.forum-soegel.de\/information\/wp-content\/uploads\/2023\/12\/Sicher-im-Verkehr-1.jpg\"><img loading=\"lazy\" decoding=\"async\" width=\"1024\" height=\"814\" data-id=\"35672\" src=\"https:\/\/www.forum-soegel.de\/information\/wp-content\/uploads\/2023\/12\/Sicher-im-Verkehr-1-1024x814.jpg\" alt=\"\" class=\"wp-image-35672\" srcset=\"https:\/\/www.forum-soegel.de\/information\/wp-content\/uploads\/2023\/12\/Sicher-im-Verkehr-1-1024x814.jpg 1024w, https:\/\/www.forum-soegel.de\/information\/wp-content\/uploads\/2023\/12\/Sicher-im-Verkehr-1-300x239.jpg 300w, https:\/\/www.forum-soegel.de\/information\/wp-content\/uploads\/2023\/12\/Sicher-im-Verkehr-1-768x611.jpg 768w, https:\/\/www.forum-soegel.de\/information\/wp-content\/uploads\/2023\/12\/Sicher-im-Verkehr-1.jpg 1122w\" sizes=\"auto, (max-width: 1024px) 100vw, 1024px\" \/><\/a><\/figure>\n\n\n\n<figure class=\"wp-block-image size-large\"><a href=\"https:\/\/www.forum-soegel.de\/information\/wp-content\/uploads\/2023\/12\/Sicher-im-Verkehr-2.jpg\"><img loading=\"lazy\" decoding=\"async\" width=\"1024\" height=\"456\" data-id=\"35671\" src=\"https:\/\/www.forum-soegel.de\/information\/wp-content\/uploads\/2023\/12\/Sicher-im-Verkehr-2-1024x456.jpg\" alt=\"\" class=\"wp-image-35671\" srcset=\"https:\/\/www.forum-soegel.de\/information\/wp-content\/uploads\/2023\/12\/Sicher-im-Verkehr-2-1024x456.jpg 1024w, https:\/\/www.forum-soegel.de\/information\/wp-content\/uploads\/2023\/12\/Sicher-im-Verkehr-2-300x133.jpg 300w, https:\/\/www.forum-soegel.de\/information\/wp-content\/uploads\/2023\/12\/Sicher-im-Verkehr-2-768x342.jpg 768w, https:\/\/www.forum-soegel.de\/information\/wp-content\/uploads\/2023\/12\/Sicher-im-Verkehr-2.jpg 1499w\" sizes=\"auto, (max-width: 1024px) 100vw, 1024px\" \/><\/a><\/figure>\n\n\n\n<figure class=\"wp-block-image size-large\"><a href=\"https:\/\/www.forum-soegel.de\/information\/wp-content\/uploads\/2023\/12\/Sicher-im-Verkehr-3.jpg\"><img loading=\"lazy\" decoding=\"async\" width=\"1024\" height=\"556\" data-id=\"35668\" src=\"https:\/\/www.forum-soegel.de\/information\/wp-content\/uploads\/2023\/12\/Sicher-im-Verkehr-3-1024x556.jpg\" alt=\"\" class=\"wp-image-35668\" srcset=\"https:\/\/www.forum-soegel.de\/information\/wp-content\/uploads\/2023\/12\/Sicher-im-Verkehr-3-1024x556.jpg 1024w, https:\/\/www.forum-soegel.de\/information\/wp-content\/uploads\/2023\/12\/Sicher-im-Verkehr-3-300x163.jpg 300w, https:\/\/www.forum-soegel.de\/information\/wp-content\/uploads\/2023\/12\/Sicher-im-Verkehr-3-768x417.jpg 768w, https:\/\/www.forum-soegel.de\/information\/wp-content\/uploads\/2023\/12\/Sicher-im-Verkehr-3.jpg 1358w\" sizes=\"auto, (max-width: 1024px) 100vw, 1024px\" \/><\/a><\/figure>\n\n\n\n<figure class=\"wp-block-image size-large\"><a href=\"https:\/\/www.forum-soegel.de\/information\/wp-content\/uploads\/2023\/12\/Sicher-im-Verkehr-4.jpg\"><img loading=\"lazy\" decoding=\"async\" width=\"1024\" height=\"665\" data-id=\"35673\" src=\"https:\/\/www.forum-soegel.de\/information\/wp-content\/uploads\/2023\/12\/Sicher-im-Verkehr-4-1024x665.jpg\" alt=\"\" class=\"wp-image-35673\" srcset=\"https:\/\/www.forum-soegel.de\/information\/wp-content\/uploads\/2023\/12\/Sicher-im-Verkehr-4-1024x665.jpg 1024w, https:\/\/www.forum-soegel.de\/information\/wp-content\/uploads\/2023\/12\/Sicher-im-Verkehr-4-300x195.jpg 300w, https:\/\/www.forum-soegel.de\/information\/wp-content\/uploads\/2023\/12\/Sicher-im-Verkehr-4-768x499.jpg 768w, https:\/\/www.forum-soegel.de\/information\/wp-content\/uploads\/2023\/12\/Sicher-im-Verkehr-4.jpg 1241w\" sizes=\"auto, (max-width: 1024px) 100vw, 1024px\" \/><\/a><\/figure>\n<\/figure>\n","protected":false},"excerpt":{"rendered":"Spahnharrenst\u00e4tte &#8211; Bereits am 22.08.2023 besuchte die Polizei unsere erste Klasse, um mit ihnen gelbe F\u00fc\u00dfe am Zebrastreifen aufzumalen. Zun\u00e4chst gab es eine kleine Einf\u00fchrung zum Thema \u201eSicher im Verkehr\u201c und den Kindern wurde erkl\u00e4rt, was die gelben F\u00fc\u00dfe bedeuten. Anschlie\u00dfend gingen die Erstkl\u00e4ssler mit ihrer Klassenlehrerin Frau Konen und dem Polizisten zum Zebrastreifen, wo [&hellip;]\n","protected":false},"author":2,"featured_media":0,"comment_status":"closed","ping_status":"closed","sticky":false,"template":"","format":"standard","meta":{"ngg_post_thumbnail":0,"footnotes":""},"categories":[6],"tags":[],"class_list":["post-35667","post","type-post","status-publish","format-standard","hentry","category-aus-der-schule-geplaudert"],"_links":{"self":[{"href":"https:\/\/www.forum-soegel.de\/information\/wp-json\/wp\/v2\/posts\/35667","targetHints":{"allow":["GET"]}}],"collection":[{"href":"https:\/\/www.forum-soegel.de\/information\/wp-json\/wp\/v2\/posts"}],"about":[{"href":"https:\/\/www.forum-soegel.de\/information\/wp-json\/wp\/v2\/types\/post"}],"author":[{"embeddable":true,"href":"https:\/\/www.forum-soegel.de\/information\/wp-json\/wp\/v2\/users\/2"}],"replies":[{"embeddable":true,"href":"https:\/\/www.forum-soegel.de\/information\/wp-json\/wp\/v2\/comments?post=35667"}],"version-history":[{"count":1,"href":"https:\/\/www.forum-soegel.de\/information\/wp-json\/wp\/v2\/posts\/35667\/revisions"}],"predecessor-version":[{"id":35674,"href":"https:\/\/www.forum-soegel.de\/information\/wp-json\/wp\/v2\/posts\/35667\/revisions\/35674"}],"wp:attachment":[{"href":"https:\/\/www.forum-soegel.de\/information\/wp-json\/wp\/v2\/media?parent=35667"}],"wp:term":[{"taxonomy":"category","embeddable":true,"href":"https:\/\/www.forum-soegel.de\/information\/wp-json\/wp\/v2\/categories?post=35667"},{"taxonomy":"post_tag","embeddable":true,"href":"https:\/\/www.forum-soegel.de\/information\/wp-json\/wp\/v2\/tags?post=35667"}],"curies":[{"name":"wp","href":"https:\/\/api.w.org\/{rel}","templated":true}]}}