{"id":35465,"date":"2023-10-16T16:59:48","date_gmt":"2023-10-16T14:59:48","guid":{"rendered":"https:\/\/www.forum-soegel.de\/information\/?p=35465"},"modified":"2023-10-16T16:59:48","modified_gmt":"2023-10-16T14:59:48","slug":"schwerbehindertenvertreter-im-huemmling-hospital-soegel","status":"publish","type":"post","link":"https:\/\/www.forum-soegel.de\/information\/2023\/10\/schwerbehindertenvertreter-im-huemmling-hospital-soegel\/","title":{"rendered":"Schwerbehindertenvertreter im H\u00fcmmling Hospital S\u00f6gel"},"content":{"rendered":"\n<p>S\u00f6gel &#8211; Schwerbehindertenvertreter sind Vertrauenspersonen, die sich f\u00fcr eine angemessene Ber\u00fccksichtigung der Belange schwerbehinderter Besch\u00e4ftigter einsetzen. Das Ziel, eine inklusive Arbeitswelt, in der Menschen mit Beeintr\u00e4chtigungen ganz selbstverst\u00e4ndlich gleicherma\u00dfen sichere und gute Arbeitsbedingungen haben.<\/p>\n\n\n\n<p>Die Schwerbehindertenvertretung (SBV) ist die Interessenvertretung der schwerbehinderten und gleichgestellten Besch\u00e4ftigten und wird von den Schwerbehinderten und Gleichgestellten alle vier Jahre gew\u00e4hlt \u2013 so auch im H\u00fcmmling Hospital S\u00f6gel, eine Einrichtung der St. Bonifatius Hospitalgesellschaft. (Die Schwerbehindertenvertretung vertritt die Interessen der Schwerbehinderten, Gleichgestellten und der Besch\u00e4ftigten, die einen Antrag auf Anerkennung gestellt haben oder stellen wollen. Im H\u00fcmmling Hospital S\u00f6gel waren k\u00fcrzlich die Wahlen.)<\/p>\n\n\n\n<p>Die Arbeit der Vertrauensperson in den betrieblichen Gremien, die \u00dcberwachung der Umsetzung rechtlicher Vorgaben und die enge Zusammenarbeit mit der Mitarbeitervertretung des H\u00fcmmling Hospitals sind entscheidende Voraussetzungen f\u00fcr eine erfolgreiche Interessenvertretung.<\/p>\n\n\n\n<p>Karin Knobbe, Hygienefachkraft und Marina \u00dcmken, Gesundheits- und Krankenpflegerin sind nun f\u00fcr vier Jahre die Schwerbehindertenvertreterinnen des H\u00fcmmling Hospitals. Sie stehen den Kollegen*innen mit Behinderung beratend und unterst\u00fctzend zur Seite und nehmen Anregungen und Beschwerden entgegen.<\/p>\n\n\n\n<p>Die Schwerbehindertenvertretung ist eine eigene Institution, deren Grundlage das Schwerbehindertengesetz ist und sie arbeitet eng mit der Mitarbeitervertretung des H\u00fcmmling Hospitals und dem Betrieblichen Eingliederungsmanagement zusammen. Diese Hilfe ist f\u00fcr die Betroffenen kostenlos, wird finanziert durch die Ausgleichsabgabe und soll helfen, behinderungsbedingte Probleme am Arbeitsplatz zu verhindern oder auszur\u00e4umen.<\/p>\n\n\n\n<p>Text: Linda Robbers<\/p>\n\n\n\n<p>Foto: H\u00fcmmling Hospital S\u00f6gel<\/p>\n\n\n\n<figure class=\"wp-block-image size-large\"><a href=\"https:\/\/www.forum-soegel.de\/information\/wp-content\/uploads\/2023\/10\/Schwerbehindertenvertreter-im-Hu\u2560emmling-Hospital-So\u2560egel-scaled.jpg\"><img loading=\"lazy\" decoding=\"async\" width=\"1024\" height=\"768\" src=\"https:\/\/www.forum-soegel.de\/information\/wp-content\/uploads\/2023\/10\/Schwerbehindertenvertreter-im-Hu\u2560emmling-Hospital-So\u2560egel-1024x768.jpg\" alt=\"\" class=\"wp-image-35466\" srcset=\"https:\/\/www.forum-soegel.de\/information\/wp-content\/uploads\/2023\/10\/Schwerbehindertenvertreter-im-Hu\u2560emmling-Hospital-So\u2560egel-1024x768.jpg 1024w, https:\/\/www.forum-soegel.de\/information\/wp-content\/uploads\/2023\/10\/Schwerbehindertenvertreter-im-Hu\u2560emmling-Hospital-So\u2560egel-300x225.jpg 300w, https:\/\/www.forum-soegel.de\/information\/wp-content\/uploads\/2023\/10\/Schwerbehindertenvertreter-im-Hu\u2560emmling-Hospital-So\u2560egel-768x576.jpg 768w, https:\/\/www.forum-soegel.de\/information\/wp-content\/uploads\/2023\/10\/Schwerbehindertenvertreter-im-Hu\u2560emmling-Hospital-So\u2560egel-1536x1152.jpg 1536w, https:\/\/www.forum-soegel.de\/information\/wp-content\/uploads\/2023\/10\/Schwerbehindertenvertreter-im-Hu\u2560emmling-Hospital-So\u2560egel-2048x1536.jpg 2048w\" sizes=\"auto, (max-width: 1024px) 100vw, 1024px\" \/><\/a><figcaption class=\"wp-element-caption\">Marina \u00dcmken, Gesundheits- und Krankenpflegerin, und Karin Knobbe, Hygienefachkraft<\/figcaption><\/figure>\n","protected":false},"excerpt":{"rendered":"S\u00f6gel &#8211; Schwerbehindertenvertreter sind Vertrauenspersonen, die sich f\u00fcr eine angemessene Ber\u00fccksichtigung der Belange schwerbehinderter Besch\u00e4ftigter einsetzen. Das Ziel, eine inklusive Arbeitswelt, in der Menschen mit Beeintr\u00e4chtigungen ganz selbstverst\u00e4ndlich gleicherma\u00dfen sichere und gute Arbeitsbedingungen haben. Die Schwerbehindertenvertretung (SBV) ist die Interessenvertretung der schwerbehinderten und gleichgestellten Besch\u00e4ftigten und wird von den Schwerbehinderten und Gleichgestellten alle vier Jahre [&hellip;]\n","protected":false},"author":2,"featured_media":0,"comment_status":"closed","ping_status":"closed","sticky":false,"template":"","format":"standard","meta":{"ngg_post_thumbnail":0,"footnotes":""},"categories":[25],"tags":[],"class_list":["post-35465","post","type-post","status-publish","format-standard","hentry","category-hauptsache-gesund"],"_links":{"self":[{"href":"https:\/\/www.forum-soegel.de\/information\/wp-json\/wp\/v2\/posts\/35465","targetHints":{"allow":["GET"]}}],"collection":[{"href":"https:\/\/www.forum-soegel.de\/information\/wp-json\/wp\/v2\/posts"}],"about":[{"href":"https:\/\/www.forum-soegel.de\/information\/wp-json\/wp\/v2\/types\/post"}],"author":[{"embeddable":true,"href":"https:\/\/www.forum-soegel.de\/information\/wp-json\/wp\/v2\/users\/2"}],"replies":[{"embeddable":true,"href":"https:\/\/www.forum-soegel.de\/information\/wp-json\/wp\/v2\/comments?post=35465"}],"version-history":[{"count":1,"href":"https:\/\/www.forum-soegel.de\/information\/wp-json\/wp\/v2\/posts\/35465\/revisions"}],"predecessor-version":[{"id":35467,"href":"https:\/\/www.forum-soegel.de\/information\/wp-json\/wp\/v2\/posts\/35465\/revisions\/35467"}],"wp:attachment":[{"href":"https:\/\/www.forum-soegel.de\/information\/wp-json\/wp\/v2\/media?parent=35465"}],"wp:term":[{"taxonomy":"category","embeddable":true,"href":"https:\/\/www.forum-soegel.de\/information\/wp-json\/wp\/v2\/categories?post=35465"},{"taxonomy":"post_tag","embeddable":true,"href":"https:\/\/www.forum-soegel.de\/information\/wp-json\/wp\/v2\/tags?post=35465"}],"curies":[{"name":"wp","href":"https:\/\/api.w.org\/{rel}","templated":true}]}}