{"id":35438,"date":"2023-10-16T16:46:52","date_gmt":"2023-10-16T14:46:52","guid":{"rendered":"https:\/\/www.forum-soegel.de\/information\/?p=35438"},"modified":"2023-10-16T16:46:52","modified_gmt":"2023-10-16T14:46:52","slug":"freiwillige-feuerwehr-werpeloh-wurde-1948-selbstaendig","status":"publish","type":"post","link":"https:\/\/www.forum-soegel.de\/information\/2023\/10\/freiwillige-feuerwehr-werpeloh-wurde-1948-selbstaendig\/","title":{"rendered":"Freiwillige Feuerwehr Werpeloh wurde 1948\u00a0selbst\u00e4ndig"},"content":{"rendered":"\n<p><strong>Mit Spritzenanh\u00e4nger und Gemeindetrecker zum Einsatz \u2013 75-j\u00e4hriges Bestehen<\/strong><\/p>\n\n\n\n<p>Werpeloh \u2013 In der H\u00fcmmlinggemeinde Werpeloh wurde vor 75 Jahren die Freiwillige Feuerwehr gegr\u00fcndet. Bis 1948 geh\u00f6rten die Kameraden als \u201eL\u00f6schtrupp Werpeloh\u201c zur Feuerwehr S\u00f6gel.<\/p>\n\n\n\n<p>In der Chronik \u201eDie Feuerwehr S\u00f6gel und ihre Geschichte\u201c wird beschrieben, dass die Gemeinden S\u00f6gel, Werpeloh, Waldh\u00f6fe, Eisten und H\u00fcven aufgrund der Gesetzgebung des herrschenden NS-Regimes ab 1935 einen Feuerl\u00f6schverband bildeten. Die Kameraden aus Werpeloh geh\u00f6rten als sogenannter L\u00f6schtrupp zur Feuerwehr S\u00f6gel. Ebenfalls sind in der Chronik der Gemeinde Werpeloh Rechnungsunterlagen abgedruckt, die best\u00e4tigen, dass 1906 im Ort bereits eine Handdruckspritze stationiert war.<\/p>\n\n\n\n<p>In Werpeloh gab es nach dem Krieg Bestrebungen, eine eigene Feuerwehr zu gr\u00fcnden. Und schon am 08.06.1948 konnte der Werpeloher B\u00fcrgermeister Funke in der Versammlung des Feuerl\u00f6schverbands mitteilen, dass eine Feuerwehr eingerichtet und auch ausger\u00fcstet werden w\u00fcrde.<\/p>\n\n\n\n<p>Die erste auf einem Anh\u00e4nger gelagerte Tragkraftspritze (TS) wurde mit dem Gemeindetrecker zum Einsatz gefahren. Sie wurde in einer Garage untergebracht, welche an das Gemeindeb\u00fcro angebaut war. Zum ersten Gemeindebrandmeister wurde Wilhelm Horstmann bestellt. Sein Nachfolger war ab 1953 Johann Heckmann, der das Amt bis 1968 aus\u00fcbte. Wilhelm Eilers wurde 1968 zum Gemeindebrandmeister ernannt. Im Jahre 1972 ging es nach Erinnerung der beiden Feuerwehrurgesteine Eilers und R\u00fcthers weiter aufw\u00e4rts. In Werpeloh wurde das neue Gemeindezentrum inklusive einer Fahrzeughalle errichtet und au\u00dferdem auch ein neues Fahrzeug angeschafft. Es handelte sich um ein L\u00f6schgruppenfahrzeug LF 8 auf einem Opel Blitz Fahrgestell. Im Rahmen der Gemeindereform \u00fcbernahm die 1973 neu gegr\u00fcndete Samtgemeinde S\u00f6gel die Tr\u00e4gerschaft der f\u00fcnf Ortswehren S\u00f6gel, B\u00f6rger, Ber\u00dfen, Spahnharrenst\u00e4tte und Werpeloh.<\/p>\n\n\n\n<p>1986 verungl\u00fcckte Wilhelm Eilers t\u00f6dlich. Hans Eilers, der 1969 in die Feuerwehr eingetreten war, \u00fcbernahm die Aufgabe des Ortsbrandmeisters. Sein Vertreter wurde Heinz R\u00fcthers, der seit 1973 zur Wehr geh\u00f6rt. Ein H\u00f6hepunkt in ihrer Amtszeit sei 1993 die gro\u00dfz\u00fcgige Erweiterung der Fahrzeughalle gewesen, betonten Eilers und R\u00fcthers. Es wurde auch ein Gruppenraum in Eigenleistung in das Geb\u00e4ude integriert, und man konnte ein neues Einsatzfahrzeug LF 8\/6 \u00fcbernehmen, das heute nach 30 Jahren noch zur Verf\u00fcgung steht. In dem k\u00fcrzlich von der Samtgemeinde S\u00f6gel erstellten Feuerwehrbedarfsplan ist vorgesehen, dass die Feuerwehr Werpeloh neben einem neuen L\u00f6schgruppenfahrzeug vom Typ LF 10 auch einen Mannschaftstransportwagen (MTW) und vor allen Dingen neue R\u00e4umlichkeiten erhalten soll.<\/p>\n\n\n\n<p>Mit einem gro\u00dfen Fackelzug wurde 2014 Ortsbrandmeister Hans Eilers, der 28 Jahr die Ortsfeuerwehr geleitet hatte, verabschiedet und zum Ehrenbrandmeister ernannt. Eilers und R\u00fcthers blicken zufrieden auf ihre aktive Zeit in der Feuerwehr zur\u00fcck. \u201eWir haben viele, auch gro\u00dfe Eins\u00e4tze erlebt, die auch mit Unterst\u00fctzung der Nachbarwehren erfolgreich abgearbeitet werden konnten\u201c, sagten beide. Aber auch der Aspekt der Geselligkeit und der Kameradschaft innerhalb der Feuerwehr habe f\u00fcr beide einen hohen Stellenwert gehabt. Als Eilers Nachfolger wurde Werner Schmits 2014 die Leitung der Feuerwehr zusammen mit Thomas Eilers als Vertreter \u00fcbertragen. Er war bis 2020 im Amt. Die Wahl von Wilm Eilers zum Ortsbrandmeister und Johannes Schmits als dessen Vertreter sowie eines neuen Ortskommandos sorgten 2020 f\u00fcr eine starke Verj\u00fcngung in der Feuerwehrf\u00fchrung.<\/p>\n\n\n\n<p>Nach Angaben von Wilm Eilers geh\u00f6ren aktuell 32 M\u00e4nner und vier Frauen mit einem Durchschnittsalter von nur 31 Jahren zur Einsatzabteilung der Feuerwehr Werpeloh. Die Altersabteilung besteht aus elf Kameraden.<\/p>\n\n\n\n<p>Text\/Fotos: Lambert Brand<\/p>\n\n\n\n<figure class=\"wp-block-image size-large\"><a href=\"https:\/\/www.forum-soegel.de\/information\/wp-content\/uploads\/2023\/10\/Freiwillige-Feuerwehr-Werpeloh-wurde-1948-selbsta\u2560endig_4-scaled.jpg\"><img loading=\"lazy\" decoding=\"async\" width=\"693\" height=\"1024\" src=\"https:\/\/www.forum-soegel.de\/information\/wp-content\/uploads\/2023\/10\/Freiwillige-Feuerwehr-Werpeloh-wurde-1948-selbsta\u2560endig_4-693x1024.jpg\" alt=\"\" class=\"wp-image-35439\" srcset=\"https:\/\/www.forum-soegel.de\/information\/wp-content\/uploads\/2023\/10\/Freiwillige-Feuerwehr-Werpeloh-wurde-1948-selbsta\u2560endig_4-693x1024.jpg 693w, https:\/\/www.forum-soegel.de\/information\/wp-content\/uploads\/2023\/10\/Freiwillige-Feuerwehr-Werpeloh-wurde-1948-selbsta\u2560endig_4-203x300.jpg 203w, https:\/\/www.forum-soegel.de\/information\/wp-content\/uploads\/2023\/10\/Freiwillige-Feuerwehr-Werpeloh-wurde-1948-selbsta\u2560endig_4-768x1134.jpg 768w, https:\/\/www.forum-soegel.de\/information\/wp-content\/uploads\/2023\/10\/Freiwillige-Feuerwehr-Werpeloh-wurde-1948-selbsta\u2560endig_4-1040x1536.jpg 1040w, https:\/\/www.forum-soegel.de\/information\/wp-content\/uploads\/2023\/10\/Freiwillige-Feuerwehr-Werpeloh-wurde-1948-selbsta\u2560endig_4-1387x2048.jpg 1387w, https:\/\/www.forum-soegel.de\/information\/wp-content\/uploads\/2023\/10\/Freiwillige-Feuerwehr-Werpeloh-wurde-1948-selbsta\u2560endig_4-scaled.jpg 1733w\" sizes=\"auto, (max-width: 693px) 100vw, 693px\" \/><\/a><figcaption class=\"wp-element-caption\">Alte Rechnungen best\u00e4tigen, dass es Anfang des vorigen Jahrhunderts bereits eine Spritze in Werpeloh gab.<\/figcaption><\/figure>\n\n\n\n<figure class=\"wp-block-image size-large\"><a href=\"https:\/\/www.forum-soegel.de\/information\/wp-content\/uploads\/2023\/10\/Freiwillige-Feuerwehr-Werpeloh-wurde-1948-selbsta\u2560endig_3-scaled.jpg\"><img loading=\"lazy\" decoding=\"async\" width=\"1024\" height=\"768\" src=\"https:\/\/www.forum-soegel.de\/information\/wp-content\/uploads\/2023\/10\/Freiwillige-Feuerwehr-Werpeloh-wurde-1948-selbsta\u2560endig_3-1024x768.jpg\" alt=\"\" class=\"wp-image-35440\" srcset=\"https:\/\/www.forum-soegel.de\/information\/wp-content\/uploads\/2023\/10\/Freiwillige-Feuerwehr-Werpeloh-wurde-1948-selbsta\u2560endig_3-1024x768.jpg 1024w, https:\/\/www.forum-soegel.de\/information\/wp-content\/uploads\/2023\/10\/Freiwillige-Feuerwehr-Werpeloh-wurde-1948-selbsta\u2560endig_3-300x225.jpg 300w, https:\/\/www.forum-soegel.de\/information\/wp-content\/uploads\/2023\/10\/Freiwillige-Feuerwehr-Werpeloh-wurde-1948-selbsta\u2560endig_3-768x576.jpg 768w, https:\/\/www.forum-soegel.de\/information\/wp-content\/uploads\/2023\/10\/Freiwillige-Feuerwehr-Werpeloh-wurde-1948-selbsta\u2560endig_3-1536x1152.jpg 1536w, https:\/\/www.forum-soegel.de\/information\/wp-content\/uploads\/2023\/10\/Freiwillige-Feuerwehr-Werpeloh-wurde-1948-selbsta\u2560endig_3-2048x1536.jpg 2048w\" sizes=\"auto, (max-width: 1024px) 100vw, 1024px\" \/><\/a><figcaption class=\"wp-element-caption\">Das 30 Jahre alte L\u00f6schgruppenfahrzeug und das 1993 erbaute Feuerwehrhaus werden laut Feuerwehrbedarfsplan bald der Vergangenheit angeh\u00f6ren und ersetzt.<\/figcaption><\/figure>\n\n\n\n<figure class=\"wp-block-image size-large\"><a href=\"https:\/\/www.forum-soegel.de\/information\/wp-content\/uploads\/2023\/10\/Freiwillige-Feuerwehr-Werpeloh-wurde-1948-selbsta\u2560endig_1-scaled.jpg\"><img loading=\"lazy\" decoding=\"async\" width=\"1024\" height=\"552\" src=\"https:\/\/www.forum-soegel.de\/information\/wp-content\/uploads\/2023\/10\/Freiwillige-Feuerwehr-Werpeloh-wurde-1948-selbsta\u2560endig_1-1024x552.jpg\" alt=\"\" class=\"wp-image-35441\" srcset=\"https:\/\/www.forum-soegel.de\/information\/wp-content\/uploads\/2023\/10\/Freiwillige-Feuerwehr-Werpeloh-wurde-1948-selbsta\u2560endig_1-1024x552.jpg 1024w, https:\/\/www.forum-soegel.de\/information\/wp-content\/uploads\/2023\/10\/Freiwillige-Feuerwehr-Werpeloh-wurde-1948-selbsta\u2560endig_1-300x162.jpg 300w, https:\/\/www.forum-soegel.de\/information\/wp-content\/uploads\/2023\/10\/Freiwillige-Feuerwehr-Werpeloh-wurde-1948-selbsta\u2560endig_1-768x414.jpg 768w, https:\/\/www.forum-soegel.de\/information\/wp-content\/uploads\/2023\/10\/Freiwillige-Feuerwehr-Werpeloh-wurde-1948-selbsta\u2560endig_1-1536x828.jpg 1536w, https:\/\/www.forum-soegel.de\/information\/wp-content\/uploads\/2023\/10\/Freiwillige-Feuerwehr-Werpeloh-wurde-1948-selbsta\u2560endig_1-2048x1104.jpg 2048w\" sizes=\"auto, (max-width: 1024px) 100vw, 1024px\" \/><\/a><figcaption class=\"wp-element-caption\">Die Kameraden der Freiwilligen Feuerwehr Werpeloh blicken auf ihre 75-j\u00e4hrige Feuerwehrgeschichte zur\u00fcck. Die Leitung der Wehr liegt in H\u00e4nden von Wilm Eilers (vorne 2.v.r.) und Johannes Schmits (vorne re.).<\/figcaption><\/figure>\n","protected":false},"excerpt":{"rendered":"Mit Spritzenanh\u00e4nger und Gemeindetrecker zum Einsatz \u2013 75-j\u00e4hriges Bestehen Werpeloh \u2013 In der H\u00fcmmlinggemeinde Werpeloh wurde vor 75 Jahren die Freiwillige Feuerwehr gegr\u00fcndet. Bis 1948 geh\u00f6rten die Kameraden als \u201eL\u00f6schtrupp Werpeloh\u201c zur Feuerwehr S\u00f6gel. In der Chronik \u201eDie Feuerwehr S\u00f6gel und ihre Geschichte\u201c wird beschrieben, dass die Gemeinden S\u00f6gel, Werpeloh, Waldh\u00f6fe, Eisten und H\u00fcven aufgrund [&hellip;]\n","protected":false},"author":2,"featured_media":0,"comment_status":"closed","ping_status":"closed","sticky":false,"template":"","format":"standard","meta":{"ngg_post_thumbnail":0,"footnotes":""},"categories":[5],"tags":[],"class_list":["post-35438","post","type-post","status-publish","format-standard","hentry","category-was-machen-die-vereine"],"_links":{"self":[{"href":"https:\/\/www.forum-soegel.de\/information\/wp-json\/wp\/v2\/posts\/35438","targetHints":{"allow":["GET"]}}],"collection":[{"href":"https:\/\/www.forum-soegel.de\/information\/wp-json\/wp\/v2\/posts"}],"about":[{"href":"https:\/\/www.forum-soegel.de\/information\/wp-json\/wp\/v2\/types\/post"}],"author":[{"embeddable":true,"href":"https:\/\/www.forum-soegel.de\/information\/wp-json\/wp\/v2\/users\/2"}],"replies":[{"embeddable":true,"href":"https:\/\/www.forum-soegel.de\/information\/wp-json\/wp\/v2\/comments?post=35438"}],"version-history":[{"count":1,"href":"https:\/\/www.forum-soegel.de\/information\/wp-json\/wp\/v2\/posts\/35438\/revisions"}],"predecessor-version":[{"id":35442,"href":"https:\/\/www.forum-soegel.de\/information\/wp-json\/wp\/v2\/posts\/35438\/revisions\/35442"}],"wp:attachment":[{"href":"https:\/\/www.forum-soegel.de\/information\/wp-json\/wp\/v2\/media?parent=35438"}],"wp:term":[{"taxonomy":"category","embeddable":true,"href":"https:\/\/www.forum-soegel.de\/information\/wp-json\/wp\/v2\/categories?post=35438"},{"taxonomy":"post_tag","embeddable":true,"href":"https:\/\/www.forum-soegel.de\/information\/wp-json\/wp\/v2\/tags?post=35438"}],"curies":[{"name":"wp","href":"https:\/\/api.w.org\/{rel}","templated":true}]}}