{"id":35306,"date":"2023-09-09T18:01:27","date_gmt":"2023-09-09T16:01:27","guid":{"rendered":"https:\/\/www.forum-soegel.de\/information\/?p=35306"},"modified":"2023-09-09T18:02:36","modified_gmt":"2023-09-09T16:02:36","slug":"siegerehrung-stadtradeln-2023-in-der-samtgemeinde-soegel-waehrend-der-soegeler-kirmes","status":"publish","type":"post","link":"https:\/\/www.forum-soegel.de\/information\/2023\/09\/siegerehrung-stadtradeln-2023-in-der-samtgemeinde-soegel-waehrend-der-soegeler-kirmes\/","title":{"rendered":"Siegerehrung STADTRADELN 2023 in der Samtgemeinde S\u00f6gel w\u00e4hrend der S\u00f6geler Kirmes"},"content":{"rendered":"\n<p>W\u00e4hrend der After-Work-Party bei der S\u00f6geler Kirmes 2023 wurden durch die Samtgemeinde S\u00f6gel und die S\u00f6gel Marketing GmbH das radaktivste Unternehmen und der radaktivste Verein bzw. Verband in der Samtgemeinde beim STADTRADELN im Emsland vom 10.06. \u2013 30.06.2023, ausgezeichnet. Bewertet wurden dabei die geradelten Kilometer pro Teammitglied, um so auch kleineren Unternehmen, Vereinen und Verb\u00e4nden eine faire Siegchance zu erm\u00f6glichen.<\/p>\n\n\n\n<p>Das Unternehmen Bike Park Koopmann legte 232 km pro Teammitglied mit dem Rad zur\u00fcck und siegte damit bei den Unternehmen hauchd\u00fcnn vor der Steuerberatungsgesellschaft Rolfes-Gerdes-Jansen-Pethan und Partner mbB, die 231 km pro Teammitglied in den drei Wochen des STADTRADELN 2023 zur\u00fccklegten.<\/p>\n\n\n\n<p>Bei den Vereinen und Verb\u00e4nden war das Ergebnis deutlicher. Die 13 aktiven Radler des Sigiltra Rad Racing-Teams fuhren pro Kopf starke 535 km und siegten damit vor den Maltesern vom H\u00fcmmling mit 252 zur\u00fcckgelegten Kilometern pro Teammitglied.<\/p>\n\n\n\n<p>Die Oberschule am Schloss S\u00f6gel wurde gesondert ausgezeichnet, da sie mit 264 aktiven Radlern stolze 33.312 km zur\u00fccklegten, und damit ma\u00dfgeblich zum guten Ergebnis der Samtgemeinde S\u00f6gel im Emsland-Ranking beitrugen.<\/p>\n\n\n\n<p>Die Samtgemeinde S\u00f6gel erreichte bei den gefahrenen Kilometern pro Einwohner im Landkreis Emsland Platz 5 unter allen teilnehmenden Kommunen (3,76 geradelte km pro Einwohner vom 10.06. \u2013 30.06.2023).<\/p>\n\n\n\n<p>Text\/Foto: S\u00f6gel Marketing GmbH<\/p>\n\n\n\n<figure class=\"wp-block-image size-large\"><a href=\"https:\/\/www.forum-soegel.de\/information\/wp-content\/uploads\/2023\/09\/Siegerehrung-Stadtradeln-e1694275309421.jpg\"><img loading=\"lazy\" decoding=\"async\" width=\"768\" height=\"1024\" src=\"https:\/\/www.forum-soegel.de\/information\/wp-content\/uploads\/2023\/09\/Siegerehrung-Stadtradeln-e1694275309421-768x1024.jpg\" alt=\"\" class=\"wp-image-35307\" srcset=\"https:\/\/www.forum-soegel.de\/information\/wp-content\/uploads\/2023\/09\/Siegerehrung-Stadtradeln-e1694275309421-768x1024.jpg 768w, https:\/\/www.forum-soegel.de\/information\/wp-content\/uploads\/2023\/09\/Siegerehrung-Stadtradeln-e1694275309421-225x300.jpg 225w, https:\/\/www.forum-soegel.de\/information\/wp-content\/uploads\/2023\/09\/Siegerehrung-Stadtradeln-e1694275309421.jpg 866w\" sizes=\"auto, (max-width: 768px) 100vw, 768px\" \/><\/a><figcaption class=\"wp-element-caption\">Samtgemeindeb\u00fcrgermeister Frank Kla\u00df und Christian L\u00f6gering, Gesch\u00e4ftsf\u00fchrer der S\u00f6gel Marketing GmbH, mit den Gewinnern beim STADTRADELN 2023.<br>\u00a0<\/figcaption><\/figure>\n","protected":false},"excerpt":{"rendered":"W\u00e4hrend der After-Work-Party bei der S\u00f6geler Kirmes 2023 wurden durch die Samtgemeinde S\u00f6gel und die S\u00f6gel Marketing GmbH das radaktivste Unternehmen und der radaktivste Verein bzw. Verband in der Samtgemeinde beim STADTRADELN im Emsland vom 10.06. \u2013 30.06.2023, ausgezeichnet. Bewertet wurden dabei die geradelten Kilometer pro Teammitglied, um so auch kleineren Unternehmen, Vereinen und Verb\u00e4nden [&hellip;]\n","protected":false},"author":2,"featured_media":0,"comment_status":"closed","ping_status":"closed","sticky":false,"template":"","format":"standard","meta":{"ngg_post_thumbnail":0,"footnotes":""},"categories":[3],"tags":[],"class_list":["post-35306","post","type-post","status-publish","format-standard","hentry","category-aktuelles-aus-der-region"],"_links":{"self":[{"href":"https:\/\/www.forum-soegel.de\/information\/wp-json\/wp\/v2\/posts\/35306","targetHints":{"allow":["GET"]}}],"collection":[{"href":"https:\/\/www.forum-soegel.de\/information\/wp-json\/wp\/v2\/posts"}],"about":[{"href":"https:\/\/www.forum-soegel.de\/information\/wp-json\/wp\/v2\/types\/post"}],"author":[{"embeddable":true,"href":"https:\/\/www.forum-soegel.de\/information\/wp-json\/wp\/v2\/users\/2"}],"replies":[{"embeddable":true,"href":"https:\/\/www.forum-soegel.de\/information\/wp-json\/wp\/v2\/comments?post=35306"}],"version-history":[{"count":2,"href":"https:\/\/www.forum-soegel.de\/information\/wp-json\/wp\/v2\/posts\/35306\/revisions"}],"predecessor-version":[{"id":35309,"href":"https:\/\/www.forum-soegel.de\/information\/wp-json\/wp\/v2\/posts\/35306\/revisions\/35309"}],"wp:attachment":[{"href":"https:\/\/www.forum-soegel.de\/information\/wp-json\/wp\/v2\/media?parent=35306"}],"wp:term":[{"taxonomy":"category","embeddable":true,"href":"https:\/\/www.forum-soegel.de\/information\/wp-json\/wp\/v2\/categories?post=35306"},{"taxonomy":"post_tag","embeddable":true,"href":"https:\/\/www.forum-soegel.de\/information\/wp-json\/wp\/v2\/tags?post=35306"}],"curies":[{"name":"wp","href":"https:\/\/api.w.org\/{rel}","templated":true}]}}